{"id":9654,"date":"2020-10-29T13:31:19","date_gmt":"2020-10-29T12:31:19","guid":{"rendered":"https:\/\/www.portes-de-thierache.fr\/?p=9654"},"modified":"2023-03-09T15:28:10","modified_gmt":"2023-03-09T14:28:10","slug":"habitat","status":"publish","type":"post","link":"https:\/\/www.portes-de-thierache.fr\/index.php\/2020\/10\/29\/habitat\/","title":{"rendered":"Habitat"},"content":{"rendered":"<p><a href=\"https:\/\/www.portes-de-thierache.fr\/wp-content\/uploads\/2022\/08\/sans-titre-21-scaled.jpg\"><img loading=\"lazy\" decoding=\"async\" src=\"https:\/\/www.portes-de-thierache.fr\/wp-content\/uploads\/2022\/08\/sans-titre-21-300x199.jpg\" alt=\"\" width=\"300\" height=\"199\" class=\"aligncenter size-medium wp-image-12553\" srcset=\"https:\/\/www.portes-de-thierache.fr\/wp-content\/uploads\/2022\/08\/sans-titre-21-300x199.jpg 300w, https:\/\/www.portes-de-thierache.fr\/wp-content\/uploads\/2022\/08\/sans-titre-21-1024x681.jpg 1024w, https:\/\/www.portes-de-thierache.fr\/wp-content\/uploads\/2022\/08\/sans-titre-21-768x511.jpg 768w, https:\/\/www.portes-de-thierache.fr\/wp-content\/uploads\/2022\/08\/sans-titre-21-1536x1021.jpg 1536w, https:\/\/www.portes-de-thierache.fr\/wp-content\/uploads\/2022\/08\/sans-titre-21-2048x1362.jpg 2048w, https:\/\/www.portes-de-thierache.fr\/wp-content\/uploads\/2022\/08\/sans-titre-21-360x240.jpg 360w\" sizes=\"auto, (max-width: 300px) 100vw, 300px\" \/><\/a><\/p>\n<p>&nbsp;<\/p>\n<p style=\"text-align: justify;\"><strong>Comment pouvoir b\u00e9n\u00e9ficier de subventions pour les travaux d\u2019am\u00e9lioration de son habitat&nbsp;?<\/strong><\/p>\n<p style=\"text-align: justify;\">Dans le cadre de son Programme d\u2019Int\u00e9r\u00eat G\u00e9n\u00e9ral (PIG), le P\u00f4le d\u2019Equilibre Territorial et Rural de Thi\u00e9rache (PETR), soutenu par l\u2019\u00c9tat, l\u2019Agence Nationale de l\u2019Habitat, le Conseil r\u00e9gional des Hauts-de-France, le Conseil d\u00e9partemental de l\u2019Aisne, et les 5 Communaut\u00e9s de communes adh\u00e9rentes au PETR, accompagne les habitants du territoire dans leurs projets habitat.<\/p>\n<p style=\"text-align: justify;\">Ce programme vise \u00e0 am\u00e9liorer durablement le cadre de vie de la population thi\u00e9rachienne tout en pr\u00e9servant le patrimoine b\u00e2ti exceptionnel de la r\u00e9gion, et ce dans le cadre d\u2019une dynamique volontariste, sociale, \u00e9cologique et innovante.<\/p>\n<p><strong>Quels sont les principaux travaux concern\u00e9s ?<\/strong><\/p>\n<p style=\"text-align: justify;\"><a href=\"https:\/\/www.economie.gouv.fr\/particuliers\/aides-renovation-energetique\">Les aides et subventions publiques<\/a> visent \u00e0 am\u00e9liorer la performance \u00e9nerg\u00e9tique des logements qui ont \u00e9t\u00e9 construits avant la mise en place de normes de construction strictes en termes de consommation d\u2019\u00e9nergie.<\/p>\n<p style=\"text-align: justify;\">Ainsi, les travaux de r\u00e9novation \u00e9nerg\u00e9tique qui sont concern\u00e9s sont ceux qui ont le plus grand impact sur la consommation du logement : le changement de mode de chauffage, le <a href=\"https:\/\/climate.selectra.com\/fr\/renovation-energetique\/chaudiere\">remplacement de la chaudi\u00e8re<\/a> par un mod\u00e8le plus \u00e9conome et moins polluant, le remplacement des radiateurs, du ballon d\u2019eau chaude, la r\u00e9fection de l\u2019isolation thermique, ou encore la r\u00e9novation du syst\u00e8me de VMC.<\/p>\n<p style=\"text-align: justify;\"><strong>Habitants de la CCPT, vous \u00eates concern\u00e9s&nbsp;!<\/strong><\/p>\n<p style=\"text-align: justify;\">L\u2019objectif du PIG est de soutenir les projets de r\u00e9novation des habitants du territoire, et ce dans le respect du b\u00e2ti traditionnel et en utilisant des techniques et mat\u00e9riaux \u00e0 la fois \u00e9cologiques et innovants.<\/p>\n<p style=\"text-align: justify;\"><strong>Ce Programme r\u00e9pond \u00e0 5 objectifs phares&nbsp;:<\/strong><\/p>\n<ul style=\"text-align: justify;\">\n<li>Lutter contre l\u2019habitat tr\u00e8s d\u00e9grad\u00e9 et indigne<\/li>\n<li>Le traitement pour la s\u00e9curit\u00e9 et la salubrit\u00e9 de l\u2019habitat<\/li>\n<li>L\u2019adaptation des logements pour l\u2019autonomie de la personne<\/li>\n<li>Lutter contre la pr\u00e9carit\u00e9 \u00e9nerg\u00e9tique<\/li>\n<li>Le traitement des logements locatifs indignes et moyennement d\u00e9grad\u00e9s<\/li>\n<\/ul>\n<p style=\"text-align: justify;\"><strong>Le Programme d\u2019Int\u00e9r\u00eat G\u00e9n\u00e9ral du Pays de Thi\u00e9rache, un dispositif propos\u00e9 par l\u2019Etat mis en place par le Pays et les Communaut\u00e9s de communes pour : <\/strong><\/p>\n<p style=\"text-align: justify;\">&#8211; Am\u00e9liorer la qualit\u00e9 du parc de logements priv\u00e9s en finan\u00e7ant les travaux ;<\/p>\n<p style=\"text-align: justify;\">&#8211; Assurer la qualit\u00e9 des projets subventionn\u00e9s ;<\/p>\n<p style=\"text-align: justify;\">&#8211; Accompagner les propri\u00e9taires dans leurs d\u00e9marches et les orienter afin de constituer un dossier de subvention ;<\/p>\n<p style=\"text-align: justify;\">&nbsp;&#8211; Suivre et animer l\u2019op\u00e9ration sur le Pays de Thi\u00e9rache.<\/p>\n<p style=\"text-align: justify;\">&nbsp;<strong>Conditions G\u00e9n\u00e9rales des Propri\u00e9taires Occupants&nbsp;:<\/strong><\/p>\n<p style=\"text-align: justify;\">&#8211; Le logement doit \u00eatre achev\u00e9 depuis au moins 15 ans ;<\/p>\n<p style=\"text-align: justify;\">&#8211; Le programme n\u2019est pas cumulable avec le Pr\u00eat \u00e0 Taux Z\u00e9ro \u00e0 l\u2019acquisition souscrit il y a moins de 5 ans ;<\/p>\n<p style=\"text-align: justify;\">&#8211; Le montant des travaux doit \u00eatre d\u2019un montant minimum de 1 500 \u20ac HT sauf pour les m\u00e9nages \u00ab tr\u00e8s modestes \u00bb ;<\/p>\n<p style=\"text-align: justify;\">&#8211; Les travaux ne doivent pas \u00eatre commenc\u00e9s avant le d\u00e9p\u00f4t de la demande de subvention et la r\u00e9ception du r\u00e9c\u00e9piss\u00e9 de d\u00e9p\u00f4t du dossier ;<\/p>\n<p style=\"text-align: justify;\">&#8211; Les travaux doivent \u00eatre r\u00e9alis\u00e9s exclusivement par des professionnels en fourniture et en pose ;<\/p>\n<p style=\"text-align: justify;\">&#8211; Des crit\u00e8res \u00e0 respecter selon les diff\u00e9rents volets d\u2019actions (25% de gain d\u2019\u00e9nergie, grille d\u2019insalubrit\u00e9, grille de d\u00e9gradation, rapport d\u2019autonomie) ;<\/p>\n<p style=\"text-align: justify;\">&#8211; Les propri\u00e9taires occupants sont soumis \u00e0 des plafonds de ressources.<\/p>\n<p style=\"text-align: center;\"><strong><em>I<\/em><em>nformations et renseignements pouvoir b\u00e9n\u00e9ficier de subventions pour vos travaux d\u2019am\u00e9lioration de l\u2019habitat :<\/em><\/strong><\/p>\n<p style=\"text-align: center;\"><em><strong>Renseignements :<\/strong><\/em><br \/>\n<em><strong>PETR du Pays de Thi\u00e9rache &#8211; 7, avenue du Pr\u00e9au \u2013 <\/strong><\/em><br \/>\n<em><strong>02140 Vervins <\/strong><\/em><br \/>\n<em><strong>Contacts : Lo\u00efc Degueldre au 03 23 98 59 53 ou <\/strong><\/em><br \/>\n<em><strong>Emmanuelle Ch\u00e2telain au 03 23 98 19 17. <\/strong><\/em><\/p>\n<p>&nbsp;<\/p>\n","protected":false},"excerpt":{"rendered":"<p>&nbsp; Comment pouvoir b\u00e9n\u00e9ficier de subventions pour les travaux d\u2019am\u00e9lioration de son habitat&nbsp;? Dans le cadre de son Programme d\u2019Int\u00e9r\u00eat G\u00e9n\u00e9ral (PIG), le P\u00f4le d\u2019Equilibre Territorial et Rural de Thi\u00e9rache (PETR), soutenu par l\u2019\u00c9tat, l\u2019Agence Nationale de l\u2019Habitat, le Conseil r\u00e9gional des Hauts-de-France, le Conseil d\u00e9partemental de l\u2019Aisne, et les<a class=\"moretag\" href=\"https:\/\/www.portes-de-thierache.fr\/index.php\/2020\/10\/29\/habitat\/\"> Lire la suite<\/a><\/p>\n","protected":false},"author":3,"featured_media":0,"comment_status":"closed","ping_status":"open","sticky":false,"template":"","format":"standard","meta":{"ngg_post_thumbnail":0,"footnotes":""},"categories":[69],"tags":[],"class_list":["post-9654","post","type-post","status-publish","format-standard","hentry","category-developpement-du-territoire"],"_links":{"self":[{"href":"https:\/\/www.portes-de-thierache.fr\/index.php\/wp-json\/wp\/v2\/posts\/9654","targetHints":{"allow":["GET"]}}],"collection":[{"href":"https:\/\/www.portes-de-thierache.fr\/index.php\/wp-json\/wp\/v2\/posts"}],"about":[{"href":"https:\/\/www.portes-de-thierache.fr\/index.php\/wp-json\/wp\/v2\/types\/post"}],"author":[{"embeddable":true,"href":"https:\/\/www.portes-de-thierache.fr\/index.php\/wp-json\/wp\/v2\/users\/3"}],"replies":[{"embeddable":true,"href":"https:\/\/www.portes-de-thierache.fr\/index.php\/wp-json\/wp\/v2\/comments?post=9654"}],"version-history":[{"count":0,"href":"https:\/\/www.portes-de-thierache.fr\/index.php\/wp-json\/wp\/v2\/posts\/9654\/revisions"}],"wp:attachment":[{"href":"https:\/\/www.portes-de-thierache.fr\/index.php\/wp-json\/wp\/v2\/media?parent=9654"}],"wp:term":[{"taxonomy":"category","embeddable":true,"href":"https:\/\/www.portes-de-thierache.fr\/index.php\/wp-json\/wp\/v2\/categories?post=9654"},{"taxonomy":"post_tag","embeddable":true,"href":"https:\/\/www.portes-de-thierache.fr\/index.php\/wp-json\/wp\/v2\/tags?post=9654"}],"curies":[{"name":"wp","href":"https:\/\/api.w.org\/{rel}","templated":true}]}}