{"id":7349,"date":"2020-06-05T15:39:57","date_gmt":"2020-06-05T13:39:57","guid":{"rendered":"https:\/\/www.portes-de-thierache.fr\/?p=7349"},"modified":"2020-06-05T15:40:51","modified_gmt":"2020-06-05T13:40:51","slug":"covid-19-la-ccpt-soutient-les-entreprises-du-territoire","status":"publish","type":"post","link":"https:\/\/www.portes-de-thierache.fr\/index.php\/2020\/06\/05\/covid-19-la-ccpt-soutient-les-entreprises-du-territoire\/","title":{"rendered":"Covid-19 : la CCPT soutient les entreprises du territoire&#8230; en chiffres !"},"content":{"rendered":"<p><a href=\"https:\/\/www.portes-de-thierache.fr\/wp-content\/uploads\/2020\/06\/grd-hotel.jpg\"><img loading=\"lazy\" decoding=\"async\" src=\"https:\/\/www.portes-de-thierache.fr\/wp-content\/uploads\/2020\/06\/grd-hotel-277x300.jpg\" alt=\"\" width=\"277\" height=\"300\" class=\"aligncenter size-medium wp-image-7350\" srcset=\"https:\/\/www.portes-de-thierache.fr\/wp-content\/uploads\/2020\/06\/grd-hotel-277x300.jpg 277w, https:\/\/www.portes-de-thierache.fr\/wp-content\/uploads\/2020\/06\/grd-hotel-768x832.jpg 768w, https:\/\/www.portes-de-thierache.fr\/wp-content\/uploads\/2020\/06\/grd-hotel.jpg 817w\" sizes=\"auto, (max-width: 277px) 100vw, 277px\" \/><\/a><\/p>\n<p>Depuis la mi-mai, la Communaut\u00e9 de Communes des Portes de la Thi\u00e9rache a mis en place une aide financi\u00e8re directe exceptionnelle pour les entreprises du territoire, entreprises qui ont \u00e9t\u00e9 fortement impact\u00e9es par la crise sanitaire du Covid-19.<\/p>\n<p style=\"text-align: justify;\">\u00c0 ce jour, la CCPT a re\u00e7u d\u00e9j\u00e0 43 dossiers d\u2019entreprises de secteur vari\u00e9, comme la coiffure, la ma\u00e7onnerie, la restauration, la r\u00e9paration auto, etc.<\/p>\n<p>Un peu plus de 31 000\u20ac ont d\u00e9j\u00e0 \u00e9t\u00e9 vers\u00e9s aux entreprises pour 32 dossiers complets et trait\u00e9s, leur permettant de reprendre un peu leur souffle dans ces moments difficiles.<\/p>\n<p>Cette aide exceptionnelle voulue par les \u00e9lus est \u00e0 demander aupr\u00e8s des services de la CCPT, pour les entreprises qui ont pu b\u00e9n\u00e9ficier du fonds de solidarit\u00e9 de l\u2019\u00c9tat pour le mois d\u2019avril.<\/p>\n<p>Pour plus de renseignements, n\u2019h\u00e9sitez pas \u00e0 contacter Mme Liliana MUSIEDLAK \u00e0 la CCPT (03.23.98.04.54).<\/p>\n<p>Cette aide est \u00e0 demander avant le 31 juillet, le r\u00e8glement \u00e9tant disponible sur notre site internet&nbsp;: <a href=\"https:\/\/www.portes-de-thierache.fr\/index.php\/2020\/05\/13\/crise-du-covid-19-la-ccpt-a-lecoute-et-vient-en-aide-financierement-aux-entreprises\/\">https:\/\/www.portes-de-thierache.fr\/index.php\/2020\/05\/13\/crise-du-covid-19-la-ccpt-a-lecoute-et-vient-en-aide-financierement-aux-entreprises\/<\/a><\/p>\n","protected":false},"excerpt":{"rendered":"<p>Depuis la mi-mai, la Communaut\u00e9 de Communes des Portes de la Thi\u00e9rache a mis en place une aide financi\u00e8re directe exceptionnelle pour les entreprises du territoire, entreprises qui ont \u00e9t\u00e9 fortement impact\u00e9es par la crise sanitaire du Covid-19. \u00c0 ce jour, la CCPT a re\u00e7u d\u00e9j\u00e0 43 dossiers d\u2019entreprises de<a class=\"moretag\" href=\"https:\/\/www.portes-de-thierache.fr\/index.php\/2020\/06\/05\/covid-19-la-ccpt-soutient-les-entreprises-du-territoire\/\"> Lire la suite<\/a><\/p>\n","protected":false},"author":4,"featured_media":7350,"comment_status":"closed","ping_status":"open","sticky":false,"template":"","format":"standard","meta":{"ngg_post_thumbnail":0,"footnotes":""},"categories":[29,69,30],"tags":[],"class_list":["post-7349","post","type-post","status-publish","format-standard","has-post-thumbnail","hentry","category-actualites","category-developpement-du-territoire","category-territoire"],"_links":{"self":[{"href":"https:\/\/www.portes-de-thierache.fr\/index.php\/wp-json\/wp\/v2\/posts\/7349","targetHints":{"allow":["GET"]}}],"collection":[{"href":"https:\/\/www.portes-de-thierache.fr\/index.php\/wp-json\/wp\/v2\/posts"}],"about":[{"href":"https:\/\/www.portes-de-thierache.fr\/index.php\/wp-json\/wp\/v2\/types\/post"}],"author":[{"embeddable":true,"href":"https:\/\/www.portes-de-thierache.fr\/index.php\/wp-json\/wp\/v2\/users\/4"}],"replies":[{"embeddable":true,"href":"https:\/\/www.portes-de-thierache.fr\/index.php\/wp-json\/wp\/v2\/comments?post=7349"}],"version-history":[{"count":0,"href":"https:\/\/www.portes-de-thierache.fr\/index.php\/wp-json\/wp\/v2\/posts\/7349\/revisions"}],"wp:featuredmedia":[{"embeddable":true,"href":"https:\/\/www.portes-de-thierache.fr\/index.php\/wp-json\/wp\/v2\/media\/7350"}],"wp:attachment":[{"href":"https:\/\/www.portes-de-thierache.fr\/index.php\/wp-json\/wp\/v2\/media?parent=7349"}],"wp:term":[{"taxonomy":"category","embeddable":true,"href":"https:\/\/www.portes-de-thierache.fr\/index.php\/wp-json\/wp\/v2\/categories?post=7349"},{"taxonomy":"post_tag","embeddable":true,"href":"https:\/\/www.portes-de-thierache.fr\/index.php\/wp-json\/wp\/v2\/tags?post=7349"}],"curies":[{"name":"wp","href":"https:\/\/api.w.org\/{rel}","templated":true}]}}