{"id":6898,"date":"2020-05-08T09:44:14","date_gmt":"2020-05-08T07:44:14","guid":{"rendered":"https:\/\/www.portes-de-thierache.fr\/?p=6898"},"modified":"2020-05-08T09:44:14","modified_gmt":"2020-05-08T07:44:14","slug":"des-masques-pour-tous","status":"publish","type":"post","link":"https:\/\/www.portes-de-thierache.fr\/index.php\/2020\/05\/08\/des-masques-pour-tous\/","title":{"rendered":"Des masques pour tous !"},"content":{"rendered":"<div data-testid=\"post_message\" class=\"_5pbx userContent _3576\" data-ft=\"{&quot;tn&quot;:&quot;K&quot;}\" id=\"js_1uk\">\n<p><a href=\"https:\/\/www.portes-de-thierache.fr\/wp-content\/uploads\/2020\/05\/2020-04-29_Port-du-masque-covid.png\"><img loading=\"lazy\" decoding=\"async\" src=\"https:\/\/www.portes-de-thierache.fr\/wp-content\/uploads\/2020\/05\/2020-04-29_Port-du-masque-covid-300x158.png\" alt=\"\" width=\"300\" height=\"158\" class=\"aligncenter size-medium wp-image-6899\" srcset=\"https:\/\/www.portes-de-thierache.fr\/wp-content\/uploads\/2020\/05\/2020-04-29_Port-du-masque-covid-300x158.png 300w, https:\/\/www.portes-de-thierache.fr\/wp-content\/uploads\/2020\/05\/2020-04-29_Port-du-masque-covid-1024x538.png 1024w, https:\/\/www.portes-de-thierache.fr\/wp-content\/uploads\/2020\/05\/2020-04-29_Port-du-masque-covid-768x403.png 768w, https:\/\/www.portes-de-thierache.fr\/wp-content\/uploads\/2020\/05\/2020-04-29_Port-du-masque-covid-1536x806.png 1536w, https:\/\/www.portes-de-thierache.fr\/wp-content\/uploads\/2020\/05\/2020-04-29_Port-du-masque-covid-2048x1075.png 2048w\" sizes=\"auto, (max-width: 300px) 100vw, 300px\" \/><\/a><\/p>\n<div id=\"id_5eb50d50dddea9c44664464\" class=\"text_exposed_root text_exposed\">\n<p style=\"text-align: justify;\">\u00c0 l\u2019initiative du Conseil r\u00e9gional des Hauts-de-France, les premiers masques alternatifs gratuits seront distribu\u00e9s par les communes \u00e0 partir du 11 mai, \u00e0 chaque personne demeurant sur le territoire de la Communaut\u00e9 de communes des Portes de la Thi\u00e9rache.<\/p>\n<p style=\"text-align: justify;\">D\u2019autres masques alternatifs financ\u00e9s par la Communaut\u00e9 de communes et \u00e9ventuellement par votre commune seront livr\u00e9s ult\u00e9rieurement. Les commandes sont actuellement en cours, mais \u00e0 ce jour, les d\u00e9la<span class=\"text_exposed_show\">is de livraison sont fluctuants et ne peuvent \u00eatre ma\u00eetris\u00e9s \u00e0 notre niveau.<\/span><\/p>\n<div class=\"text_exposed_show\">\n<p style=\"text-align: justify;\">Il convient n\u00e9anmoins de saluer cette mobilisation salutaire et la d\u00e9marche solidaire effectu\u00e9es en symbiose entre tous les acteurs de la vie locale.<\/p>\n<p style=\"text-align: justify;\">Pour le personnel communal et intercommunal :<\/p>\n<p style=\"text-align: justify;\">La Communaut\u00e9 de communes, en lien avec l\u2019Union des Maires, a fourni aujourd\u2019hui plus de 2000 masques chirurgicaux aux communes pour leur personnel communal et les syndicats scolaires. Denr\u00e9es rares et achet\u00e9es gr\u00e2ce \u00e0 un groupement de commandes mis en place par l\u2019Union des maires, tr\u00e8s compliqu\u00e9 en ces temps de crise sanitaire.<\/p>\n<\/div>\n<\/div>\n<\/div>\n<div class=\"_3x-2\" data-ft=\"{&quot;tn&quot;:&quot;H&quot;}\">\n<div data-ft=\"{&quot;tn&quot;:&quot;H&quot;}\">\n<div class=\"mtm\">\n<div>\n<div class=\"_5cq3 _1ktf\" data-ft=\"{&quot;tn&quot;:&quot;E&quot;}\"><\/div>\n<\/div>\n<\/div>\n<\/div>\n<\/div>\n","protected":false},"excerpt":{"rendered":"<p>\u00c0 l\u2019initiative du Conseil r\u00e9gional des Hauts-de-France, les premiers masques alternatifs gratuits seront distribu\u00e9s par les communes \u00e0 partir du 11 mai, \u00e0 chaque personne demeurant sur le territoire de la Communaut\u00e9 de communes des Portes de la Thi\u00e9rache. D\u2019autres masques alternatifs financ\u00e9s par la Communaut\u00e9 de communes et \u00e9ventuellement<a class=\"moretag\" href=\"https:\/\/www.portes-de-thierache.fr\/index.php\/2020\/05\/08\/des-masques-pour-tous\/\"> Lire la suite<\/a><\/p>\n","protected":false},"author":4,"featured_media":6899,"comment_status":"closed","ping_status":"open","sticky":false,"template":"","format":"standard","meta":{"ngg_post_thumbnail":0,"footnotes":""},"categories":[29],"tags":[],"class_list":["post-6898","post","type-post","status-publish","format-standard","has-post-thumbnail","hentry","category-actualites"],"_links":{"self":[{"href":"https:\/\/www.portes-de-thierache.fr\/index.php\/wp-json\/wp\/v2\/posts\/6898","targetHints":{"allow":["GET"]}}],"collection":[{"href":"https:\/\/www.portes-de-thierache.fr\/index.php\/wp-json\/wp\/v2\/posts"}],"about":[{"href":"https:\/\/www.portes-de-thierache.fr\/index.php\/wp-json\/wp\/v2\/types\/post"}],"author":[{"embeddable":true,"href":"https:\/\/www.portes-de-thierache.fr\/index.php\/wp-json\/wp\/v2\/users\/4"}],"replies":[{"embeddable":true,"href":"https:\/\/www.portes-de-thierache.fr\/index.php\/wp-json\/wp\/v2\/comments?post=6898"}],"version-history":[{"count":0,"href":"https:\/\/www.portes-de-thierache.fr\/index.php\/wp-json\/wp\/v2\/posts\/6898\/revisions"}],"wp:featuredmedia":[{"embeddable":true,"href":"https:\/\/www.portes-de-thierache.fr\/index.php\/wp-json\/wp\/v2\/media\/6899"}],"wp:attachment":[{"href":"https:\/\/www.portes-de-thierache.fr\/index.php\/wp-json\/wp\/v2\/media?parent=6898"}],"wp:term":[{"taxonomy":"category","embeddable":true,"href":"https:\/\/www.portes-de-thierache.fr\/index.php\/wp-json\/wp\/v2\/categories?post=6898"},{"taxonomy":"post_tag","embeddable":true,"href":"https:\/\/www.portes-de-thierache.fr\/index.php\/wp-json\/wp\/v2\/tags?post=6898"}],"curies":[{"name":"wp","href":"https:\/\/api.w.org\/{rel}","templated":true}]}}