{"id":6593,"date":"2020-04-22T09:43:01","date_gmt":"2020-04-22T07:43:01","guid":{"rendered":"https:\/\/www.portes-de-thierache.fr\/?p=6593"},"modified":"2020-04-22T09:43:01","modified_gmt":"2020-04-22T07:43:01","slug":"des-masques-de-protection-pour-les-commerces","status":"publish","type":"post","link":"https:\/\/www.portes-de-thierache.fr\/index.php\/2020\/04\/22\/des-masques-de-protection-pour-les-commerces\/","title":{"rendered":"Des masques de protection pour les commerces !"},"content":{"rendered":"<p>&nbsp;<\/p>\n<p><a href=\"https:\/\/www.portes-de-thierache.fr\/wp-content\/uploads\/2020\/04\/94138313_2686135018161921_9147021476975607808_o.jpg\"><img loading=\"lazy\" decoding=\"async\" src=\"https:\/\/www.portes-de-thierache.fr\/wp-content\/uploads\/2020\/04\/94138313_2686135018161921_9147021476975607808_o-300x144.jpg\" alt=\"\" width=\"300\" height=\"144\" class=\"aligncenter size-medium wp-image-6594\" srcset=\"https:\/\/www.portes-de-thierache.fr\/wp-content\/uploads\/2020\/04\/94138313_2686135018161921_9147021476975607808_o-300x144.jpg 300w, https:\/\/www.portes-de-thierache.fr\/wp-content\/uploads\/2020\/04\/94138313_2686135018161921_9147021476975607808_o-768x368.jpg 768w, https:\/\/www.portes-de-thierache.fr\/wp-content\/uploads\/2020\/04\/94138313_2686135018161921_9147021476975607808_o-1024x491.jpg 1024w, https:\/\/www.portes-de-thierache.fr\/wp-content\/uploads\/2020\/04\/94138313_2686135018161921_9147021476975607808_o.jpg 1200w\" sizes=\"auto, (max-width: 300px) 100vw, 300px\" \/><\/a><\/p>\n<p>[<span>&nbsp;<\/span><span class=\"_5mfr\"><span class=\"_6qdm\">\ud83d\ude37<\/span><\/span><span>&nbsp;<\/span>RETRAIT DE MASQUES<span>&nbsp;<\/span><span class=\"_5mfr\"><span class=\"_6qdm\">\ud83d\ude37<\/span><\/span><span>&nbsp;<\/span>]<\/p>\n<p>Le<span>&nbsp;<\/span><a class=\"profileLink\" href=\"https:\/\/www.facebook.com\/departement.aisne02\/?__tn__=KH-R&amp;eid=ARAAmaoS9VOoOJFBh0Aoyko0uyWQbqrVTiLvLhLAfe1IpUw80S2LScU5Zx-SbdMXLfRdwvDjmUq-Oexm&amp;fref=mentions&amp;__xts__%5B0%5D=68.ARAoJbBC7b88ORWpMdasPWlTtxFNtsL0-80G21FUsOBV4ltsx-QH8teWXhl2RUTVSAtxgP74iyI_SWeiC0nwu69KlXOw9VU1M1iaEOh8-3sbK3g71mbH6Za2HRO0SO9QuVzp0v0QuPdFryQprYp9oEQrlHoTvKh0Vhb6HOYIHd_FLZfG-ZoYNMa1Gz3Q1PZxSksi2iRxExDLeit6XC0ajSXW3jB1u35Ss2NG84wum_1QEzSD4-bM4RcWqmFh2mnpDXz4QYKifmjLZO7wj-HjVzWgctE7EokxZzv0QXKy9cWdo_3ziWuS8Gm4EMrZcPlxVUcHFPjXwQgqbmbl71vUW0Q6cmf2Ta5TaQN8n2FBZnHP6Xj06029NUVAlYSfwwcFnwUtE6DBNmHWHJ3aXHIF5lSTyWjecd_3HkbUa72lNssQQyZcyoeUCRHL8TTc7KWqg6-KXS293vafN08FAcnqcROM3nFm1XpYznwSEptvN2dW13cqrAwKfVlc\" data-hovercard=\"\/ajax\/hovercard\/page.php?id=1585254971791498&amp;extragetparams=%7B%22__tn__%22%3A%22%2CdKH-R-R%22%2C%22eid%22%3A%22ARAAmaoS9VOoOJFBh0Aoyko0uyWQbqrVTiLvLhLAfe1IpUw80S2LScU5Zx-SbdMXLfRdwvDjmUq-Oexm%22%2C%22fref%22%3A%22mentions%22%7D\" data-hovercard-prefer-more-content-show=\"1\">Conseil d\u00e9partemental de l&rsquo;Aisne<\/a>, aux c\u00f4t\u00e9s de l\u2019Union des Maires de l\u2019Aisne, de la<span>&nbsp;<\/span><a class=\"profileLink\" href=\"https:\/\/www.facebook.com\/cma.hautsdefrance\/?__tn__=KH-R&amp;eid=ARDwfj0h7QFuwvlr7FEdPX22WdqGzRz1eS_yPAvPVRunuzN-dQ-YItFmn_mjsICAgfq0vYjyThIMXLKN&amp;fref=mentions&amp;__xts__%5B0%5D=68.ARAoJbBC7b88ORWpMdasPWlTtxFNtsL0-80G21FUsOBV4ltsx-QH8teWXhl2RUTVSAtxgP74iyI_SWeiC0nwu69KlXOw9VU1M1iaEOh8-3sbK3g71mbH6Za2HRO0SO9QuVzp0v0QuPdFryQprYp9oEQrlHoTvKh0Vhb6HOYIHd_FLZfG-ZoYNMa1Gz3Q1PZxSksi2iRxExDLeit6XC0ajSXW3jB1u35Ss2NG84wum_1QEzSD4-bM4RcWqmFh2mnpDXz4QYKifmjLZO7wj-HjVzWgctE7EokxZzv0QXKy9cWdo_3ziWuS8Gm4EMrZcPlxVUcHFPjXwQgqbmbl71vUW0Q6cmf2Ta5TaQN8n2FBZnHP6Xj06029NUVAlYSfwwcFnwUtE6DBNmHWHJ3aXHIF5lSTyWjecd_3HkbUa72lNssQQyZcyoeUCRHL8TTc7KWqg6-KXS293vafN08FAcnqcROM3nFm1XpYznwSEptvN2dW13cqrAwKfVlc\" data-hovercard=\"\/ajax\/hovercard\/page.php?id=1793178414247897&amp;extragetparams=%7B%22__tn__%22%3A%22%2CdKH-R-R%22%2C%22eid%22%3A%22ARDwfj0h7QFuwvlr7FEdPX22WdqGzRz1eS_yPAvPVRunuzN-dQ-YItFmn_mjsICAgfq0vYjyThIMXLKN%22%2C%22fref%22%3A%22mentions%22%7D\" data-hovercard-prefer-more-content-show=\"1\">CMA Hauts-de-France<\/a><span>&nbsp;<\/span>ainsi que de la<span>&nbsp;<\/span><a class=\"profileLink\" href=\"https:\/\/www.facebook.com\/CCIAisne\/?__tn__=KH-R&amp;eid=ARDMOrfEjLSCHdw3EqxdDkr7lG7lknwEq0yoFrcBokSEz4DT2O8ree-vOXiWBR8quaFUsARKbLxD1Mgq&amp;fref=mentions&amp;__xts__%5B0%5D=68.ARAoJbBC7b88ORWpMdasPWlTtxFNtsL0-80G21FUsOBV4ltsx-QH8teWXhl2RUTVSAtxgP74iyI_SWeiC0nwu69KlXOw9VU1M1iaEOh8-3sbK3g71mbH6Za2HRO0SO9QuVzp0v0QuPdFryQprYp9oEQrlHoTvKh0Vhb6HOYIHd_FLZfG-ZoYNMa1Gz3Q1PZxSksi2iRxExDLeit6XC0ajSXW3jB1u35Ss2NG84wum_1QEzSD4-bM4RcWqmFh2mnpDXz4QYKifmjLZO7wj-HjVzWgctE7EokxZzv0QXKy9cWdo_3ziWuS8Gm4EMrZcPlxVUcHFPjXwQgqbmbl71vUW0Q6cmf2Ta5TaQN8n2FBZnHP6Xj06029NUVAlYSfwwcFnwUtE6DBNmHWHJ3aXHIF5lSTyWjecd_3HkbUa72lNssQQyZcyoeUCRHL8TTc7KWqg6-KXS293vafN08FAcnqcROM3nFm1XpYznwSEptvN2dW13cqrAwKfVlc\" data-hovercard=\"\/ajax\/hovercard\/page.php?id=1398297853830338&amp;extragetparams=%7B%22__tn__%22%3A%22%2CdKH-R-R%22%2C%22eid%22%3A%22ARDMOrfEjLSCHdw3EqxdDkr7lG7lknwEq0yoFrcBokSEz4DT2O8ree-vOXiWBR8quaFUsARKbLxD1Mgq%22%2C%22fref%22%3A%22mentions%22%7D\" data-hovercard-prefer-more-content-show=\"1\">CCI Aisne<\/a>,<span class=\"text_exposed_show\"><span>&nbsp;<\/span>a d\u00e9cid\u00e9 d\u2019activer un dispositif pour approvisionner les commerces de proximit\u00e9 du d\u00e9partement<span>&nbsp;<\/span><span class=\"_5mfr\"><span class=\"_6qdm\">\ud83d\udcaa<\/span><\/span><\/span><\/p>\n<div class=\"text_exposed_show\">\n<p><span class=\"_5mfr\"><span class=\"_6qdm\">\ud83d\udccd<\/span><\/span>Les points de retrait<span>&nbsp;<\/span><span class=\"_5mfr\"><span class=\"_6qdm\">\ud83d\udc49<\/span><\/span><span>&nbsp;<\/span><a href=\"https:\/\/aisne.com\/actualites\/distribution-de-masques-aux-services-de-proximite?fbclid=IwAR1Zh7dUWxQrfTbdkgiazjb0YPCAYaS0L6a3g6qU0guI-zvkmn56jqAtbBc\" target=\"_blank\" data-ft=\"{&quot;tn&quot;:&quot;-U&quot;}\" rel=\"noopener nofollow noreferrer\" data-lynx-mode=\"async\" data-lynx-uri=\"https:\/\/l.facebook.com\/l.php?u=https%3A%2F%2Faisne.com%2Factualites%2Fdistribution-de-masques-aux-services-de-proximite%3Ffbclid%3DIwAR1Zh7dUWxQrfTbdkgiazjb0YPCAYaS0L6a3g6qU0guI-zvkmn56jqAtbBc&amp;h=AT2-z0tbn6IOCDby80qJJW7CA5z-6mrGwEzxeG4NZJYdwLmA3KkhK87on0WIU7VFLEXdt44PnJr2W2ABg53VzXeajtBUYMO_hbRNtJP1Ih7uYCFTYLn41JgXOD1G3mZMzm_juBBXpy7FvbXpZr1X7_k-EcX7sEWYPdNVCVyCBssMARCJcze0R-h-QW6pS95fATDCysWSpWUjJC7waVGDUdjv3rKJJge-NcY62YECTy9oBA2kzlQmNtUQd6BrWyh_97OFrEijYqN053yJVqBFg2UNoY2WAmhlxK77z9TNPjG-dkpCOUMie-7cYyYw0UKqTOuZjqmzEPRmlN2idCBQSwzo1mWgs2t5HkeHGfChwxhM7jxJM6D66hr5hmGSB0RLlh6B4RTFpik3NqSYGqM0H13vgRPJU6Q6aukUGe1Y8vamOFK4BipepD8Y_cd32sf0wYzrCz3k-NjZrOnDgPvW19fu56MFPkYip7ZBrSjRnLHuHXTOuvhy0lyqA9ExX1Nlat6p7Pgjmc52TTy7urvjifw8om7AbO-8_7FHT-Iibnf1WD1pxz7YOPFGWHDendCPITxVp0wePMPyhvQ4W_iB9CMsndmIRAy3TbLGLYzi2EPt58LV4oI2EL_I2wOvOe0gxgfiuus2J4QM9SRjCRu1aePlX1w5RtxvlYxLKUV1-URJite3WXWtOsbCNhltsVP1uPnTsa4VxIccqBdXSCTKZ5pi8d2pfLCHAAFV0UASqBEi0u3-fcVDZIrdzk0pCERaf10UCVx4BvzfBpzxiEytvk5EUoZpic6J5Bt8lrbAJupVSskyPLUbbzKD9eOXeinQgpeJoaojUXmRu7_ZAF1A2UfD\">https:\/\/aisne.com\/\u2026\/distribution-de-masques-aux-services-de\u2026<\/a><\/p>\n<p><a class=\"profileLink\" href=\"https:\/\/www.facebook.com\/CCThieracheCentre\/?__tn__=KH-R&amp;eid=ARBWzIwwDm1pHCP5DMFrS6WTfeop290FnRr3KV9JYHb-VT1HYtOhAjXjF4u-oxnoQwytIM72qP6ySsb2&amp;fref=mentions&amp;__xts__%5B0%5D=68.ARAoJbBC7b88ORWpMdasPWlTtxFNtsL0-80G21FUsOBV4ltsx-QH8teWXhl2RUTVSAtxgP74iyI_SWeiC0nwu69KlXOw9VU1M1iaEOh8-3sbK3g71mbH6Za2HRO0SO9QuVzp0v0QuPdFryQprYp9oEQrlHoTvKh0Vhb6HOYIHd_FLZfG-ZoYNMa1Gz3Q1PZxSksi2iRxExDLeit6XC0ajSXW3jB1u35Ss2NG84wum_1QEzSD4-bM4RcWqmFh2mnpDXz4QYKifmjLZO7wj-HjVzWgctE7EokxZzv0QXKy9cWdo_3ziWuS8Gm4EMrZcPlxVUcHFPjXwQgqbmbl71vUW0Q6cmf2Ta5TaQN8n2FBZnHP6Xj06029NUVAlYSfwwcFnwUtE6DBNmHWHJ3aXHIF5lSTyWjecd_3HkbUa72lNssQQyZcyoeUCRHL8TTc7KWqg6-KXS293vafN08FAcnqcROM3nFm1XpYznwSEptvN2dW13cqrAwKfVlc\" data-hovercard=\"\/ajax\/hovercard\/page.php?id=253697962039460&amp;extragetparams=%7B%22__tn__%22%3A%22%2CdKH-R-R%22%2C%22eid%22%3A%22ARBWzIwwDm1pHCP5DMFrS6WTfeop290FnRr3KV9JYHb-VT1HYtOhAjXjF4u-oxnoQwytIM72qP6ySsb2%22%2C%22fref%22%3A%22mentions%22%7D\" data-hovercard-prefer-more-content-show=\"1\">Communaut\u00e9 de Communes de la Thi\u00e9rache du Centre<\/a>,<span>&nbsp;<\/span><a class=\"profileLink\" href=\"https:\/\/www.facebook.com\/portesdethierache\/?__tn__=KH-R&amp;eid=ARD-qXrs3xZfVyR1AES4zv_8xgcRzB7Bl7DBn_afy0FIBXmO4ScoJOiE3Ryuv-HGBYhEieUYlG5pyqAp&amp;fref=mentions&amp;__xts__%5B0%5D=68.ARAoJbBC7b88ORWpMdasPWlTtxFNtsL0-80G21FUsOBV4ltsx-QH8teWXhl2RUTVSAtxgP74iyI_SWeiC0nwu69KlXOw9VU1M1iaEOh8-3sbK3g71mbH6Za2HRO0SO9QuVzp0v0QuPdFryQprYp9oEQrlHoTvKh0Vhb6HOYIHd_FLZfG-ZoYNMa1Gz3Q1PZxSksi2iRxExDLeit6XC0ajSXW3jB1u35Ss2NG84wum_1QEzSD4-bM4RcWqmFh2mnpDXz4QYKifmjLZO7wj-HjVzWgctE7EokxZzv0QXKy9cWdo_3ziWuS8Gm4EMrZcPlxVUcHFPjXwQgqbmbl71vUW0Q6cmf2Ta5TaQN8n2FBZnHP6Xj06029NUVAlYSfwwcFnwUtE6DBNmHWHJ3aXHIF5lSTyWjecd_3HkbUa72lNssQQyZcyoeUCRHL8TTc7KWqg6-KXS293vafN08FAcnqcROM3nFm1XpYznwSEptvN2dW13cqrAwKfVlc\" data-hovercard=\"\/ajax\/hovercard\/page.php?id=761112527348689&amp;extragetparams=%7B%22__tn__%22%3A%22%2CdKH-R-R%22%2C%22eid%22%3A%22ARD-qXrs3xZfVyR1AES4zv_8xgcRzB7Bl7DBn_afy0FIBXmO4ScoJOiE3Ryuv-HGBYhEieUYlG5pyqAp%22%2C%22fref%22%3A%22mentions%22%7D\" data-hovercard-prefer-more-content-show=\"1\">Communaut\u00e9 de communes des Portes de la Thi\u00e9rache<\/a>,<span>&nbsp;<\/span><a class=\"profileLink\" href=\"https:\/\/www.facebook.com\/Communaut%C3%A9-de-Communes-Thi%C3%A9rache-Sambre-Oise-557387788084131\/?__tn__=KH-R&amp;eid=ARAEpKDtPP9f1Om0atbZsn-MA0o0Q1epG1_gOzFOpv3FdKlNJNK4EipboVk8uwRXYS1V2DsN2sjXJXF9&amp;fref=mentions&amp;__xts__%5B0%5D=68.ARAoJbBC7b88ORWpMdasPWlTtxFNtsL0-80G21FUsOBV4ltsx-QH8teWXhl2RUTVSAtxgP74iyI_SWeiC0nwu69KlXOw9VU1M1iaEOh8-3sbK3g71mbH6Za2HRO0SO9QuVzp0v0QuPdFryQprYp9oEQrlHoTvKh0Vhb6HOYIHd_FLZfG-ZoYNMa1Gz3Q1PZxSksi2iRxExDLeit6XC0ajSXW3jB1u35Ss2NG84wum_1QEzSD4-bM4RcWqmFh2mnpDXz4QYKifmjLZO7wj-HjVzWgctE7EokxZzv0QXKy9cWdo_3ziWuS8Gm4EMrZcPlxVUcHFPjXwQgqbmbl71vUW0Q6cmf2Ta5TaQN8n2FBZnHP6Xj06029NUVAlYSfwwcFnwUtE6DBNmHWHJ3aXHIF5lSTyWjecd_3HkbUa72lNssQQyZcyoeUCRHL8TTc7KWqg6-KXS293vafN08FAcnqcROM3nFm1XpYznwSEptvN2dW13cqrAwKfVlc\" data-hovercard=\"\/ajax\/hovercard\/page.php?id=557387788084131&amp;extragetparams=%7B%22__tn__%22%3A%22%2CdKH-R-R%22%2C%22eid%22%3A%22ARAEpKDtPP9f1Om0atbZsn-MA0o0Q1epG1_gOzFOpv3FdKlNJNK4EipboVk8uwRXYS1V2DsN2sjXJXF9%22%2C%22fref%22%3A%22mentions%22%7D\" data-hovercard-prefer-more-content-show=\"1\">Communaut\u00e9 de Communes Thi\u00e9rache Sambre &amp; Oise<\/a>,<span>&nbsp;<\/span><a class=\"profileLink\" href=\"https:\/\/www.facebook.com\/paysdelaserre\/?__tn__=KH-R&amp;eid=ARDwNhNIM-gDW29MvS3J1I4n24ra1zQ-IYWG_5_mD5oDjdV0sFTDFBf8Bcxwq4b8KwTmq8qshHS-Z7Yp&amp;fref=mentions&amp;__xts__%5B0%5D=68.ARAoJbBC7b88ORWpMdasPWlTtxFNtsL0-80G21FUsOBV4ltsx-QH8teWXhl2RUTVSAtxgP74iyI_SWeiC0nwu69KlXOw9VU1M1iaEOh8-3sbK3g71mbH6Za2HRO0SO9QuVzp0v0QuPdFryQprYp9oEQrlHoTvKh0Vhb6HOYIHd_FLZfG-ZoYNMa1Gz3Q1PZxSksi2iRxExDLeit6XC0ajSXW3jB1u35Ss2NG84wum_1QEzSD4-bM4RcWqmFh2mnpDXz4QYKifmjLZO7wj-HjVzWgctE7EokxZzv0QXKy9cWdo_3ziWuS8Gm4EMrZcPlxVUcHFPjXwQgqbmbl71vUW0Q6cmf2Ta5TaQN8n2FBZnHP6Xj06029NUVAlYSfwwcFnwUtE6DBNmHWHJ3aXHIF5lSTyWjecd_3HkbUa72lNssQQyZcyoeUCRHL8TTc7KWqg6-KXS293vafN08FAcnqcROM3nFm1XpYznwSEptvN2dW13cqrAwKfVlc\" data-hovercard=\"\/ajax\/hovercard\/page.php?id=1475073589488582&amp;extragetparams=%7B%22__tn__%22%3A%22%2CdKH-R-R%22%2C%22eid%22%3A%22ARDwNhNIM-gDW29MvS3J1I4n24ra1zQ-IYWG_5_mD5oDjdV0sFTDFBf8Bcxwq4b8KwTmq8qshHS-Z7Yp%22%2C%22fref%22%3A%22mentions%22%7D\" data-hovercard-prefer-more-content-show=\"1\">Communaut\u00e9 de communes du Pays de la Serre<\/a>, @Communaut\u00e9 de communes Pays des 3 Rivi\u00e8res<\/p>\n<\/div>\n","protected":false},"excerpt":{"rendered":"<p>&nbsp; [&nbsp;\ud83d\ude37&nbsp;RETRAIT DE MASQUES&nbsp;\ud83d\ude37&nbsp;] Le&nbsp;Conseil d\u00e9partemental de l&rsquo;Aisne, aux c\u00f4t\u00e9s de l\u2019Union des Maires de l\u2019Aisne, de la&nbsp;CMA Hauts-de-France&nbsp;ainsi que de la&nbsp;CCI Aisne,&nbsp;a d\u00e9cid\u00e9 d\u2019activer un dispositif pour approvisionner les commerces de proximit\u00e9 du d\u00e9partement&nbsp;\ud83d\udcaa \ud83d\udccdLes points de retrait&nbsp;\ud83d\udc49&nbsp;https:\/\/aisne.com\/\u2026\/distribution-de-masques-aux-services-de\u2026 Communaut\u00e9 de Communes de la Thi\u00e9rache du Centre,&nbsp;Communaut\u00e9 de communes des<a class=\"moretag\" href=\"https:\/\/www.portes-de-thierache.fr\/index.php\/2020\/04\/22\/des-masques-de-protection-pour-les-commerces\/\"> Lire la suite<\/a><\/p>\n","protected":false},"author":4,"featured_media":6594,"comment_status":"closed","ping_status":"open","sticky":false,"template":"","format":"standard","meta":{"ngg_post_thumbnail":0,"footnotes":""},"categories":[29],"tags":[],"class_list":["post-6593","post","type-post","status-publish","format-standard","has-post-thumbnail","hentry","category-actualites"],"_links":{"self":[{"href":"https:\/\/www.portes-de-thierache.fr\/index.php\/wp-json\/wp\/v2\/posts\/6593","targetHints":{"allow":["GET"]}}],"collection":[{"href":"https:\/\/www.portes-de-thierache.fr\/index.php\/wp-json\/wp\/v2\/posts"}],"about":[{"href":"https:\/\/www.portes-de-thierache.fr\/index.php\/wp-json\/wp\/v2\/types\/post"}],"author":[{"embeddable":true,"href":"https:\/\/www.portes-de-thierache.fr\/index.php\/wp-json\/wp\/v2\/users\/4"}],"replies":[{"embeddable":true,"href":"https:\/\/www.portes-de-thierache.fr\/index.php\/wp-json\/wp\/v2\/comments?post=6593"}],"version-history":[{"count":0,"href":"https:\/\/www.portes-de-thierache.fr\/index.php\/wp-json\/wp\/v2\/posts\/6593\/revisions"}],"wp:featuredmedia":[{"embeddable":true,"href":"https:\/\/www.portes-de-thierache.fr\/index.php\/wp-json\/wp\/v2\/media\/6594"}],"wp:attachment":[{"href":"https:\/\/www.portes-de-thierache.fr\/index.php\/wp-json\/wp\/v2\/media?parent=6593"}],"wp:term":[{"taxonomy":"category","embeddable":true,"href":"https:\/\/www.portes-de-thierache.fr\/index.php\/wp-json\/wp\/v2\/categories?post=6593"},{"taxonomy":"post_tag","embeddable":true,"href":"https:\/\/www.portes-de-thierache.fr\/index.php\/wp-json\/wp\/v2\/tags?post=6593"}],"curies":[{"name":"wp","href":"https:\/\/api.w.org\/{rel}","templated":true}]}}