{"id":5542,"date":"2020-02-04T11:01:32","date_gmt":"2020-02-04T10:01:32","guid":{"rendered":"https:\/\/www.portes-de-thierache.fr\/?p=5542"},"modified":"2023-09-14T14:37:03","modified_gmt":"2023-09-14T12:37:03","slug":"le-spi-cest-parti-sur-des-chapeaux-de-roue","status":"publish","type":"post","link":"https:\/\/www.portes-de-thierache.fr\/index.php\/2020\/02\/04\/le-spi-cest-parti-sur-des-chapeaux-de-roue\/","title":{"rendered":"[ARCHIVE] Le SPI\u2026 c\u2019est parti sur des chapeaux de roue !"},"content":{"rendered":"<p><a href=\"https:\/\/www.portes-de-thierache.fr\/wp-content\/uploads\/2020\/02\/SPI-18122019-2.jpg\"><img loading=\"lazy\" decoding=\"async\" src=\"https:\/\/www.portes-de-thierache.fr\/wp-content\/uploads\/2020\/02\/SPI-18122019-2-300x199.jpg\" alt=\"\" width=\"300\" height=\"199\" class=\"aligncenter size-medium wp-image-5543\" srcset=\"https:\/\/www.portes-de-thierache.fr\/wp-content\/uploads\/2020\/02\/SPI-18122019-2-300x199.jpg 300w, https:\/\/www.portes-de-thierache.fr\/wp-content\/uploads\/2020\/02\/SPI-18122019-2-768x511.jpg 768w, https:\/\/www.portes-de-thierache.fr\/wp-content\/uploads\/2020\/02\/SPI-18122019-2-1024x681.jpg 1024w, https:\/\/www.portes-de-thierache.fr\/wp-content\/uploads\/2020\/02\/SPI-18122019-2-360x240.jpg 360w\" sizes=\"auto, (max-width: 300px) 100vw, 300px\" \/><\/a><a href=\"https:\/\/www.portes-de-thierache.fr\/wp-content\/uploads\/2020\/02\/SPI-18122019-7.jpg\"><\/a><\/p>\n<p><span style=\"text-align: justify;\">C\u2019est en ce lundi 3 f\u00e9vrier, que le Service Public Itin\u00e9rant (SPI) a fait ses premiers tours de roue pour sillonner la campagne.<\/span><\/p>\n<div class=\"\" data-block=\"true\" data-editor=\"egfs1\" data-offset-key=\"cu5rv-0-0\" style=\"text-align: justify;\">\n<div data-offset-key=\"cu5rv-0-0\" class=\"_1mf _1mj\"><span data-offset-key=\"cu5rv-0-0\">Au programme : le matin, le camping-car sp\u00e9cialement \u00e9quip\u00e9 stationnait sur la place de la commune des Autels et l\u2019apr\u00e8s-midi, c\u2019est un arr\u00eat prolong\u00e9 devant la mairie de Parfondeval qui \u00e9tait programm\u00e9.<\/span><\/div>\n<\/div>\n<div class=\"\" data-block=\"true\" data-editor=\"egfs1\" data-offset-key=\"9756t-0-0\" style=\"text-align: justify;\">\n<div data-offset-key=\"9756t-0-0\" class=\"_1mf _1mj\"><span data-offset-key=\"9756t-0-0\">&nbsp;<\/span><\/div>\n<\/div>\n<div class=\"\" data-block=\"true\" data-editor=\"egfs1\" data-offset-key=\"4kdhm-0-0\" style=\"text-align: justify;\">\n<div data-offset-key=\"4kdhm-0-0\" class=\"_1mf _1mj\"><span data-offset-key=\"4kdhm-0-0\">Une premi\u00e8re journ\u00e9e d\u00e9j\u00e0 couronn\u00e9e de succ\u00e8s, pas vraiment le temps de se roder pour les deux animatrices, Pauline Liebens et M\u00e9gan Keyser que les demandes de renseignements diverses et vari\u00e9es affluent de partout. <\/span><\/div>\n<\/div>\n<div class=\"\" data-block=\"true\" data-editor=\"egfs1\" data-offset-key=\"94pqc-0-0\" style=\"text-align: justify;\">\n<div data-offset-key=\"94pqc-0-0\" class=\"_1mf _1mj\"><span data-offset-key=\"94pqc-0-0\">&nbsp;<\/span><\/div>\n<\/div>\n<div class=\"\" data-block=\"true\" data-editor=\"egfs1\" data-offset-key=\"a4t3-0-0\" style=\"text-align: justify;\">\n<div data-offset-key=\"a4t3-0-0\" class=\"_1mf _1mj\"><span data-offset-key=\"a4t3-0-0\">Infos concernant le montage d\u2019un dossier de retraite, demande d\u2019un extrait de casier judiciaire, cr\u00e9ation d\u2019une boite mail ou encore renouvellement du permis poids-lourd pour Franck, demeurant au Thuel, mais pour qui la d\u00e9marche \u00e9tait urgente, d\u2019o\u00f9 son d\u00e9placement \u00e0 Parfondeval.<\/span><\/div>\n<\/div>\n<div class=\"\" data-block=\"true\" data-editor=\"egfs1\" data-offset-key=\"4pseb-0-0\" style=\"text-align: justify;\">\n<div data-offset-key=\"4pseb-0-0\" class=\"_1mf _1mj\"><span data-offset-key=\"4pseb-0-0\">&nbsp;<\/span><\/div>\n<\/div>\n<div class=\"\" data-block=\"true\" data-editor=\"egfs1\" data-offset-key=\"62n6k-0-0\" style=\"text-align: justify;\">\n<div data-offset-key=\"62n6k-0-0\" class=\"_1mf _1mj\"><span data-offset-key=\"62n6k-0-0\">Un accueil chaleureux, un service et une aide pr\u00e9cieuse pour ce quinquag\u00e9naire, qui salue l\u2019initiative permettant de d\u00e9senclaver notre territoire rural, souvent abandonn\u00e9 par bon nombre d\u2019administrations.<\/span><\/div>\n<\/div>\n<div class=\"\" data-block=\"true\" data-editor=\"egfs1\" data-offset-key=\"2f71e-0-0\" style=\"text-align: justify;\">\n<div data-offset-key=\"2f71e-0-0\" class=\"_1mf _1mj\"><span data-offset-key=\"2f71e-0-0\">&nbsp;<\/span><\/div>\n<\/div>\n<div class=\"\" data-block=\"true\" data-editor=\"egfs1\" data-offset-key=\"64ht8-0-0\">\n<div data-offset-key=\"64ht8-0-0\" class=\"_1mf _1mj\" style=\"text-align: justify;\"><span data-offset-key=\"64ht8-0-0\">Vous trouverez ci-apr\u00e8s outre les photos, le planning des permanences (SANS RENDEZ-VOUS) dans les diff\u00e9rentes communes du territoire.<\/span><\/div>\n<\/div>\n<div data-offset-key=\"64ht8-0-0\"><a href=\"https:\/\/www.portes-de-thierache.fr\/wp-content\/uploads\/2020\/02\/SPI-18122019-4.jpg\"><img loading=\"lazy\" decoding=\"async\" src=\"https:\/\/www.portes-de-thierache.fr\/wp-content\/uploads\/2020\/02\/SPI-18122019-4-300x199.jpg\" alt=\"\" width=\"300\" height=\"199\" class=\"aligncenter size-medium wp-image-5544\" srcset=\"https:\/\/www.portes-de-thierache.fr\/wp-content\/uploads\/2020\/02\/SPI-18122019-4-300x199.jpg 300w, https:\/\/www.portes-de-thierache.fr\/wp-content\/uploads\/2020\/02\/SPI-18122019-4-768x511.jpg 768w, https:\/\/www.portes-de-thierache.fr\/wp-content\/uploads\/2020\/02\/SPI-18122019-4-1024x681.jpg 1024w, https:\/\/www.portes-de-thierache.fr\/wp-content\/uploads\/2020\/02\/SPI-18122019-4-360x240.jpg 360w\" sizes=\"auto, (max-width: 300px) 100vw, 300px\" \/><\/a><\/div>\n<div data-offset-key=\"64ht8-0-0\"><\/div>\n<div data-offset-key=\"64ht8-0-0\"><a href=\"https:\/\/www.portes-de-thierache.fr\/wp-content\/uploads\/2020\/02\/SPI-18122019-7.jpg\"><img loading=\"lazy\" decoding=\"async\" src=\"https:\/\/www.portes-de-thierache.fr\/wp-content\/uploads\/2020\/02\/SPI-18122019-7-300x199.jpg\" alt=\"\" width=\"300\" height=\"199\" class=\"aligncenter size-medium wp-image-5545\" srcset=\"https:\/\/www.portes-de-thierache.fr\/wp-content\/uploads\/2020\/02\/SPI-18122019-7-300x199.jpg 300w, https:\/\/www.portes-de-thierache.fr\/wp-content\/uploads\/2020\/02\/SPI-18122019-7-768x511.jpg 768w, https:\/\/www.portes-de-thierache.fr\/wp-content\/uploads\/2020\/02\/SPI-18122019-7-1024x681.jpg 1024w, https:\/\/www.portes-de-thierache.fr\/wp-content\/uploads\/2020\/02\/SPI-18122019-7-360x240.jpg 360w\" sizes=\"auto, (max-width: 300px) 100vw, 300px\" \/><\/a><\/div>\n<div data-offset-key=\"64ht8-0-0\"><a href=\"https:\/\/www.portes-de-thierache.fr\/wp-content\/uploads\/2020\/01\/SPI-TROIS-VOLETS2.jpg\"><img loading=\"lazy\" decoding=\"async\" src=\"https:\/\/www.portes-de-thierache.fr\/wp-content\/uploads\/2020\/01\/SPI-TROIS-VOLETS2-300x212.jpg\" alt=\"\" width=\"300\" height=\"212\" class=\"aligncenter size-medium wp-image-5259\" srcset=\"https:\/\/www.portes-de-thierache.fr\/wp-content\/uploads\/2020\/01\/SPI-TROIS-VOLETS2-300x212.jpg 300w, https:\/\/www.portes-de-thierache.fr\/wp-content\/uploads\/2020\/01\/SPI-TROIS-VOLETS2-768x543.jpg 768w, https:\/\/www.portes-de-thierache.fr\/wp-content\/uploads\/2020\/01\/SPI-TROIS-VOLETS2-1024x724.jpg 1024w\" sizes=\"auto, (max-width: 300px) 100vw, 300px\" \/><\/a><\/div>\n<div data-offset-key=\"64ht8-0-0\"><\/div>\n<div data-offset-key=\"64ht8-0-0\"><a href=\"https:\/\/www.portes-de-thierache.fr\/wp-content\/uploads\/2020\/01\/SPI-TROIS-VOLETS-1.jpg\"><img loading=\"lazy\" decoding=\"async\" src=\"https:\/\/www.portes-de-thierache.fr\/wp-content\/uploads\/2020\/01\/SPI-TROIS-VOLETS-1-300x212.jpg\" alt=\"\" width=\"300\" height=\"212\" class=\"aligncenter size-medium wp-image-5321\" srcset=\"https:\/\/www.portes-de-thierache.fr\/wp-content\/uploads\/2020\/01\/SPI-TROIS-VOLETS-1-300x212.jpg 300w, https:\/\/www.portes-de-thierache.fr\/wp-content\/uploads\/2020\/01\/SPI-TROIS-VOLETS-1-768x543.jpg 768w, https:\/\/www.portes-de-thierache.fr\/wp-content\/uploads\/2020\/01\/SPI-TROIS-VOLETS-1-1024x724.jpg 1024w\" sizes=\"auto, (max-width: 300px) 100vw, 300px\" \/><\/a><\/div>\n","protected":false},"excerpt":{"rendered":"<p>C\u2019est en ce lundi 3 f\u00e9vrier, que le Service Public Itin\u00e9rant (SPI) a fait ses premiers tours de roue pour sillonner la campagne. Au programme : le matin, le camping-car sp\u00e9cialement \u00e9quip\u00e9 stationnait sur la place de la commune des Autels et l\u2019apr\u00e8s-midi, c\u2019est un arr\u00eat prolong\u00e9 devant la mairie<a class=\"moretag\" href=\"https:\/\/www.portes-de-thierache.fr\/index.php\/2020\/02\/04\/le-spi-cest-parti-sur-des-chapeaux-de-roue\/\"> Lire la suite<\/a><\/p>\n","protected":false},"author":4,"featured_media":5543,"comment_status":"closed","ping_status":"open","sticky":false,"template":"","format":"standard","meta":{"ngg_post_thumbnail":0,"footnotes":""},"categories":[29,38,72,30],"tags":[],"class_list":["post-5542","post","type-post","status-publish","format-standard","has-post-thumbnail","hentry","category-actualites","category-communes","category-services-et-loisirs","category-territoire"],"_links":{"self":[{"href":"https:\/\/www.portes-de-thierache.fr\/index.php\/wp-json\/wp\/v2\/posts\/5542","targetHints":{"allow":["GET"]}}],"collection":[{"href":"https:\/\/www.portes-de-thierache.fr\/index.php\/wp-json\/wp\/v2\/posts"}],"about":[{"href":"https:\/\/www.portes-de-thierache.fr\/index.php\/wp-json\/wp\/v2\/types\/post"}],"author":[{"embeddable":true,"href":"https:\/\/www.portes-de-thierache.fr\/index.php\/wp-json\/wp\/v2\/users\/4"}],"replies":[{"embeddable":true,"href":"https:\/\/www.portes-de-thierache.fr\/index.php\/wp-json\/wp\/v2\/comments?post=5542"}],"version-history":[{"count":0,"href":"https:\/\/www.portes-de-thierache.fr\/index.php\/wp-json\/wp\/v2\/posts\/5542\/revisions"}],"wp:featuredmedia":[{"embeddable":true,"href":"https:\/\/www.portes-de-thierache.fr\/index.php\/wp-json\/wp\/v2\/media\/5543"}],"wp:attachment":[{"href":"https:\/\/www.portes-de-thierache.fr\/index.php\/wp-json\/wp\/v2\/media?parent=5542"}],"wp:term":[{"taxonomy":"category","embeddable":true,"href":"https:\/\/www.portes-de-thierache.fr\/index.php\/wp-json\/wp\/v2\/categories?post=5542"},{"taxonomy":"post_tag","embeddable":true,"href":"https:\/\/www.portes-de-thierache.fr\/index.php\/wp-json\/wp\/v2\/tags?post=5542"}],"curies":[{"name":"wp","href":"https:\/\/api.w.org\/{rel}","templated":true}]}}