{"id":4565,"date":"2019-11-13T09:12:43","date_gmt":"2019-11-13T08:12:43","guid":{"rendered":"https:\/\/www.portes-de-thierache.fr\/?p=4565"},"modified":"2019-11-13T09:12:43","modified_gmt":"2019-11-13T08:12:43","slug":"plantez-des-arbres-fruitiers","status":"publish","type":"post","link":"https:\/\/www.portes-de-thierache.fr\/index.php\/2019\/11\/13\/plantez-des-arbres-fruitiers\/","title":{"rendered":"Plantez des arbres fruitiers !"},"content":{"rendered":"<p><a href=\"https:\/\/www.portes-de-thierache.fr\/wp-content\/uploads\/2019\/11\/7784208e7e980ed8.jpg\"><img loading=\"lazy\" decoding=\"async\" src=\"https:\/\/www.portes-de-thierache.fr\/wp-content\/uploads\/2019\/11\/7784208e7e980ed8-300x192.jpg\" alt=\"\" width=\"300\" height=\"192\" class=\"aligncenter size-medium wp-image-4566\" srcset=\"https:\/\/www.portes-de-thierache.fr\/wp-content\/uploads\/2019\/11\/7784208e7e980ed8-300x192.jpg 300w, https:\/\/www.portes-de-thierache.fr\/wp-content\/uploads\/2019\/11\/7784208e7e980ed8.jpg 700w\" sizes=\"auto, (max-width: 300px) 100vw, 300px\" \/><\/a><\/p>\n<p>&nbsp;<\/p>\n<p>Vous souhaitez planter des arbres fruitiers d&rsquo;esp\u00e8ces locales et\/ou anciennes ?<\/p>\n<p>L&rsquo;association \u00ab\u00a0Les fanes de carottes\u00a0\u00bb entend redonner une place de choix \u00e0 l\u2019arbre notamment l\u2019arbre fruitier. Il permet de limiter l\u2019\u00e9rosion et de pr\u00e9server la qualit\u00e9 des sols et des eaux. Il favorise la biodiversit\u00e9 et a une fonction paysag\u00e8re ind\u00e9niable tant en ville qu\u2019\u00e0 la campagne.<span class=\"text_exposed_show\"><br \/>\nDe plus, il aura un r\u00f4le important quant \u00e0 l\u2019adaptation de notre territoire au changement climatique.<\/span><\/p>\n<div class=\"text_exposed_show\">\n<p>Un appel \u00e0 projet a \u00e9t\u00e9 lanc\u00e9 par l\u2019association Les Fanes de Carottes \u00e0 destination des collectivit\u00e9s territoriales, associations et particuliers.<\/p>\n<p>Celui-ci vise \u00e0 accompagner financi\u00e8rement les projets de plantation d\u2019arbres fruitiers sur tout le territoire de la Thi\u00e9rache de l\u2019Aisne.<\/p>\n<p>Vous trouverez ci-apr\u00e8s le r\u00e8glement de cet appel \u00e0 projet ainsi que les \u00e9l\u00e9ments \u00e0 fournir pour y r\u00e9pondre.<\/p>\n<p>ATTENTION : date de d\u00e9p\u00f4t des candidatures : fin 2019 !<\/p>\n<p><a href=\"https:\/\/www.portes-de-thierache.fr\/wp-content\/uploads\/2019\/11\/arbre-fruitier-1.jpg\"><img loading=\"lazy\" decoding=\"async\" src=\"https:\/\/www.portes-de-thierache.fr\/wp-content\/uploads\/2019\/11\/arbre-fruitier-1-212x300.jpg\" alt=\"\" width=\"212\" height=\"300\" class=\"alignleft size-medium wp-image-4567\" srcset=\"https:\/\/www.portes-de-thierache.fr\/wp-content\/uploads\/2019\/11\/arbre-fruitier-1-212x300.jpg 212w, https:\/\/www.portes-de-thierache.fr\/wp-content\/uploads\/2019\/11\/arbre-fruitier-1.jpg 647w\" sizes=\"auto, (max-width: 212px) 100vw, 212px\" \/><\/a> <a href=\"https:\/\/www.portes-de-thierache.fr\/wp-content\/uploads\/2019\/11\/arbre-2.jpg\"><img loading=\"lazy\" decoding=\"async\" src=\"https:\/\/www.portes-de-thierache.fr\/wp-content\/uploads\/2019\/11\/arbre-2-214x300.jpg\" alt=\"\" width=\"214\" height=\"300\" class=\"aligncenter size-medium wp-image-4568\" srcset=\"https:\/\/www.portes-de-thierache.fr\/wp-content\/uploads\/2019\/11\/arbre-2-214x300.jpg 214w, https:\/\/www.portes-de-thierache.fr\/wp-content\/uploads\/2019\/11\/arbre-2.jpg 655w\" sizes=\"auto, (max-width: 214px) 100vw, 214px\" \/><\/a> <a href=\"https:\/\/www.portes-de-thierache.fr\/wp-content\/uploads\/2019\/11\/arbre-3.jpg\"><img loading=\"lazy\" decoding=\"async\" src=\"https:\/\/www.portes-de-thierache.fr\/wp-content\/uploads\/2019\/11\/arbre-3-213x300.jpg\" alt=\"\" width=\"213\" height=\"300\" class=\"aligncenter size-medium wp-image-4569\" srcset=\"https:\/\/www.portes-de-thierache.fr\/wp-content\/uploads\/2019\/11\/arbre-3-213x300.jpg 213w, https:\/\/www.portes-de-thierache.fr\/wp-content\/uploads\/2019\/11\/arbre-3.jpg 654w\" sizes=\"auto, (max-width: 213px) 100vw, 213px\" \/><\/a><\/p>\n<p>&nbsp;<\/p>\n<\/div>\n","protected":false},"excerpt":{"rendered":"<p>&nbsp; Vous souhaitez planter des arbres fruitiers d&rsquo;esp\u00e8ces locales et\/ou anciennes ? L&rsquo;association \u00ab\u00a0Les fanes de carottes\u00a0\u00bb entend redonner une place de choix \u00e0 l\u2019arbre notamment l\u2019arbre fruitier. Il permet de limiter l\u2019\u00e9rosion et de pr\u00e9server la qualit\u00e9 des sols et des eaux. Il favorise la biodiversit\u00e9 et a une<a class=\"moretag\" href=\"https:\/\/www.portes-de-thierache.fr\/index.php\/2019\/11\/13\/plantez-des-arbres-fruitiers\/\"> Lire la suite<\/a><\/p>\n","protected":false},"author":4,"featured_media":4566,"comment_status":"closed","ping_status":"open","sticky":false,"template":"","format":"standard","meta":{"ngg_post_thumbnail":0,"footnotes":""},"categories":[29,69,71,30],"tags":[],"class_list":["post-4565","post","type-post","status-publish","format-standard","has-post-thumbnail","hentry","category-actualites","category-developpement-du-territoire","category-eau-et-biodiversite","category-territoire"],"_links":{"self":[{"href":"https:\/\/www.portes-de-thierache.fr\/index.php\/wp-json\/wp\/v2\/posts\/4565","targetHints":{"allow":["GET"]}}],"collection":[{"href":"https:\/\/www.portes-de-thierache.fr\/index.php\/wp-json\/wp\/v2\/posts"}],"about":[{"href":"https:\/\/www.portes-de-thierache.fr\/index.php\/wp-json\/wp\/v2\/types\/post"}],"author":[{"embeddable":true,"href":"https:\/\/www.portes-de-thierache.fr\/index.php\/wp-json\/wp\/v2\/users\/4"}],"replies":[{"embeddable":true,"href":"https:\/\/www.portes-de-thierache.fr\/index.php\/wp-json\/wp\/v2\/comments?post=4565"}],"version-history":[{"count":0,"href":"https:\/\/www.portes-de-thierache.fr\/index.php\/wp-json\/wp\/v2\/posts\/4565\/revisions"}],"wp:featuredmedia":[{"embeddable":true,"href":"https:\/\/www.portes-de-thierache.fr\/index.php\/wp-json\/wp\/v2\/media\/4566"}],"wp:attachment":[{"href":"https:\/\/www.portes-de-thierache.fr\/index.php\/wp-json\/wp\/v2\/media?parent=4565"}],"wp:term":[{"taxonomy":"category","embeddable":true,"href":"https:\/\/www.portes-de-thierache.fr\/index.php\/wp-json\/wp\/v2\/categories?post=4565"},{"taxonomy":"post_tag","embeddable":true,"href":"https:\/\/www.portes-de-thierache.fr\/index.php\/wp-json\/wp\/v2\/tags?post=4565"}],"curies":[{"name":"wp","href":"https:\/\/api.w.org\/{rel}","templated":true}]}}