{"id":4282,"date":"2019-10-25T15:19:18","date_gmt":"2019-10-25T13:19:18","guid":{"rendered":"https:\/\/www.portes-de-thierache.fr\/?p=4282"},"modified":"2019-10-25T15:19:18","modified_gmt":"2019-10-25T13:19:18","slug":"un-stage-nature-naturellement-reussi","status":"publish","type":"post","link":"https:\/\/www.portes-de-thierache.fr\/index.php\/2019\/10\/25\/un-stage-nature-naturellement-reussi\/","title":{"rendered":"Un stage nature\u2026 naturellement r\u00e9ussi\u00a0!"},"content":{"rendered":"<p>&nbsp;<\/p>\n<p><a href=\"https:\/\/www.portes-de-thierache.fr\/wp-content\/uploads\/2019\/10\/24102019-sans-titre-6.jpg\"><img loading=\"lazy\" decoding=\"async\" src=\"https:\/\/www.portes-de-thierache.fr\/wp-content\/uploads\/2019\/10\/24102019-sans-titre-6-300x199.jpg\" alt=\"\" width=\"300\" height=\"199\" class=\"aligncenter size-medium wp-image-4283\" srcset=\"https:\/\/www.portes-de-thierache.fr\/wp-content\/uploads\/2019\/10\/24102019-sans-titre-6-300x199.jpg 300w, https:\/\/www.portes-de-thierache.fr\/wp-content\/uploads\/2019\/10\/24102019-sans-titre-6-768x511.jpg 768w, https:\/\/www.portes-de-thierache.fr\/wp-content\/uploads\/2019\/10\/24102019-sans-titre-6-1024x681.jpg 1024w, https:\/\/www.portes-de-thierache.fr\/wp-content\/uploads\/2019\/10\/24102019-sans-titre-6-360x240.jpg 360w\" sizes=\"auto, (max-width: 300px) 100vw, 300px\" \/><\/a><\/p>\n<p style=\"text-align: justify;\">\n<p style=\"text-align: justify;\">Pendant les vacances de la Toussaint, du 21 au 25 octobre, 26 enfants \u00e2g\u00e9s de 7 \u00e0 12 ans du territoire et au-del\u00e0, ont pu participer au stage nature organis\u00e9 aux Autels par la Communaut\u00e9 de communes des Portes de la Thi\u00e9rache (CCPT) et encadr\u00e9 par des membres du Centre permanent d\u2019initiatives pour l\u2019environnement&nbsp; (CPIE) des Pays de l\u2019Aisne.<\/p>\n<p style=\"text-align: justify;\">\n<p style=\"text-align: justify;\">B\u00e9n\u00e9ficiant d\u2019une m\u00e9t\u00e9o particuli\u00e8rement cl\u00e9mente, ils \u00e9taient 26 apprentis aventuriers \u00e0 arpenter pendant une semaine les sentiers et les chemins serpentant dans le bocage thi\u00e9rachien, aux abords du &nbsp;pittoresque village des Autels.<\/p>\n<p style=\"text-align: justify;\">Programme hebdomadaire concoct\u00e9 selon les souhaits et les envies des enfants, Gu\u00e9nael Hallart et ses coll\u00e8gues du CPIE n\u2019ont pas eu \u00e0 redoubler d\u2019efforts pour int\u00e9resser et motiver leur troupe dans son parcours initiatique de la d\u00e9couverte de la faune et du biotope.<\/p>\n<p style=\"text-align: justify;\">Observation de rapaces et d\u2019oiseaux plus communs aux jumelles, visite aux vaches laiti\u00e8res paissant dans les pr\u00e9s, construction d\u2019une cabane avec branches ramass\u00e9es en for\u00eat, r\u00e9habilitation d\u2019un petit pont de bois, moulages d\u2019empreintes d\u2019animaux en argile (raton-laveur, chevreuil), identification de traces de rongeurs, exploration des ruisseaux avec parfois la surprise de tomber nez \u00e0 nez avec un renard, randonn\u00e9es de longue haleine, pique nique sorti du sac\u2026 les enfants n\u2019ont pas eu le temps de s\u2019ennuyer au milieu de cette nature encore pr\u00e9serv\u00e9e.<\/p>\n<p style=\"text-align: justify;\">De retour \u00e0 leur base, dans la salle des f\u00eates de la commune, les ateliers de construction de mobiles d\u2019oiseaux grandeur nature battaient leur plein, les observations sous microscope de micro-organismes ou d\u2019insectes de sortie sous les timides frimas de l\u2019automne passionnaient les futurs scientifiques et d\u2019autres reproduisaient en dessin leurs d\u00e9couvertes. Certains sportifs se mesuraient au jeu de M\u00f6lkky (jeu d\u2019adresse d&rsquo;origine finlandaise avec pour but de faire tomber avec un b\u00e2ton des quilles num\u00e9rot\u00e9es), alors que certains, plus gourmands, attendaient impatiemment le go\u00fbter \u00e0 base de produits bio locaux.<\/p>\n<p style=\"text-align: justify;\">\u00c0 l\u2019issue du s\u00e9jour, tous ont pu repartir combl\u00e9s, encore ivres de moments de libert\u00e9, des images plein la t\u00eate, les bras remplis de cadeaux (tee-shirts, crayons avec graines int\u00e9gr\u00e9es, sacs en toile) offerts par la CCPT&#8230; avec le d\u00e9sir avou\u00e9 de repartir vers de nouvelles aventures l\u2019an prochain.&nbsp;&nbsp;<\/p>\n<p style=\"text-align: justify;\">\n<p>&nbsp;<\/p>\n<p>&nbsp;<\/p>\n","protected":false},"excerpt":{"rendered":"<p>&nbsp; Pendant les vacances de la Toussaint, du 21 au 25 octobre, 26 enfants \u00e2g\u00e9s de 7 \u00e0 12 ans du territoire et au-del\u00e0, ont pu participer au stage nature organis\u00e9 aux Autels par la Communaut\u00e9 de communes des Portes de la Thi\u00e9rache (CCPT) et encadr\u00e9 par des membres du<a class=\"moretag\" href=\"https:\/\/www.portes-de-thierache.fr\/index.php\/2019\/10\/25\/un-stage-nature-naturellement-reussi\/\"> Lire la suite<\/a><\/p>\n","protected":false},"author":4,"featured_media":4283,"comment_status":"closed","ping_status":"open","sticky":false,"template":"","format":"standard","meta":{"ngg_post_thumbnail":0,"footnotes":""},"categories":[29,71,72],"tags":[],"class_list":["post-4282","post","type-post","status-publish","format-standard","has-post-thumbnail","hentry","category-actualites","category-eau-et-biodiversite","category-services-et-loisirs"],"_links":{"self":[{"href":"https:\/\/www.portes-de-thierache.fr\/index.php\/wp-json\/wp\/v2\/posts\/4282","targetHints":{"allow":["GET"]}}],"collection":[{"href":"https:\/\/www.portes-de-thierache.fr\/index.php\/wp-json\/wp\/v2\/posts"}],"about":[{"href":"https:\/\/www.portes-de-thierache.fr\/index.php\/wp-json\/wp\/v2\/types\/post"}],"author":[{"embeddable":true,"href":"https:\/\/www.portes-de-thierache.fr\/index.php\/wp-json\/wp\/v2\/users\/4"}],"replies":[{"embeddable":true,"href":"https:\/\/www.portes-de-thierache.fr\/index.php\/wp-json\/wp\/v2\/comments?post=4282"}],"version-history":[{"count":0,"href":"https:\/\/www.portes-de-thierache.fr\/index.php\/wp-json\/wp\/v2\/posts\/4282\/revisions"}],"wp:featuredmedia":[{"embeddable":true,"href":"https:\/\/www.portes-de-thierache.fr\/index.php\/wp-json\/wp\/v2\/media\/4283"}],"wp:attachment":[{"href":"https:\/\/www.portes-de-thierache.fr\/index.php\/wp-json\/wp\/v2\/media?parent=4282"}],"wp:term":[{"taxonomy":"category","embeddable":true,"href":"https:\/\/www.portes-de-thierache.fr\/index.php\/wp-json\/wp\/v2\/categories?post=4282"},{"taxonomy":"post_tag","embeddable":true,"href":"https:\/\/www.portes-de-thierache.fr\/index.php\/wp-json\/wp\/v2\/tags?post=4282"}],"curies":[{"name":"wp","href":"https:\/\/api.w.org\/{rel}","templated":true}]}}