{"id":3398,"date":"2019-09-02T12:14:24","date_gmt":"2019-09-02T10:14:24","guid":{"rendered":"https:\/\/www.portes-de-thierache.fr\/?p=3398"},"modified":"2023-09-14T14:21:25","modified_gmt":"2023-09-14T12:21:25","slug":"cest-la-rentree-scolaire-mais-aussi-celle-de-lecole-de-musique","status":"publish","type":"post","link":"https:\/\/www.portes-de-thierache.fr\/index.php\/2019\/09\/02\/cest-la-rentree-scolaire-mais-aussi-celle-de-lecole-de-musique\/","title":{"rendered":"[ARCHIVE] C&rsquo;est la rentr\u00e9e scolaire&#8230; mais aussi celle de l&rsquo;\u00e9cole de musique !"},"content":{"rendered":"<div class=\"\" data-block=\"true\" data-editor=\"c3scp\" data-offset-key=\"2a8vg-0-0\">\n<div data-offset-key=\"2a8vg-0-0\" class=\"_1mf _1mj\"><\/div>\n<\/div>\n<div class=\"\" data-block=\"true\" data-editor=\"c3scp\" data-offset-key=\"45utr-0-0\">\n<div data-offset-key=\"45utr-0-0\" class=\"_1mf _1mj\" style=\"text-align: center;\"><span data-offset-key=\"45utr-0-0\">&nbsp;<\/span><\/div>\n<\/div>\n<div class=\"\" data-block=\"true\" data-editor=\"c3scp\" data-offset-key=\"df9pf-0-0\" style=\"text-align: center;\">\n<div data-offset-key=\"df9pf-0-0\" class=\"_1mf _1mj\"><span data-offset-key=\"df9pf-0-0\">D\u00e9marches pour inscrire vos enfants \u00e0 l&rsquo;\u00e9cole de musique, instruments propos\u00e9s, tarifs, etc.<\/span><\/div>\n<\/div>\n<div class=\"\" data-block=\"true\" data-editor=\"c3scp\" data-offset-key=\"f817q-0-0\" style=\"text-align: center;\">\n<div data-offset-key=\"f817q-0-0\" class=\"_1mf _1mj\"><span data-offset-key=\"f817q-0-0\">&nbsp;<\/span><\/div>\n<\/div>\n<div class=\"\" data-block=\"true\" data-editor=\"c3scp\" data-offset-key=\"e7ovr-0-0\" style=\"text-align: center;\">\n<div data-offset-key=\"e7ovr-0-0\" class=\"_1mf _1mj\"><span data-offset-key=\"e7ovr-0-0\">Renseignements au 03 23 98 50 39 !<\/span><\/div>\n<\/div>\n<div class=\"\" data-block=\"true\" data-editor=\"c3scp\" data-offset-key=\"6u82c-0-0\" style=\"text-align: center;\">\n<div data-offset-key=\"6u82c-0-0\" class=\"_1mf _1mj\"><span data-offset-key=\"6u82c-0-0\">&nbsp;<\/span><\/div>\n<\/div>\n<div class=\"\" data-block=\"true\" data-editor=\"c3scp\" data-offset-key=\"7lvu3-0-0\">\n<div data-offset-key=\"7lvu3-0-0\" class=\"_1mf _1mj\" style=\"text-align: center;\"><span data-offset-key=\"7lvu3-0-0\">Inscriptions : samedi 14 septembre de 17h \u00e0 18h au 320, rue des Verseaux \u00e0 Rozoy-sur-Serre (si\u00e8ge de la Communaut\u00e9 de communes des Portes de la Thi\u00e9rache).<\/span><\/div>\n<div data-offset-key=\"7lvu3-0-0\"><\/div>\n<\/div>\n<div data-offset-key=\"7lvu3-0-0\"><a href=\"https:\/\/www.portes-de-thierache.fr\/wp-content\/uploads\/2019\/09\/pub-rentr\u00e9e-musique.jpg\"><img loading=\"lazy\" decoding=\"async\" src=\"https:\/\/www.portes-de-thierache.fr\/wp-content\/uploads\/2019\/09\/pub-rentr\u00e9e-musique-212x300.jpg\" alt=\"\" width=\"212\" height=\"300\" class=\"aligncenter size-medium wp-image-3399\" srcset=\"https:\/\/www.portes-de-thierache.fr\/wp-content\/uploads\/2019\/09\/pub-rentr\u00e9e-musique-212x300.jpg 212w, https:\/\/www.portes-de-thierache.fr\/wp-content\/uploads\/2019\/09\/pub-rentr\u00e9e-musique-768x1086.jpg 768w, https:\/\/www.portes-de-thierache.fr\/wp-content\/uploads\/2019\/09\/pub-rentr\u00e9e-musique-724x1024.jpg 724w, https:\/\/www.portes-de-thierache.fr\/wp-content\/uploads\/2019\/09\/pub-rentr\u00e9e-musique.jpg 1240w\" sizes=\"auto, (max-width: 212px) 100vw, 212px\" \/><\/a><a href=\"https:\/\/www.portes-de-thierache.fr\/wp-content\/uploads\/2019\/09\/tarifs-rentr\u00e9e-musique.jpg\"><img loading=\"lazy\" decoding=\"async\" src=\"https:\/\/www.portes-de-thierache.fr\/wp-content\/uploads\/2019\/09\/tarifs-rentr\u00e9e-musique-212x300.jpg\" alt=\"\" width=\"212\" height=\"300\" class=\"aligncenter size-medium wp-image-3400\" srcset=\"https:\/\/www.portes-de-thierache.fr\/wp-content\/uploads\/2019\/09\/tarifs-rentr\u00e9e-musique-212x300.jpg 212w, https:\/\/www.portes-de-thierache.fr\/wp-content\/uploads\/2019\/09\/tarifs-rentr\u00e9e-musique-768x1086.jpg 768w, https:\/\/www.portes-de-thierache.fr\/wp-content\/uploads\/2019\/09\/tarifs-rentr\u00e9e-musique-724x1024.jpg 724w, https:\/\/www.portes-de-thierache.fr\/wp-content\/uploads\/2019\/09\/tarifs-rentr\u00e9e-musique.jpg 1240w\" sizes=\"auto, (max-width: 212px) 100vw, 212px\" \/><\/a><a href=\"https:\/\/www.portes-de-thierache.fr\/wp-content\/uploads\/2019\/09\/pub-rentr\u00e9e-musique.jpg\"><\/a><\/div>\n","protected":false},"excerpt":{"rendered":"<p>&nbsp; D\u00e9marches pour inscrire vos enfants \u00e0 l&rsquo;\u00e9cole de musique, instruments propos\u00e9s, tarifs, etc. &nbsp; Renseignements au 03 23 98 50 39 ! &nbsp; Inscriptions : samedi 14 septembre de 17h \u00e0 18h au 320, rue des Verseaux \u00e0 Rozoy-sur-Serre (si\u00e8ge de la Communaut\u00e9 de communes des Portes de la<a class=\"moretag\" href=\"https:\/\/www.portes-de-thierache.fr\/index.php\/2019\/09\/02\/cest-la-rentree-scolaire-mais-aussi-celle-de-lecole-de-musique\/\"> Lire la suite<\/a><\/p>\n","protected":false},"author":4,"featured_media":3399,"comment_status":"closed","ping_status":"open","sticky":false,"template":"","format":"standard","meta":{"ngg_post_thumbnail":0,"footnotes":""},"categories":[29],"tags":[],"class_list":["post-3398","post","type-post","status-publish","format-standard","has-post-thumbnail","hentry","category-actualites"],"_links":{"self":[{"href":"https:\/\/www.portes-de-thierache.fr\/index.php\/wp-json\/wp\/v2\/posts\/3398","targetHints":{"allow":["GET"]}}],"collection":[{"href":"https:\/\/www.portes-de-thierache.fr\/index.php\/wp-json\/wp\/v2\/posts"}],"about":[{"href":"https:\/\/www.portes-de-thierache.fr\/index.php\/wp-json\/wp\/v2\/types\/post"}],"author":[{"embeddable":true,"href":"https:\/\/www.portes-de-thierache.fr\/index.php\/wp-json\/wp\/v2\/users\/4"}],"replies":[{"embeddable":true,"href":"https:\/\/www.portes-de-thierache.fr\/index.php\/wp-json\/wp\/v2\/comments?post=3398"}],"version-history":[{"count":0,"href":"https:\/\/www.portes-de-thierache.fr\/index.php\/wp-json\/wp\/v2\/posts\/3398\/revisions"}],"wp:featuredmedia":[{"embeddable":true,"href":"https:\/\/www.portes-de-thierache.fr\/index.php\/wp-json\/wp\/v2\/media\/3399"}],"wp:attachment":[{"href":"https:\/\/www.portes-de-thierache.fr\/index.php\/wp-json\/wp\/v2\/media?parent=3398"}],"wp:term":[{"taxonomy":"category","embeddable":true,"href":"https:\/\/www.portes-de-thierache.fr\/index.php\/wp-json\/wp\/v2\/categories?post=3398"},{"taxonomy":"post_tag","embeddable":true,"href":"https:\/\/www.portes-de-thierache.fr\/index.php\/wp-json\/wp\/v2\/tags?post=3398"}],"curies":[{"name":"wp","href":"https:\/\/api.w.org\/{rel}","templated":true}]}}