{"id":2717,"date":"2019-07-05T14:58:40","date_gmt":"2019-07-05T12:58:40","guid":{"rendered":"https:\/\/www.portes-de-thierache.fr\/?p=2717"},"modified":"2019-07-05T15:05:30","modified_gmt":"2019-07-05T13:05:30","slug":"le-college-jules-ferry-de-rozoy-sur-serre-distingue","status":"publish","type":"post","link":"https:\/\/www.portes-de-thierache.fr\/index.php\/2019\/07\/05\/le-college-jules-ferry-de-rozoy-sur-serre-distingue\/","title":{"rendered":"Le coll\u00e8ge Jules Ferry de Rozoy-sur-Serre distingu\u00e9\u00a0!"},"content":{"rendered":"<p><a href=\"https:\/\/www.portes-de-thierache.fr\/wp-content\/uploads\/2019\/07\/05072019-sans-titre-32.jpg\"><img loading=\"lazy\" decoding=\"async\" src=\"https:\/\/www.portes-de-thierache.fr\/wp-content\/uploads\/2019\/07\/05072019-sans-titre-32-300x199.jpg\" alt=\"\" width=\"300\" height=\"199\" class=\"aligncenter size-medium wp-image-2722\" srcset=\"https:\/\/www.portes-de-thierache.fr\/wp-content\/uploads\/2019\/07\/05072019-sans-titre-32-300x199.jpg 300w, https:\/\/www.portes-de-thierache.fr\/wp-content\/uploads\/2019\/07\/05072019-sans-titre-32-768x511.jpg 768w, https:\/\/www.portes-de-thierache.fr\/wp-content\/uploads\/2019\/07\/05072019-sans-titre-32-1024x681.jpg 1024w, https:\/\/www.portes-de-thierache.fr\/wp-content\/uploads\/2019\/07\/05072019-sans-titre-32-360x240.jpg 360w\" sizes=\"auto, (max-width: 300px) 100vw, 300px\" \/><\/a><\/p>\n<p>&nbsp;<\/p>\n<p style=\"text-align: justify;\"><a href=\"https:\/\/www.portes-de-thierache.fr\/wp-content\/uploads\/2019\/07\/05072019-sans-titre.jpg\"><img loading=\"lazy\" decoding=\"async\" src=\"https:\/\/www.portes-de-thierache.fr\/wp-content\/uploads\/2019\/07\/05072019-sans-titre-300x199.jpg\" alt=\"\" width=\"300\" height=\"199\" class=\"aligncenter size-medium wp-image-2718\" srcset=\"https:\/\/www.portes-de-thierache.fr\/wp-content\/uploads\/2019\/07\/05072019-sans-titre-300x199.jpg 300w, https:\/\/www.portes-de-thierache.fr\/wp-content\/uploads\/2019\/07\/05072019-sans-titre-768x511.jpg 768w, https:\/\/www.portes-de-thierache.fr\/wp-content\/uploads\/2019\/07\/05072019-sans-titre-1024x681.jpg 1024w, https:\/\/www.portes-de-thierache.fr\/wp-content\/uploads\/2019\/07\/05072019-sans-titre-360x240.jpg 360w\" sizes=\"auto, (max-width: 300px) 100vw, 300px\" \/><\/a><\/p>\n<p><a href=\"https:\/\/www.portes-de-thierache.fr\/wp-content\/uploads\/2019\/07\/05072019-sans-titre-6.jpg\"><img loading=\"lazy\" decoding=\"async\" src=\"https:\/\/www.portes-de-thierache.fr\/wp-content\/uploads\/2019\/07\/05072019-sans-titre-6-300x199.jpg\" alt=\"\" width=\"300\" height=\"199\" class=\"aligncenter size-medium wp-image-2723\" srcset=\"https:\/\/www.portes-de-thierache.fr\/wp-content\/uploads\/2019\/07\/05072019-sans-titre-6-300x199.jpg 300w, https:\/\/www.portes-de-thierache.fr\/wp-content\/uploads\/2019\/07\/05072019-sans-titre-6-768x511.jpg 768w, https:\/\/www.portes-de-thierache.fr\/wp-content\/uploads\/2019\/07\/05072019-sans-titre-6-1024x681.jpg 1024w, https:\/\/www.portes-de-thierache.fr\/wp-content\/uploads\/2019\/07\/05072019-sans-titre-6-360x240.jpg 360w\" sizes=\"auto, (max-width: 300px) 100vw, 300px\" \/><\/a><\/p>\n<p>&nbsp;<\/p>\n<p style=\"text-align: justify;\">Un parfum de vacances scolaires planait vendredi 5 juillet en fin de matin\u00e9e dans le coll\u00e8ge Jules Ferry de Rozoy-sur-Serre, avec deux inaugurations et un prix d\u00e9cern\u00e9, pour marquer la fin de l\u2019ann\u00e9e.<\/p>\n<p style=\"text-align: justify;\">Au programme\u00a0: un nouveau foyer (salle de d\u00e9tente), la r\u00e9ception du prix \u00e9co-coll\u00e8ge pour la 3<sup>\u00e8me<\/sup> ann\u00e9e cons\u00e9cutive et l\u2019inauguration d\u2019une mare, objet d\u2019un programme d\u00e9di\u00e9 \u00e0 la biodiversit\u00e9, mat\u00e9rialis\u00e9 notamment par cette distinction.<\/p>\n<p style=\"text-align: justify;\">La R\u00e9gion, le D\u00e9partement, la Communaut\u00e9 de communes des Portes de la Thi\u00e9rache (CCPT), le CPIE de l\u2019Aisne (Centre Permanent d\u2019Initiatives pour l\u2019Environnement), ainsi que la mairie de Rozoy-sur-Serre avaient fait le d\u00e9placement pour assister \u00e0 ces \u00e9v\u00e9nements, auxquels les coll\u00e9giens, ont pu assister depuis les trav\u00e9es d\u2019un th\u00e9\u00e2tre romain reconstitu\u00e9. En ma\u00eetresse de c\u00e9r\u00e9monie : Sophie Doumax, principale de l\u2019\u00e9tablissement.<\/p>\n<p style=\"text-align: justify;\">Un foyer (espace d\u00e9tente) flambant neuf avec parquet rutilant, peinture acidul\u00e9e, mobilier design, t\u00e9l\u00e9vision (o\u00f9 ne seront diffus\u00e9s que des documentaires et des infos utiles pour les scolaires), baby-foot, jeux de soci\u00e9t\u00e9 et de fl\u00e9chettes, a fait l\u2019unanimit\u00e9 quant \u00e0 son utilit\u00e9 et \u00e0 son c\u00f4t\u00e9 pratique. Ce lieu r\u00e9gi par une charte r\u00e9dig\u00e9e par les coll\u00e9giens responsables a \u00e9t\u00e9 financ\u00e9 par le Fonds socio-\u00e9ducatif, l\u2019association des parents d\u2019\u00e9l\u00e8ves, le D\u00e9partement via le coll\u00e8ge, le tout pour un montant avoisinant les 4\u00a0000 \u20ac.<\/p>\n<p style=\"text-align: justify;\">De son c\u00f4t\u00e9, Arnaud Kientz, professeur de SVT (Sciences de la Vie et de la Terre), responsable du projet \u00e9co-label du coll\u00e8ge (\u00e9paul\u00e9 au cours de l\u2019ann\u00e9e par David Blandin, professeur de technologie), n\u2019\u00e9tait pas peu fier de recevoir des mains de Pierre Didier, pr\u00e9sident de la CCPT, le fanion \u00ab\u00a0\u00c9co-Coll\u00e8ge\u00a0\u00bb, mat\u00e9rialisant la labellisation de l\u2019\u00e9tablissement dans sa d\u00e9marche \u00e9co-responsable au sens large du terme.<\/p>\n<p style=\"text-align: justify;\">En effet, avec 3 troph\u00e9es cons\u00e9cutifs \u00e0 son actif, l\u2019\u00e9tablissement tend de plus en plus vers un coll\u00e8ge \u00ab vert \u00bb. Cette ann\u00e9e, c\u2019est la biodiversit\u00e9 qui avait \u00e9t\u00e9 privil\u00e9gi\u00e9e dans le projet \u00e9ducatif avec des ateliers de fabrication de nichoirs pour oiseaux, avec plusieurs op\u00e9rations ayant trait au tri des d\u00e9chets et l\u2019am\u00e9nagement d\u2019une mare et de l\u2019\u00e9tude de son biotope.<\/p>\n<p style=\"text-align: justify;\">Six \u00e9co-d\u00e9l\u00e9gu\u00e9s sont sortis des rangs pour prendre \u00e0 bras le corps le projet et le faire \u00e9voluer dans la dur\u00e9e, puisque tous ces \u00e9l\u00e8ves sont inscrits en classe de 6<sup>\u00e8me<\/sup>. Le point d\u2019eau a rapidement \u00e9t\u00e9 colonis\u00e9 par diverses vari\u00e9t\u00e9s d\u2019insectes, par certains invert\u00e9br\u00e9s et bien entendu par les grenouilles\u00a0!<\/p>\n<p style=\"text-align: justify;\">En attendant les arriv\u00e9es esp\u00e9r\u00e9es de tritons et autres salamandres, le programme de l\u2019an prochain sera ax\u00e9 sur la pr\u00e9servation des esp\u00e8ces menac\u00e9es, avec certainement l\u2019\u00e9laboration d\u2019un film d\u2019animation\u2026 mais \u00e7a c\u2019est une autre histoire \u00e0 \u00e9crire et peut-\u00eatre un futur prix \u00e0 recevoir !<\/p>\n<p style=\"text-align: justify;\"><a href=\"https:\/\/www.portes-de-thierache.fr\/wp-content\/uploads\/2019\/07\/05072019-sans-titre-37.jpg\"><\/a><a href=\"https:\/\/www.portes-de-thierache.fr\/wp-content\/uploads\/2019\/07\/05072019-sans-titre-37.jpg\"><img loading=\"lazy\" decoding=\"async\" src=\"https:\/\/www.portes-de-thierache.fr\/wp-content\/uploads\/2019\/07\/05072019-sans-titre-37-300x199.jpg\" alt=\"\" width=\"300\" height=\"199\" class=\"aligncenter size-medium wp-image-2721\" srcset=\"https:\/\/www.portes-de-thierache.fr\/wp-content\/uploads\/2019\/07\/05072019-sans-titre-37-300x199.jpg 300w, https:\/\/www.portes-de-thierache.fr\/wp-content\/uploads\/2019\/07\/05072019-sans-titre-37-768x511.jpg 768w, https:\/\/www.portes-de-thierache.fr\/wp-content\/uploads\/2019\/07\/05072019-sans-titre-37-1024x681.jpg 1024w, https:\/\/www.portes-de-thierache.fr\/wp-content\/uploads\/2019\/07\/05072019-sans-titre-37-360x240.jpg 360w\" sizes=\"auto, (max-width: 300px) 100vw, 300px\" \/><\/a><\/p>\n<p><a href=\"https:\/\/www.portes-de-thierache.fr\/wp-content\/uploads\/2019\/07\/05072019-sans-titre-28.jpg\"><img loading=\"lazy\" decoding=\"async\" src=\"https:\/\/www.portes-de-thierache.fr\/wp-content\/uploads\/2019\/07\/05072019-sans-titre-28-300x199.jpg\" alt=\"\" width=\"300\" height=\"199\" class=\"alignright size-medium wp-image-2720\" srcset=\"https:\/\/www.portes-de-thierache.fr\/wp-content\/uploads\/2019\/07\/05072019-sans-titre-28-300x199.jpg 300w, https:\/\/www.portes-de-thierache.fr\/wp-content\/uploads\/2019\/07\/05072019-sans-titre-28-768x511.jpg 768w, https:\/\/www.portes-de-thierache.fr\/wp-content\/uploads\/2019\/07\/05072019-sans-titre-28-1024x681.jpg 1024w, https:\/\/www.portes-de-thierache.fr\/wp-content\/uploads\/2019\/07\/05072019-sans-titre-28-360x240.jpg 360w\" sizes=\"auto, (max-width: 300px) 100vw, 300px\" \/><\/a><\/p>\n<p><a href=\"https:\/\/www.portes-de-thierache.fr\/wp-content\/uploads\/2019\/07\/05072019-sans-titre-16.jpg\"><img loading=\"lazy\" decoding=\"async\" src=\"https:\/\/www.portes-de-thierache.fr\/wp-content\/uploads\/2019\/07\/05072019-sans-titre-16-300x199.jpg\" alt=\"\" width=\"300\" height=\"199\" class=\"alignleft size-medium wp-image-2719\" srcset=\"https:\/\/www.portes-de-thierache.fr\/wp-content\/uploads\/2019\/07\/05072019-sans-titre-16-300x199.jpg 300w, https:\/\/www.portes-de-thierache.fr\/wp-content\/uploads\/2019\/07\/05072019-sans-titre-16-768x511.jpg 768w, https:\/\/www.portes-de-thierache.fr\/wp-content\/uploads\/2019\/07\/05072019-sans-titre-16-1024x681.jpg 1024w, https:\/\/www.portes-de-thierache.fr\/wp-content\/uploads\/2019\/07\/05072019-sans-titre-16-360x240.jpg 360w\" sizes=\"auto, (max-width: 300px) 100vw, 300px\" \/><\/a><\/p>\n","protected":false},"excerpt":{"rendered":"<p>&nbsp; &nbsp; Un parfum de vacances scolaires planait vendredi 5 juillet en fin de matin\u00e9e dans le coll\u00e8ge Jules Ferry de Rozoy-sur-Serre, avec deux inaugurations et un prix d\u00e9cern\u00e9, pour marquer la fin de l\u2019ann\u00e9e. Au programme\u00a0: un nouveau foyer (salle de d\u00e9tente), la r\u00e9ception du prix \u00e9co-coll\u00e8ge pour la<a class=\"moretag\" href=\"https:\/\/www.portes-de-thierache.fr\/index.php\/2019\/07\/05\/le-college-jules-ferry-de-rozoy-sur-serre-distingue\/\"> Lire la suite<\/a><\/p>\n","protected":false},"author":4,"featured_media":2722,"comment_status":"closed","ping_status":"open","sticky":false,"template":"","format":"standard","meta":{"ngg_post_thumbnail":0,"footnotes":""},"categories":[29,70,71],"tags":[],"class_list":["post-2717","post","type-post","status-publish","format-standard","has-post-thumbnail","hentry","category-actualites","category-dechets","category-eau-et-biodiversite"],"_links":{"self":[{"href":"https:\/\/www.portes-de-thierache.fr\/index.php\/wp-json\/wp\/v2\/posts\/2717","targetHints":{"allow":["GET"]}}],"collection":[{"href":"https:\/\/www.portes-de-thierache.fr\/index.php\/wp-json\/wp\/v2\/posts"}],"about":[{"href":"https:\/\/www.portes-de-thierache.fr\/index.php\/wp-json\/wp\/v2\/types\/post"}],"author":[{"embeddable":true,"href":"https:\/\/www.portes-de-thierache.fr\/index.php\/wp-json\/wp\/v2\/users\/4"}],"replies":[{"embeddable":true,"href":"https:\/\/www.portes-de-thierache.fr\/index.php\/wp-json\/wp\/v2\/comments?post=2717"}],"version-history":[{"count":0,"href":"https:\/\/www.portes-de-thierache.fr\/index.php\/wp-json\/wp\/v2\/posts\/2717\/revisions"}],"wp:featuredmedia":[{"embeddable":true,"href":"https:\/\/www.portes-de-thierache.fr\/index.php\/wp-json\/wp\/v2\/media\/2722"}],"wp:attachment":[{"href":"https:\/\/www.portes-de-thierache.fr\/index.php\/wp-json\/wp\/v2\/media?parent=2717"}],"wp:term":[{"taxonomy":"category","embeddable":true,"href":"https:\/\/www.portes-de-thierache.fr\/index.php\/wp-json\/wp\/v2\/categories?post=2717"},{"taxonomy":"post_tag","embeddable":true,"href":"https:\/\/www.portes-de-thierache.fr\/index.php\/wp-json\/wp\/v2\/tags?post=2717"}],"curies":[{"name":"wp","href":"https:\/\/api.w.org\/{rel}","templated":true}]}}