{"id":2713,"date":"2019-07-04T13:36:00","date_gmt":"2019-07-04T11:36:00","guid":{"rendered":"https:\/\/www.portes-de-thierache.fr\/?p=2713"},"modified":"2023-09-14T14:23:44","modified_gmt":"2023-09-14T12:23:44","slug":"pas-de-permanences-habitat-au-mois-daout","status":"publish","type":"post","link":"https:\/\/www.portes-de-thierache.fr\/index.php\/2019\/07\/04\/pas-de-permanences-habitat-au-mois-daout\/","title":{"rendered":"[ARCHIVE] Pas de permanences habitat au mois d&rsquo;ao\u00fbt !"},"content":{"rendered":"<p><a href=\"https:\/\/www.portes-de-thierache.fr\/wp-content\/uploads\/2019\/07\/isolation-79.jpg\"><img loading=\"lazy\" decoding=\"async\" src=\"https:\/\/www.portes-de-thierache.fr\/wp-content\/uploads\/2019\/07\/isolation-79-300x129.jpg\" alt=\"\" width=\"300\" height=\"129\" class=\"aligncenter size-medium wp-image-2714\" srcset=\"https:\/\/www.portes-de-thierache.fr\/wp-content\/uploads\/2019\/07\/isolation-79-300x129.jpg 300w, https:\/\/www.portes-de-thierache.fr\/wp-content\/uploads\/2019\/07\/isolation-79.jpg 700w\" sizes=\"auto, (max-width: 300px) 100vw, 300px\" \/><\/a><\/p>\n<p style=\"text-align: justify;\">Le P\u00f4le d&rsquo;\u00c9quilibre Territorial et Rural (PETR) organise r\u00e9guli\u00e8rement des permanences habitat dans les locaux de la Communaut\u00e9 de communes des Portes de la Thi\u00e9rache.<\/p>\n<p style=\"text-align: justify;\">N\u00e9anmoins, cong\u00e9s estivaux obligent, les permanences ne seront pas assur\u00e9es durant le mois d&rsquo;ao\u00fbt.<\/p>\n<div class=\"text_exposed_show\">\n<p style=\"text-align: justify;\">Merci de votre compr\u00e9hension.<\/p>\n<\/div>\n","protected":false},"excerpt":{"rendered":"<p>Le P\u00f4le d&rsquo;\u00c9quilibre Territorial et Rural (PETR) organise r\u00e9guli\u00e8rement des permanences habitat dans les locaux de la Communaut\u00e9 de communes des Portes de la Thi\u00e9rache. N\u00e9anmoins, cong\u00e9s estivaux obligent, les permanences ne seront pas assur\u00e9es durant le mois d&rsquo;ao\u00fbt. Merci de votre compr\u00e9hension.<\/p>\n","protected":false},"author":4,"featured_media":2714,"comment_status":"closed","ping_status":"open","sticky":false,"template":"","format":"standard","meta":{"ngg_post_thumbnail":0,"footnotes":""},"categories":[29,30],"tags":[],"class_list":["post-2713","post","type-post","status-publish","format-standard","has-post-thumbnail","hentry","category-actualites","category-territoire"],"_links":{"self":[{"href":"https:\/\/www.portes-de-thierache.fr\/index.php\/wp-json\/wp\/v2\/posts\/2713","targetHints":{"allow":["GET"]}}],"collection":[{"href":"https:\/\/www.portes-de-thierache.fr\/index.php\/wp-json\/wp\/v2\/posts"}],"about":[{"href":"https:\/\/www.portes-de-thierache.fr\/index.php\/wp-json\/wp\/v2\/types\/post"}],"author":[{"embeddable":true,"href":"https:\/\/www.portes-de-thierache.fr\/index.php\/wp-json\/wp\/v2\/users\/4"}],"replies":[{"embeddable":true,"href":"https:\/\/www.portes-de-thierache.fr\/index.php\/wp-json\/wp\/v2\/comments?post=2713"}],"version-history":[{"count":0,"href":"https:\/\/www.portes-de-thierache.fr\/index.php\/wp-json\/wp\/v2\/posts\/2713\/revisions"}],"wp:featuredmedia":[{"embeddable":true,"href":"https:\/\/www.portes-de-thierache.fr\/index.php\/wp-json\/wp\/v2\/media\/2714"}],"wp:attachment":[{"href":"https:\/\/www.portes-de-thierache.fr\/index.php\/wp-json\/wp\/v2\/media?parent=2713"}],"wp:term":[{"taxonomy":"category","embeddable":true,"href":"https:\/\/www.portes-de-thierache.fr\/index.php\/wp-json\/wp\/v2\/categories?post=2713"},{"taxonomy":"post_tag","embeddable":true,"href":"https:\/\/www.portes-de-thierache.fr\/index.php\/wp-json\/wp\/v2\/tags?post=2713"}],"curies":[{"name":"wp","href":"https:\/\/api.w.org\/{rel}","templated":true}]}}