{"id":2682,"date":"2019-06-28T11:59:18","date_gmt":"2019-06-28T09:59:18","guid":{"rendered":"https:\/\/www.portes-de-thierache.fr\/?p=2682"},"modified":"2023-09-14T14:24:58","modified_gmt":"2023-09-14T12:24:58","slug":"le-chantier-dinsertion-une-reussite","status":"publish","type":"post","link":"https:\/\/www.portes-de-thierache.fr\/index.php\/2019\/06\/28\/le-chantier-dinsertion-une-reussite\/","title":{"rendered":"[ARCHIVE] Le chantier d\u2019insertion : une r\u00e9ussite !"},"content":{"rendered":"<div class=\"\" data-block=\"true\" data-editor=\"2b66v\" data-offset-key=\"2raks-0-0\">\n<div data-offset-key=\"2raks-0-0\" class=\"_1mf _1mj\" style=\"text-align: justify;\"><a href=\"https:\/\/www.portes-de-thierache.fr\/wp-content\/uploads\/2019\/06\/27062019-sans-titre-5.jpg\"><img loading=\"lazy\" decoding=\"async\" src=\"https:\/\/www.portes-de-thierache.fr\/wp-content\/uploads\/2019\/06\/27062019-sans-titre-5-300x199.jpg\" alt=\"\" width=\"300\" height=\"199\" class=\"aligncenter size-medium wp-image-2683\" srcset=\"https:\/\/www.portes-de-thierache.fr\/wp-content\/uploads\/2019\/06\/27062019-sans-titre-5-300x199.jpg 300w, https:\/\/www.portes-de-thierache.fr\/wp-content\/uploads\/2019\/06\/27062019-sans-titre-5-768x511.jpg 768w, https:\/\/www.portes-de-thierache.fr\/wp-content\/uploads\/2019\/06\/27062019-sans-titre-5-1024x681.jpg 1024w, https:\/\/www.portes-de-thierache.fr\/wp-content\/uploads\/2019\/06\/27062019-sans-titre-5-360x240.jpg 360w\" sizes=\"auto, (max-width: 300px) 100vw, 300px\" \/><\/a><\/div>\n<\/div>\n<div class=\"\" data-block=\"true\" data-editor=\"2b66v\" data-offset-key=\"5keev-0-0\" style=\"text-align: justify;\">\n<div data-offset-key=\"5keev-0-0\" class=\"_1mf _1mj\"><span data-offset-key=\"5keev-0-0\">&nbsp;<\/span><\/div>\n<\/div>\n<div class=\"\" data-block=\"true\" data-editor=\"2b66v\" data-offset-key=\"6ujv8-0-0\" style=\"text-align: justify;\">\n<div data-offset-key=\"6ujv8-0-0\" class=\"_1mf _1mj\"><span data-offset-key=\"6ujv8-0-0\">Jeudi 27 juin en fin d\u2019apr\u00e8s midi, au sein de la communaut\u00e9 de communes des Portes de la Thi\u00e9rache, s\u2019est tenue une petite r\u00e9ception marquant la fin du chantier d\u2019insertion\u2026 un nouveau d\u00e9butant dans quelques jours. <\/span><\/div>\n<\/div>\n<div class=\"\" data-block=\"true\" data-editor=\"2b66v\" data-offset-key=\"blkrt-0-0\" style=\"text-align: justify;\">\n<div data-offset-key=\"blkrt-0-0\" class=\"_1mf _1mj\"><span data-offset-key=\"blkrt-0-0\">&nbsp;<\/span><\/div>\n<\/div>\n<div class=\"\" data-block=\"true\" data-editor=\"2b66v\" data-offset-key=\"enecq-0-0\" style=\"text-align: justify;\">\n<div data-offset-key=\"enecq-0-0\" class=\"_1mf _1mj\"><span data-offset-key=\"enecq-0-0\">Mis en place en 2009 sur le territoire de la Communaut\u00e9 de communes des Portes de la Thi\u00e9rache, le chantier d&rsquo;insertion accueille des personnes en manque de rep\u00e8res, aux parcours chaotiques, abim\u00e9es par la vie et d\u00e9sireuses de retrouver un emploi. Les b\u00e9n\u00e9ficiaires sont embauch\u00e9s en Contrat \u00e0 Dur\u00e9e D\u00e9termin\u00e9e d\u2019Insertion (CDDI) pouvant \u00eatre renouvel\u00e9, pour une p\u00e9riode de 2 \u00e0 6 mois, \u00e0 raison de 20 heures par semaine, r\u00e9mun\u00e9r\u00e9 au SMIC horaire. <\/span><\/div>\n<\/div>\n<div class=\"\" data-block=\"true\" data-editor=\"2b66v\" data-offset-key=\"2lmkc-0-0\" style=\"text-align: justify;\">\n<div data-offset-key=\"2lmkc-0-0\" class=\"_1mf _1mj\"><span data-offset-key=\"2lmkc-0-0\">&nbsp;<\/span><\/div>\n<\/div>\n<div class=\"\" data-block=\"true\" data-editor=\"2b66v\" data-offset-key=\"t2at-0-0\" style=\"text-align: justify;\">\n<div data-offset-key=\"t2at-0-0\" class=\"_1mf _1mj\"><span data-offset-key=\"t2at-0-0\">Le chantier d\u2019insertion s&rsquo;inscrit sur l&rsquo;ensemble du territoire avec la r\u00e9alisation de travaux de restauration du patrimoine. Les interventions ont lieu sur des b\u00e2timents publics comme les \u00e9glises, les lavoirs, les mairies, les monuments aux morts ou les logements communaux. Deux \u00e9quipes de 6 salari\u00e9s sont form\u00e9es et r\u00e9parties sur toute la semaine. Elles sont actuellement encadr\u00e9es par Didier Bourgeois qui veille au bon fonctionnement du chantier (organisation, logistique, r\u00e9partition des t\u00e2ches aux salari\u00e9s, respect des r\u00e8gles) mais aussi \u00e0 l\u2019assiduit\u00e9 des salari\u00e9s vis-\u00e0-vis de l\u2019accompagnement socioprofessionnel.<\/span><\/div>\n<\/div>\n<div class=\"\" data-block=\"true\" data-editor=\"2b66v\" data-offset-key=\"1n42g-0-0\" style=\"text-align: justify;\">\n<div data-offset-key=\"1n42g-0-0\" class=\"_1mf _1mj\"><span data-offset-key=\"1n42g-0-0\">&nbsp;<\/span><\/div>\n<\/div>\n<div class=\"\" data-block=\"true\" data-editor=\"2b66v\" data-offset-key=\"b525f-0-0\" style=\"text-align: justify;\">\n<div data-offset-key=\"b525f-0-0\" class=\"_1mf _1mj\"><span data-offset-key=\"b525f-0-0\">Validation des acquis d\u2019exp\u00e9rience (VAE), stages, CDD pouvant d\u00e9boucher sur un emploi fixe, les parcours de chacun sont divers et vari\u00e9s. Certains retrouvent la confiance perdue apr\u00e8s une trop longue p\u00e9riode d\u2019inactivit\u00e9 et se reconstruisent, d\u2019autres au cours de stages ponctuant le chantier d\u2019insertion, se d\u00e9couvrent une r\u00e9elle voie professionnelle.<\/span><\/div>\n<\/div>\n<div class=\"\" data-block=\"true\" data-editor=\"2b66v\" data-offset-key=\"170h1-0-0\" style=\"text-align: justify;\">\n<div data-offset-key=\"170h1-0-0\" class=\"_1mf _1mj\"><span data-offset-key=\"170h1-0-0\">&nbsp;<\/span><\/div>\n<\/div>\n<div class=\"\" data-block=\"true\" data-editor=\"2b66v\" data-offset-key=\"fh7um-0-0\" style=\"text-align: justify;\">\n<div data-offset-key=\"fh7um-0-0\" class=\"_1mf _1mj\"><span data-offset-key=\"fh7um-0-0\">Le chantier d\u2019insertion n\u2019est pas une fin en soi, mais il est synonyme de tremplin pour pouvoir par la suite s\u2019ins\u00e9rer dans la vie active et retrouver une place stable dans la soci\u00e9t\u00e9.<\/span><\/div>\n<\/div>\n<div class=\"\" data-block=\"true\" data-editor=\"2b66v\" data-offset-key=\"1ggvv-0-0\" style=\"text-align: justify;\">\n<div data-offset-key=\"1ggvv-0-0\" class=\"_1mf _1mj\"><span data-offset-key=\"1ggvv-0-0\">&nbsp;<\/span><\/div>\n<\/div>\n<div class=\"\" data-block=\"true\" data-editor=\"2b66v\" data-offset-key=\"5c3b0-0-0\">\n<div data-offset-key=\"5c3b0-0-0\" class=\"_1mf _1mj\" style=\"text-align: justify;\"><span data-offset-key=\"5c3b0-0-0\">Gr\u00e2ce \u00e0 un parcours \u00e0 la carte, une aide constante et un investissement de chaque instant, prodigu\u00e9s par la Communaut\u00e9 de communes, avec l\u2019aide du D\u00e9partement, de p\u00f4le Emploi et des partenaires sociaux, voir le bout du tunnel pour ces personnes laiss\u00e9es au bord de la route n\u2019est plus une utopie !<\/span><\/div>\n<\/div>\n","protected":false},"excerpt":{"rendered":"<p>&nbsp; Jeudi 27 juin en fin d\u2019apr\u00e8s midi, au sein de la communaut\u00e9 de communes des Portes de la Thi\u00e9rache, s\u2019est tenue une petite r\u00e9ception marquant la fin du chantier d\u2019insertion\u2026 un nouveau d\u00e9butant dans quelques jours. &nbsp; Mis en place en 2009 sur le territoire de la Communaut\u00e9 de<a class=\"moretag\" href=\"https:\/\/www.portes-de-thierache.fr\/index.php\/2019\/06\/28\/le-chantier-dinsertion-une-reussite\/\"> Lire la suite<\/a><\/p>\n","protected":false},"author":4,"featured_media":2683,"comment_status":"closed","ping_status":"open","sticky":false,"template":"","format":"standard","meta":{"ngg_post_thumbnail":0,"footnotes":""},"categories":[29,30],"tags":[],"class_list":["post-2682","post","type-post","status-publish","format-standard","has-post-thumbnail","hentry","category-actualites","category-territoire"],"_links":{"self":[{"href":"https:\/\/www.portes-de-thierache.fr\/index.php\/wp-json\/wp\/v2\/posts\/2682","targetHints":{"allow":["GET"]}}],"collection":[{"href":"https:\/\/www.portes-de-thierache.fr\/index.php\/wp-json\/wp\/v2\/posts"}],"about":[{"href":"https:\/\/www.portes-de-thierache.fr\/index.php\/wp-json\/wp\/v2\/types\/post"}],"author":[{"embeddable":true,"href":"https:\/\/www.portes-de-thierache.fr\/index.php\/wp-json\/wp\/v2\/users\/4"}],"replies":[{"embeddable":true,"href":"https:\/\/www.portes-de-thierache.fr\/index.php\/wp-json\/wp\/v2\/comments?post=2682"}],"version-history":[{"count":0,"href":"https:\/\/www.portes-de-thierache.fr\/index.php\/wp-json\/wp\/v2\/posts\/2682\/revisions"}],"wp:featuredmedia":[{"embeddable":true,"href":"https:\/\/www.portes-de-thierache.fr\/index.php\/wp-json\/wp\/v2\/media\/2683"}],"wp:attachment":[{"href":"https:\/\/www.portes-de-thierache.fr\/index.php\/wp-json\/wp\/v2\/media?parent=2682"}],"wp:term":[{"taxonomy":"category","embeddable":true,"href":"https:\/\/www.portes-de-thierache.fr\/index.php\/wp-json\/wp\/v2\/categories?post=2682"},{"taxonomy":"post_tag","embeddable":true,"href":"https:\/\/www.portes-de-thierache.fr\/index.php\/wp-json\/wp\/v2\/tags?post=2682"}],"curies":[{"name":"wp","href":"https:\/\/api.w.org\/{rel}","templated":true}]}}