{"id":2660,"date":"2019-06-25T11:25:54","date_gmt":"2019-06-25T09:25:54","guid":{"rendered":"https:\/\/www.portes-de-thierache.fr\/?p=2660"},"modified":"2019-06-25T11:25:54","modified_gmt":"2019-06-25T09:25:54","slug":"lecole-victor-hugo-de-brunehamel-primee","status":"publish","type":"post","link":"https:\/\/www.portes-de-thierache.fr\/index.php\/2019\/06\/25\/lecole-victor-hugo-de-brunehamel-primee\/","title":{"rendered":"L\u2019\u00e9cole Victor Hugo de Brunehamel prim\u00e9e !"},"content":{"rendered":"<div data-offset-key=\"93jsu-0-0\" class=\"_1mf _1mj\" style=\"text-align: justify;\"><\/div>\n<div data-offset-key=\"93jsu-0-0\"><a href=\"https:\/\/www.portes-de-thierache.fr\/wp-content\/uploads\/2019\/06\/label-\u00e9co-ecole.jpg\"><img loading=\"lazy\" decoding=\"async\" src=\"https:\/\/www.portes-de-thierache.fr\/wp-content\/uploads\/2019\/06\/label-\u00e9co-ecole-300x195.jpg\" alt=\"\" width=\"300\" height=\"195\" class=\"aligncenter size-medium wp-image-2661\" srcset=\"https:\/\/www.portes-de-thierache.fr\/wp-content\/uploads\/2019\/06\/label-\u00e9co-ecole-300x195.jpg 300w, https:\/\/www.portes-de-thierache.fr\/wp-content\/uploads\/2019\/06\/label-\u00e9co-ecole-768x499.jpg 768w, https:\/\/www.portes-de-thierache.fr\/wp-content\/uploads\/2019\/06\/label-\u00e9co-ecole-1024x665.jpg 1024w, https:\/\/www.portes-de-thierache.fr\/wp-content\/uploads\/2019\/06\/label-\u00e9co-ecole.jpg 1149w\" sizes=\"auto, (max-width: 300px) 100vw, 300px\" \/><\/a><\/div>\n<div class=\"\" data-block=\"true\" data-editor=\"9jojs\" data-offset-key=\"32klg-0-0\" style=\"text-align: justify;\">\n<div data-offset-key=\"32klg-0-0\" class=\"_1mf _1mj\"><span data-offset-key=\"32klg-0-0\">\u00a0<\/span><\/div>\n<\/div>\n<div class=\"\" data-block=\"true\" data-editor=\"9jojs\" data-offset-key=\"5aj99-0-0\" style=\"text-align: justify;\">\n<div data-offset-key=\"5aj99-0-0\" class=\"_1mf _1mj\"><span data-offset-key=\"5aj99-0-0\">En recevant le label \u00c9co-\u00c9cole 2019, cette distinction r\u00e9compense tout le travail produit par les enseignants et leurs \u00e9l\u00e8ves tout au long de l\u2019ann\u00e9e scolaire dans les classes de grande section CP et CP CE1.<\/span><\/div>\n<\/div>\n<div class=\"\" data-block=\"true\" data-editor=\"9jojs\" data-offset-key=\"fftm7-0-0\" style=\"text-align: justify;\">\n<div data-offset-key=\"fftm7-0-0\" class=\"_1mf _1mj\"><span data-offset-key=\"fftm7-0-0\">\u00a0<\/span><\/div>\n<\/div>\n<div class=\"\" data-block=\"true\" data-editor=\"9jojs\" data-offset-key=\"ea8mp-0-0\" style=\"text-align: justify;\">\n<div data-offset-key=\"ea8mp-0-0\" class=\"_1mf _1mj\"><span data-offset-key=\"ea8mp-0-0\">Cette ann\u00e9e, l\u2019axe choisi \u00e9tait la sensibilisation aux d\u00e9chets. Gr\u00e2ce \u00e0 une subvention allou\u00e9e par la Communaut\u00e9 de communes des Portes de la Thi\u00e9rache, plusieurs th\u00e8mes avaient \u00e9t\u00e9 choisis pour illustrer cette prise de conscience :<\/span><\/div>\n<\/div>\n<div class=\"\" data-block=\"true\" data-editor=\"9jojs\" data-offset-key=\"1cesa-0-0\" style=\"text-align: justify;\">\n<div data-offset-key=\"1cesa-0-0\" class=\"_1mf _1mj\"><span data-offset-key=\"1cesa-0-0\">\u00a0<\/span><\/div>\n<\/div>\n<div class=\"\" data-block=\"true\" data-editor=\"9jojs\" data-offset-key=\"c7qik-0-0\" style=\"text-align: justify;\">\n<div data-offset-key=\"c7qik-0-0\" class=\"_1mf _1mj\"><span data-offset-key=\"c7qik-0-0\">&#8211; de nombreuses collectes sp\u00e9cifiques ont \u00e9t\u00e9 organis\u00e9es : collectes de piles, de capsules de caf\u00e9, de tubes de colle,<\/span><\/div>\n<\/div>\n<div class=\"\" data-block=\"true\" data-editor=\"9jojs\" data-offset-key=\"4rn2m-0-0\" style=\"text-align: justify;\">\n<div data-offset-key=\"4rn2m-0-0\" class=\"_1mf _1mj\"><span data-offset-key=\"4rn2m-0-0\">&#8211; cr\u00e9ation de sculptures contemporaines \u00e0 base de d\u00e9chets usuels,<\/span><\/div>\n<\/div>\n<div class=\"\" data-block=\"true\" data-editor=\"9jojs\" data-offset-key=\"1421l-0-0\" style=\"text-align: justify;\">\n<div data-offset-key=\"1421l-0-0\" class=\"_1mf _1mj\"><span data-offset-key=\"1421l-0-0\">&#8211; recyclage du papier, fabrication de papier recycl\u00e9 avec de vieux journaux,<\/span><\/div>\n<\/div>\n<div class=\"\" data-block=\"true\" data-editor=\"9jojs\" data-offset-key=\"c4ti-0-0\" style=\"text-align: justify;\">\n<div data-offset-key=\"c4ti-0-0\" class=\"_1mf _1mj\"><span data-offset-key=\"c4ti-0-0\">&#8211; visite du centre de tri d\u2019Urvillers pr\u00e8s de Saint-Quentin rendue possible gr\u00e2ce \u00e0 une subvention du programme Z\u00e9ro D\u00e9chet Z\u00e9ro Gaspillage (ZDZG),<\/span><\/div>\n<\/div>\n<div class=\"\" data-block=\"true\" data-editor=\"9jojs\" data-offset-key=\"57pqk-0-0\" style=\"text-align: justify;\">\n<div data-offset-key=\"57pqk-0-0\" class=\"_1mf _1mj\"><span data-offset-key=\"57pqk-0-0\">&#8211; visite du Musverre \u00e0 Sars-Poteries (59) (mus\u00e9e d\u00e9di\u00e9 au verre sous toutes ses formes),<\/span><\/div>\n<\/div>\n<div class=\"\" data-block=\"true\" data-editor=\"9jojs\" data-offset-key=\"5ss27-0-0\" style=\"text-align: justify;\">\n<div data-offset-key=\"5ss27-0-0\" class=\"_1mf _1mj\"><span data-offset-key=\"5ss27-0-0\">\u00a0<\/span><\/div>\n<\/div>\n<div class=\"\" data-block=\"true\" data-editor=\"9jojs\" data-offset-key=\"f9mnl-0-0\" style=\"text-align: justify;\">\n<div data-offset-key=\"f9mnl-0-0\" class=\"_1mf _1mj\"><span data-offset-key=\"f9mnl-0-0\">Et bien d\u2019autres actions encore !<\/span><\/div>\n<\/div>\n<div class=\"\" data-block=\"true\" data-editor=\"9jojs\" data-offset-key=\"a0i6b-0-0\" style=\"text-align: justify;\">\n<div data-offset-key=\"a0i6b-0-0\" class=\"_1mf _1mj\"><span data-offset-key=\"a0i6b-0-0\">\u00a0<\/span><\/div>\n<\/div>\n<div class=\"\" data-block=\"true\" data-editor=\"9jojs\" data-offset-key=\"4a6mn-0-0\" style=\"text-align: justify;\">\n<div data-offset-key=\"4a6mn-0-0\" class=\"_1mf _1mj\"><span data-offset-key=\"4a6mn-0-0\">Une d\u00e9marche \u00e9cologique dans le milieu scolaire, pour une meilleure transmission aupr\u00e8s des parents, mais \u00e9galement pour, plus tard, g\u00e9n\u00e9rer des citoyens responsables\u2026<\/span><\/div>\n<\/div>\n<div class=\"\" data-block=\"true\" data-editor=\"9jojs\" data-offset-key=\"cjj1-0-0\" style=\"text-align: justify;\">\n<div data-offset-key=\"cjj1-0-0\" class=\"_1mf _1mj\"><span data-offset-key=\"cjj1-0-0\">\u00a0<\/span><\/div>\n<\/div>\n<div class=\"\" data-block=\"true\" data-editor=\"9jojs\" data-offset-key=\"9r115-0-0\">\n<div data-offset-key=\"9r115-0-0\" class=\"_1mf _1mj\" style=\"text-align: justify;\"><span data-offset-key=\"9r115-0-0\">\u00c9co-\u00c9cole est un programme qui vise \u00e0 impliquer l&rsquo;ensemble de la communaut\u00e9 locale dans la transformation des b\u00e2timents scolaires en direction du d\u00e9veloppement durable. Le programme est fond\u00e9 sur une m\u00e9thode en 7 \u00e9tapes, qui apporte une aide pour mettre en \u0153uvre et r\u00e9ussir son projet. Cette m\u00e9thode est appliqu\u00e9e tr\u00e8s concr\u00e8tement sur un ou plusieurs th\u00e8mes choisis par l&rsquo;\u00e9tablissement (eau, \u00e9nergie, d\u00e9chet, alimentation, biodiversit\u00e9, solidarit\u00e9s, changement climatique). Des passerelles sont cr\u00e9\u00e9es entre les programmes scolaires afin de relier les savoirs et l&rsquo;action.<\/span><\/div>\n<\/div>\n","protected":false},"excerpt":{"rendered":"<p>\u00a0 En recevant le label \u00c9co-\u00c9cole 2019, cette distinction r\u00e9compense tout le travail produit par les enseignants et leurs \u00e9l\u00e8ves tout au long de l\u2019ann\u00e9e scolaire dans les classes de grande section CP et CP CE1. \u00a0 Cette ann\u00e9e, l\u2019axe choisi \u00e9tait la sensibilisation aux d\u00e9chets. Gr\u00e2ce \u00e0 une subvention<a class=\"moretag\" href=\"https:\/\/www.portes-de-thierache.fr\/index.php\/2019\/06\/25\/lecole-victor-hugo-de-brunehamel-primee\/\"> Lire la suite<\/a><\/p>\n","protected":false},"author":4,"featured_media":2661,"comment_status":"closed","ping_status":"open","sticky":false,"template":"","format":"standard","meta":{"ngg_post_thumbnail":0,"footnotes":""},"categories":[29,70],"tags":[],"class_list":["post-2660","post","type-post","status-publish","format-standard","has-post-thumbnail","hentry","category-actualites","category-dechets"],"_links":{"self":[{"href":"https:\/\/www.portes-de-thierache.fr\/index.php\/wp-json\/wp\/v2\/posts\/2660","targetHints":{"allow":["GET"]}}],"collection":[{"href":"https:\/\/www.portes-de-thierache.fr\/index.php\/wp-json\/wp\/v2\/posts"}],"about":[{"href":"https:\/\/www.portes-de-thierache.fr\/index.php\/wp-json\/wp\/v2\/types\/post"}],"author":[{"embeddable":true,"href":"https:\/\/www.portes-de-thierache.fr\/index.php\/wp-json\/wp\/v2\/users\/4"}],"replies":[{"embeddable":true,"href":"https:\/\/www.portes-de-thierache.fr\/index.php\/wp-json\/wp\/v2\/comments?post=2660"}],"version-history":[{"count":0,"href":"https:\/\/www.portes-de-thierache.fr\/index.php\/wp-json\/wp\/v2\/posts\/2660\/revisions"}],"wp:featuredmedia":[{"embeddable":true,"href":"https:\/\/www.portes-de-thierache.fr\/index.php\/wp-json\/wp\/v2\/media\/2661"}],"wp:attachment":[{"href":"https:\/\/www.portes-de-thierache.fr\/index.php\/wp-json\/wp\/v2\/media?parent=2660"}],"wp:term":[{"taxonomy":"category","embeddable":true,"href":"https:\/\/www.portes-de-thierache.fr\/index.php\/wp-json\/wp\/v2\/categories?post=2660"},{"taxonomy":"post_tag","embeddable":true,"href":"https:\/\/www.portes-de-thierache.fr\/index.php\/wp-json\/wp\/v2\/tags?post=2660"}],"curies":[{"name":"wp","href":"https:\/\/api.w.org\/{rel}","templated":true}]}}