{"id":2600,"date":"2019-06-12T08:28:57","date_gmt":"2019-06-12T06:28:57","guid":{"rendered":"https:\/\/www.portes-de-thierache.fr\/?p=2600"},"modified":"2023-09-14T14:16:05","modified_gmt":"2023-09-14T12:16:05","slug":"bientot-louverture-de-la-piscine","status":"publish","type":"post","link":"https:\/\/www.portes-de-thierache.fr\/index.php\/2019\/06\/12\/bientot-louverture-de-la-piscine\/","title":{"rendered":"[ARCHIVE] Bient\u00f4t l&rsquo;ouverture de la piscine !"},"content":{"rendered":"<p><a href=\"https:\/\/www.portes-de-thierache.fr\/wp-content\/uploads\/2019\/06\/affiche-piscine-2019-def.jpg\"><img loading=\"lazy\" decoding=\"async\" src=\"https:\/\/www.portes-de-thierache.fr\/wp-content\/uploads\/2019\/06\/affiche-piscine-2019-def-212x300.jpg\" alt=\"\" width=\"212\" height=\"300\" class=\"aligncenter size-medium wp-image-2601\"><\/a><\/p>\n<p>La piscine intercommunale de plein air de Chaourse rouvre ses portes d\u00e8s le samedi 6 juillet \u00e0 14h00 et ce jusqu&rsquo;au 31 ao\u00fbt.<\/p>\n<p>Venez nombreux profiter de l&rsquo;\u00e9tablissement nautique enti\u00e8rement r\u00e9nov\u00e9 l&rsquo;an dernier !<\/p>\n<p>&nbsp;<\/p>\n<p><span>Pour infos : il n&rsquo;y a pas de pr\u00e9-inscription pour les cours particuliers de natation avec les ma\u00eetres-nageurs, ces derniers prendront les inscriptions d\u00e8s leur prise de fonction, soit \u00e0 partir du 6 juillet.<\/span><\/p>\n<p>&nbsp;<\/p>\n<p>Horaires et tarifs ci-apr\u00e8s :<\/p>\n<p>&nbsp;<\/p>\n<p><a href=\"https:\/\/www.portes-de-thierache.fr\/wp-content\/uploads\/2019\/06\/piscine2.jpg\"><img loading=\"lazy\" decoding=\"async\" src=\"https:\/\/www.portes-de-thierache.fr\/wp-content\/uploads\/2019\/06\/piscine2-208x300.jpg\" alt=\"\" width=\"208\" height=\"300\" class=\"aligncenter size-medium wp-image-2670\"><\/a><\/p>\n","protected":false},"excerpt":{"rendered":"<p>La piscine intercommunale de plein air de Chaourse rouvre ses portes d\u00e8s le samedi 6 juillet \u00e0 14h00 et ce jusqu&rsquo;au 31 ao\u00fbt. Venez nombreux profiter de l&rsquo;\u00e9tablissement nautique enti\u00e8rement r\u00e9nov\u00e9 l&rsquo;an dernier ! &nbsp; Pour infos : il n&rsquo;y a pas de pr\u00e9-inscription pour les cours particuliers de natation<a class=\"moretag\" href=\"https:\/\/www.portes-de-thierache.fr\/index.php\/2019\/06\/12\/bientot-louverture-de-la-piscine\/\"> Lire la suite<\/a><\/p>\n","protected":false},"author":4,"featured_media":0,"comment_status":"closed","ping_status":"open","sticky":false,"template":"","format":"standard","meta":{"ngg_post_thumbnail":0,"footnotes":""},"categories":[29],"tags":[],"class_list":["post-2600","post","type-post","status-publish","format-standard","hentry","category-actualites"],"_links":{"self":[{"href":"https:\/\/www.portes-de-thierache.fr\/index.php\/wp-json\/wp\/v2\/posts\/2600","targetHints":{"allow":["GET"]}}],"collection":[{"href":"https:\/\/www.portes-de-thierache.fr\/index.php\/wp-json\/wp\/v2\/posts"}],"about":[{"href":"https:\/\/www.portes-de-thierache.fr\/index.php\/wp-json\/wp\/v2\/types\/post"}],"author":[{"embeddable":true,"href":"https:\/\/www.portes-de-thierache.fr\/index.php\/wp-json\/wp\/v2\/users\/4"}],"replies":[{"embeddable":true,"href":"https:\/\/www.portes-de-thierache.fr\/index.php\/wp-json\/wp\/v2\/comments?post=2600"}],"version-history":[{"count":0,"href":"https:\/\/www.portes-de-thierache.fr\/index.php\/wp-json\/wp\/v2\/posts\/2600\/revisions"}],"wp:attachment":[{"href":"https:\/\/www.portes-de-thierache.fr\/index.php\/wp-json\/wp\/v2\/media?parent=2600"}],"wp:term":[{"taxonomy":"category","embeddable":true,"href":"https:\/\/www.portes-de-thierache.fr\/index.php\/wp-json\/wp\/v2\/categories?post=2600"},{"taxonomy":"post_tag","embeddable":true,"href":"https:\/\/www.portes-de-thierache.fr\/index.php\/wp-json\/wp\/v2\/tags?post=2600"}],"curies":[{"name":"wp","href":"https:\/\/api.w.org\/{rel}","templated":true}]}}