{"id":2388,"date":"2019-04-16T16:00:45","date_gmt":"2019-04-16T14:00:45","guid":{"rendered":"https:\/\/www.portes-de-thierache.fr\/?p=2388"},"modified":"2019-04-16T16:04:49","modified_gmt":"2019-04-16T14:04:49","slug":"rappel-concernant-certains-contrevenants","status":"publish","type":"post","link":"https:\/\/www.portes-de-thierache.fr\/index.php\/2019\/04\/16\/rappel-concernant-certains-contrevenants\/","title":{"rendered":"RAPPEL \u00e0 certains contrevenants !"},"content":{"rendered":"<div data-offset-key=\"5ifku-0-0\" class=\"_1mf _1mj\"><\/div>\n<div data-offset-key=\"5ifku-0-0\"><a href=\"https:\/\/www.portes-de-thierache.fr\/wp-content\/uploads\/2019\/04\/panneau-vertical-acces-interdit-a-tous-vehicules-a-moteur-008575275-product_zoom.jpg\"><img loading=\"lazy\" decoding=\"async\" src=\"https:\/\/www.portes-de-thierache.fr\/wp-content\/uploads\/2019\/04\/panneau-vertical-acces-interdit-a-tous-vehicules-a-moteur-008575275-product_zoom-300x225.jpg\" alt=\"panneau-vertical-acces-interdit-a-tous-vehicules-a-moteur-008575275-product_zoom\" width=\"300\" height=\"225\" class=\"aligncenter size-medium wp-image-2389\" srcset=\"https:\/\/www.portes-de-thierache.fr\/wp-content\/uploads\/2019\/04\/panneau-vertical-acces-interdit-a-tous-vehicules-a-moteur-008575275-product_zoom-300x225.jpg 300w, https:\/\/www.portes-de-thierache.fr\/wp-content\/uploads\/2019\/04\/panneau-vertical-acces-interdit-a-tous-vehicules-a-moteur-008575275-product_zoom.jpg 640w\" sizes=\"auto, (max-width: 300px) 100vw, 300px\" \/><\/a><a href=\"https:\/\/www.portes-de-thierache.fr\/wp-content\/uploads\/2019\/04\/23082018-sans-titre-53.jpg\"><img loading=\"lazy\" decoding=\"async\" src=\"https:\/\/www.portes-de-thierache.fr\/wp-content\/uploads\/2019\/04\/23082018-sans-titre-53-199x300.jpg\" alt=\"\" width=\"199\" height=\"300\" class=\"alignright size-medium wp-image-2390\" srcset=\"https:\/\/www.portes-de-thierache.fr\/wp-content\/uploads\/2019\/04\/23082018-sans-titre-53-199x300.jpg 199w, https:\/\/www.portes-de-thierache.fr\/wp-content\/uploads\/2019\/04\/23082018-sans-titre-53-768x1155.jpg 768w, https:\/\/www.portes-de-thierache.fr\/wp-content\/uploads\/2019\/04\/23082018-sans-titre-53-681x1024.jpg 681w\" sizes=\"auto, (max-width: 199px) 100vw, 199px\" \/><\/a><a href=\"https:\/\/www.portes-de-thierache.fr\/wp-content\/uploads\/2019\/04\/panneau-vertical-acces-interdit-a-tous-vehicules-a-moteur-008575275-product_zoom.jpg\"><\/a><\/div>\n<div class=\"\" data-block=\"true\" data-editor=\"fl5o4\" data-offset-key=\"fp5nt-0-0\">\n<div data-offset-key=\"fp5nt-0-0\" class=\"_1mf _1mj\"><span data-offset-key=\"fp5nt-0-0\">\u00a0<\/span><\/div>\n<\/div>\n<div class=\"\" data-block=\"true\" data-editor=\"fl5o4\" data-offset-key=\"6anmt-0-0\">\n<div data-offset-key=\"6anmt-0-0\" class=\"_1mf _1mj\"><span data-offset-key=\"6anmt-0-0\">Le Val de Serre, chemin de randonn\u00e9e, est interdit \u00e0 tous les v\u00e9hicules \u00e0 moteur et notamment aux quads et aux motos.<\/span><\/div>\n<\/div>\n<div class=\"\" data-block=\"true\" data-editor=\"fl5o4\" data-offset-key=\"f8df4-0-0\">\n<div data-offset-key=\"f8df4-0-0\" class=\"_1mf _1mj\"><span data-offset-key=\"f8df4-0-0\">\u00a0<\/span><\/div>\n<\/div>\n<div class=\"\" data-block=\"true\" data-editor=\"fl5o4\" data-offset-key=\"muut-0-0\">\n<div data-offset-key=\"muut-0-0\" class=\"_1mf _1mj\"><span data-offset-key=\"muut-0-0\">Ces sentiers sont exclusivement r\u00e9serv\u00e9s aux promeneurs, aux marcheurs, aux cavaliers et aux VTTistes.<\/span><\/div>\n<\/div>\n<div class=\"\" data-block=\"true\" data-editor=\"fl5o4\" data-offset-key=\"4apsb-0-0\">\n<div data-offset-key=\"4apsb-0-0\" class=\"_1mf _1mj\"><span data-offset-key=\"4apsb-0-0\"> <\/span><\/div>\n<\/div>\n<div class=\"\" data-block=\"true\" data-editor=\"fl5o4\" data-offset-key=\"5hmjm-0-0\">\n<div data-offset-key=\"5hmjm-0-0\" class=\"_1mf _1mj\"><span data-offset-key=\"5hmjm-0-0\">Merci de respecter la r\u00e9glementation en vigueur, ainsi que la nature !<\/span><\/div>\n<\/div>\n","protected":false},"excerpt":{"rendered":"<p>\u00a0 Le Val de Serre, chemin de randonn\u00e9e, est interdit \u00e0 tous les v\u00e9hicules \u00e0 moteur et notamment aux quads et aux motos. \u00a0 Ces sentiers sont exclusivement r\u00e9serv\u00e9s aux promeneurs, aux marcheurs, aux cavaliers et aux VTTistes. Merci de respecter la r\u00e9glementation en vigueur, ainsi que la nature !<\/p>\n","protected":false},"author":4,"featured_media":2389,"comment_status":"closed","ping_status":"open","sticky":false,"template":"","format":"standard","meta":{"ngg_post_thumbnail":0,"footnotes":""},"categories":[29],"tags":[],"class_list":["post-2388","post","type-post","status-publish","format-standard","has-post-thumbnail","hentry","category-actualites"],"_links":{"self":[{"href":"https:\/\/www.portes-de-thierache.fr\/index.php\/wp-json\/wp\/v2\/posts\/2388","targetHints":{"allow":["GET"]}}],"collection":[{"href":"https:\/\/www.portes-de-thierache.fr\/index.php\/wp-json\/wp\/v2\/posts"}],"about":[{"href":"https:\/\/www.portes-de-thierache.fr\/index.php\/wp-json\/wp\/v2\/types\/post"}],"author":[{"embeddable":true,"href":"https:\/\/www.portes-de-thierache.fr\/index.php\/wp-json\/wp\/v2\/users\/4"}],"replies":[{"embeddable":true,"href":"https:\/\/www.portes-de-thierache.fr\/index.php\/wp-json\/wp\/v2\/comments?post=2388"}],"version-history":[{"count":0,"href":"https:\/\/www.portes-de-thierache.fr\/index.php\/wp-json\/wp\/v2\/posts\/2388\/revisions"}],"wp:featuredmedia":[{"embeddable":true,"href":"https:\/\/www.portes-de-thierache.fr\/index.php\/wp-json\/wp\/v2\/media\/2389"}],"wp:attachment":[{"href":"https:\/\/www.portes-de-thierache.fr\/index.php\/wp-json\/wp\/v2\/media?parent=2388"}],"wp:term":[{"taxonomy":"category","embeddable":true,"href":"https:\/\/www.portes-de-thierache.fr\/index.php\/wp-json\/wp\/v2\/categories?post=2388"},{"taxonomy":"post_tag","embeddable":true,"href":"https:\/\/www.portes-de-thierache.fr\/index.php\/wp-json\/wp\/v2\/tags?post=2388"}],"curies":[{"name":"wp","href":"https:\/\/api.w.org\/{rel}","templated":true}]}}