{"id":1981,"date":"2018-12-18T17:10:31","date_gmt":"2018-12-18T16:10:31","guid":{"rendered":"https:\/\/www.portes-de-thierache.fr\/?p=1981"},"modified":"2018-12-18T17:15:21","modified_gmt":"2018-12-18T16:15:21","slug":"vers-le-zero-phyto","status":"publish","type":"post","link":"https:\/\/www.portes-de-thierache.fr\/index.php\/2018\/12\/18\/vers-le-zero-phyto\/","title":{"rendered":"Vers le \u00ab\u00a0z\u00e9ro phyto\u00a0\u00bb !"},"content":{"rendered":"<p><a href=\"https:\/\/www.portes-de-thierache.fr\/wp-content\/uploads\/2018\/12\/Capture-zero-phyto-1.jpg\"><img loading=\"lazy\" decoding=\"async\" src=\"https:\/\/www.portes-de-thierache.fr\/wp-content\/uploads\/2018\/12\/Capture-zero-phyto-1-300x212.jpg\" alt=\"Capture zero phyto 1\" width=\"300\" height=\"212\" class=\"size-medium wp-image-1982 aligncenter\" srcset=\"https:\/\/www.portes-de-thierache.fr\/wp-content\/uploads\/2018\/12\/Capture-zero-phyto-1-300x212.jpg 300w, https:\/\/www.portes-de-thierache.fr\/wp-content\/uploads\/2018\/12\/Capture-zero-phyto-1.jpg 742w\" sizes=\"auto, (max-width: 300px) 100vw, 300px\" \/><\/a><\/p>\n<div class=\"\" data-block=\"true\" data-editor=\"3adia\" data-offset-key=\"81nck-0-0\">\n<div data-offset-key=\"81nck-0-0\" class=\"_1mf _1mj\" style=\"text-align: justify;\"><span data-offset-key=\"81nck-0-0\">La Communaut\u00e9 de communes des Portes de la Thi\u00e9rache et les communes de DAGNY-LAMBERCY, LISLET, BERLISE, MONTLOU\u00c9 et NOIRCOURT se sont engag\u00e9es \u00e0 mettre en \u0153uvre une d\u00e9marche\u00a0<\/span>\u00abz\u00e9ro phyto\u00bb et \u00abgestion diff\u00e9renci\u00e9e\u00bb de la totalit\u00e9 de leurs espaces communaux et intercommunaux.<\/div>\n<\/div>\n<div class=\"\" data-block=\"true\" data-editor=\"3adia\" data-offset-key=\"6k2m4-0-0\" style=\"text-align: justify;\">\n<div data-offset-key=\"6k2m4-0-0\" class=\"_1mf _1mj\"><span data-offset-key=\"6k2m4-0-0\">\u00a0<\/span><\/div>\n<\/div>\n<div class=\"\" data-block=\"true\" data-editor=\"3adia\" data-offset-key=\"emrrp-0-0\" style=\"text-align: justify;\">\n<div data-offset-key=\"emrrp-0-0\" class=\"_1mf _1mj\"><span data-offset-key=\"emrrp-0-0\">Le Bureau d\u2019\u00e9tudes SCOP ECO\u2019LogiC @eco&rsquo;logic nous accompagne pour r\u00e9aliser les diagnostics de pratiques, promulguer les conseils et r\u00e9diger les plans de gestion. <\/span><\/div>\n<\/div>\n<div class=\"\" data-block=\"true\" data-editor=\"3adia\" data-offset-key=\"7v9sq-0-0\" style=\"text-align: justify;\">\n<div data-offset-key=\"7v9sq-0-0\" class=\"_1mf _1mj\"><span data-offset-key=\"7v9sq-0-0\">Ce programme a pour but de pr\u00e9server notre sant\u00e9, la ressource en eau, la biodiversit\u00e9 et s\u2019inscrit dans une d\u00e9marche plus large de d\u00e9veloppement durable. <\/span><\/div>\n<\/div>\n<div class=\"\" data-block=\"true\" data-editor=\"3adia\" data-offset-key=\"2jnhf-0-0\" style=\"text-align: justify;\">\n<div data-offset-key=\"2jnhf-0-0\" class=\"_1mf _1mj\"><span data-offset-key=\"2jnhf-0-0\">\u00a0<\/span><\/div>\n<\/div>\n<div class=\"\" data-block=\"true\" data-editor=\"3adia\" data-offset-key=\"c7hsk-0-0\" style=\"text-align: justify;\">\n<div data-offset-key=\"c7hsk-0-0\" class=\"_1mf _1mj\"><span data-offset-key=\"c7hsk-0-0\">Le \u00ab z\u00e9ro-phyto \u00bb est obligatoire depuis le 1er Janvier 2017 pour les communes et plus g\u00e9n\u00e9ralement sur l\u2019ensemble des espaces publics (except\u00e9s cimeti\u00e8res et terrains de sports dans certains cas), ce qui entra\u00eene n\u00e9cessairement une \u00e9volution paysag\u00e8re de nos espaces au fil des saisons\u2026 Il faut donc s\u2019attendre, de plus en plus, \u00e0 ce que quelques \u00ab herbes folles \u00bb colonisent nos trottoirs, \u00e0 ce que nos talus, nos espaces de promenades et de randonn\u00e9es soient plus riches de biodiversit\u00e9 : nous devons d\u00e8s maintenant nous pr\u00e9parer \u00e0 la mise en \u0153uvre de nouvelles pratiques afin de r\u00e9apprendre \u00e0 se passer d\u00e9finitivement des produits phytosanitaires ! <\/span><\/div>\n<\/div>\n<div class=\"\" data-block=\"true\" data-editor=\"3adia\" data-offset-key=\"ba44i-0-0\" style=\"text-align: justify;\">\n<div data-offset-key=\"ba44i-0-0\" class=\"_1mf _1mj\"><span data-offset-key=\"ba44i-0-0\">\u00a0<\/span><\/div>\n<\/div>\n<div class=\"\" data-block=\"true\" data-editor=\"3adia\" data-offset-key=\"1g0du-0-0\" style=\"text-align: justify;\">\n<div data-offset-key=\"1g0du-0-0\" class=\"_1mf _1mj\"><span data-offset-key=\"1g0du-0-0\">Pour info, pour les particuliers, l\u2019achat et l\u2019usage des produits phyto seront interdits \u00e0 partir du 1er janvier 2019 (https:\/\/stop-pesticides.fr\/la-loi-labbe-quest-ce-que-cest\/)<\/span><\/div>\n<\/div>\n<div class=\"\" data-block=\"true\" data-editor=\"3adia\" data-offset-key=\"28nep-0-0\" style=\"text-align: justify;\">\n<div data-offset-key=\"28nep-0-0\" class=\"_1mf _1mj\"><span data-offset-key=\"28nep-0-0\">\u00a0<\/span><\/div>\n<\/div>\n<div class=\"\" data-block=\"true\" data-editor=\"3adia\" data-offset-key=\"edl97-0-0\">\n<div data-offset-key=\"edl97-0-0\" class=\"_1mf _1mj\" style=\"text-align: justify;\"><span data-offset-key=\"edl97-0-0\">Pas vraiment convaincus ? Certains ont d\u00e9j\u00e0 pris de l&rsquo;avance, jetez un coup d&rsquo;\u0153il ici : https:\/\/vimeo.com\/182816360<\/span><\/div>\n<\/div>\n<div data-offset-key=\"edl97-0-0\"><\/div>\n<div data-offset-key=\"edl97-0-0\"><a href=\"https:\/\/www.portes-de-thierache.fr\/wp-content\/uploads\/2018\/12\/Capture-zero-phyto-2.jpg\"><img loading=\"lazy\" decoding=\"async\" src=\"https:\/\/www.portes-de-thierache.fr\/wp-content\/uploads\/2018\/12\/Capture-zero-phyto-2-300x212.jpg\" alt=\"Capture zero phyto 2\" width=\"300\" height=\"212\" class=\"size-medium wp-image-1983 aligncenter\" srcset=\"https:\/\/www.portes-de-thierache.fr\/wp-content\/uploads\/2018\/12\/Capture-zero-phyto-2-300x212.jpg 300w, https:\/\/www.portes-de-thierache.fr\/wp-content\/uploads\/2018\/12\/Capture-zero-phyto-2-768x542.jpg 768w, https:\/\/www.portes-de-thierache.fr\/wp-content\/uploads\/2018\/12\/Capture-zero-phyto-2.jpg 923w\" sizes=\"auto, (max-width: 300px) 100vw, 300px\" \/><\/a><\/div>\n","protected":false},"excerpt":{"rendered":"<p>La Communaut\u00e9 de communes des Portes de la Thi\u00e9rache et les communes de DAGNY-LAMBERCY, LISLET, BERLISE, MONTLOU\u00c9 et NOIRCOURT se sont engag\u00e9es \u00e0 mettre en \u0153uvre une d\u00e9marche\u00a0\u00abz\u00e9ro phyto\u00bb et \u00abgestion diff\u00e9renci\u00e9e\u00bb de la totalit\u00e9 de leurs espaces communaux et intercommunaux. \u00a0 Le Bureau d\u2019\u00e9tudes SCOP ECO\u2019LogiC @eco&rsquo;logic nous accompagne<a class=\"moretag\" href=\"https:\/\/www.portes-de-thierache.fr\/index.php\/2018\/12\/18\/vers-le-zero-phyto\/\"> Lire la suite<\/a><\/p>\n","protected":false},"author":4,"featured_media":1983,"comment_status":"closed","ping_status":"open","sticky":false,"template":"","format":"standard","meta":{"ngg_post_thumbnail":0,"footnotes":""},"categories":[29],"tags":[],"class_list":["post-1981","post","type-post","status-publish","format-standard","has-post-thumbnail","hentry","category-actualites"],"_links":{"self":[{"href":"https:\/\/www.portes-de-thierache.fr\/index.php\/wp-json\/wp\/v2\/posts\/1981","targetHints":{"allow":["GET"]}}],"collection":[{"href":"https:\/\/www.portes-de-thierache.fr\/index.php\/wp-json\/wp\/v2\/posts"}],"about":[{"href":"https:\/\/www.portes-de-thierache.fr\/index.php\/wp-json\/wp\/v2\/types\/post"}],"author":[{"embeddable":true,"href":"https:\/\/www.portes-de-thierache.fr\/index.php\/wp-json\/wp\/v2\/users\/4"}],"replies":[{"embeddable":true,"href":"https:\/\/www.portes-de-thierache.fr\/index.php\/wp-json\/wp\/v2\/comments?post=1981"}],"version-history":[{"count":0,"href":"https:\/\/www.portes-de-thierache.fr\/index.php\/wp-json\/wp\/v2\/posts\/1981\/revisions"}],"wp:featuredmedia":[{"embeddable":true,"href":"https:\/\/www.portes-de-thierache.fr\/index.php\/wp-json\/wp\/v2\/media\/1983"}],"wp:attachment":[{"href":"https:\/\/www.portes-de-thierache.fr\/index.php\/wp-json\/wp\/v2\/media?parent=1981"}],"wp:term":[{"taxonomy":"category","embeddable":true,"href":"https:\/\/www.portes-de-thierache.fr\/index.php\/wp-json\/wp\/v2\/categories?post=1981"},{"taxonomy":"post_tag","embeddable":true,"href":"https:\/\/www.portes-de-thierache.fr\/index.php\/wp-json\/wp\/v2\/tags?post=1981"}],"curies":[{"name":"wp","href":"https:\/\/api.w.org\/{rel}","templated":true}]}}