{"id":1739,"date":"2018-11-26T14:51:05","date_gmt":"2018-11-26T13:51:05","guid":{"rendered":"http:\/\/www.portes-de-thierache.fr\/?p=1739"},"modified":"2023-09-14T14:12:53","modified_gmt":"2023-09-14T12:12:53","slug":"montcornet-et-son-noel-magique","status":"publish","type":"post","link":"https:\/\/www.portes-de-thierache.fr\/index.php\/2018\/11\/26\/montcornet-et-son-noel-magique\/","title":{"rendered":"[ARCHIVE] Montcornet et son \u00ab\u00a0No\u00ebl magique\u00a0\u00bb"},"content":{"rendered":"<p style=\"text-align: justify;\"><a href=\"https:\/\/www.portes-de-thierache.fr\/wp-content\/uploads\/2018\/11\/46485818_1878955942231003_2712004863666946048_n.jpg\"><img loading=\"lazy\" decoding=\"async\" src=\"https:\/\/www.portes-de-thierache.fr\/wp-content\/uploads\/2018\/11\/46485818_1878955942231003_2712004863666946048_n-212x300.jpg\" alt=\"No\u00ebl Magique Montcornet\" width=\"212\" height=\"300\" class=\"aligncenter wp-image-1740 size-medium\" srcset=\"https:\/\/www.portes-de-thierache.fr\/wp-content\/uploads\/2018\/11\/46485818_1878955942231003_2712004863666946048_n-212x300.jpg 212w, https:\/\/www.portes-de-thierache.fr\/wp-content\/uploads\/2018\/11\/46485818_1878955942231003_2712004863666946048_n.jpg 679w\" sizes=\"auto, (max-width: 212px) 100vw, 212px\" \/><\/a><\/p>\n<p style=\"text-align: justify;\">Samedi 8 d\u00e9cembre de 10h \u00e0 18h30, la place de l&rsquo;H\u00f4tel de ville et la salle des f\u00eates de Montcornet accueillent la 5\u00e8me \u00e9dition du \u00ab\u00a0No\u00ebl magique\u00a0\u00bb!<\/p>\n<p style=\"text-align: justify;\">Au programme, foule d&rsquo;animations gratuites, avec la pr\u00e9sence du P\u00e8re No\u00ebl et de ses mascottes, d&rsquo;un stand photos pour immortaliser le moment avec le gros bonhomme en rouge, de Gino et ses barbes \u00e0 papa et bien entendu, de la bo\u00eete aux lettres du P\u00e8re No\u00ebl qui attendra les demandes de cadeaux des en<span class=\"text_exposed_show\">fants.<br \/>\nPromenade en cal\u00e8che, maquillage, pains d&rsquo;\u00e9pices, plus de trente exposants composant le march\u00e9 de No\u00ebl, chocolat chaud pour les enfants, vin chaud pour les plus grands&#8230; et embrasement de la fa\u00e7ade de l&rsquo;H\u00f4tel de ville !<\/span><\/p>\n<div class=\"text_exposed_show\">\n<p style=\"text-align: justify;\">Seul ou en famille, petits et grands, venez nombreux partager la magie de No\u00ebl !<\/p>\n<\/div>\n","protected":false},"excerpt":{"rendered":"<p>Samedi 8 d\u00e9cembre de 10h \u00e0 18h30, la place de l&rsquo;H\u00f4tel de ville et la salle des f\u00eates de Montcornet accueillent la 5\u00e8me \u00e9dition du \u00ab\u00a0No\u00ebl magique\u00a0\u00bb! Au programme, foule d&rsquo;animations gratuites, avec la pr\u00e9sence du P\u00e8re No\u00ebl et de ses mascottes, d&rsquo;un stand photos pour immortaliser le moment avec<a class=\"moretag\" href=\"https:\/\/www.portes-de-thierache.fr\/index.php\/2018\/11\/26\/montcornet-et-son-noel-magique\/\"> Lire la suite<\/a><\/p>\n","protected":false},"author":3,"featured_media":1740,"comment_status":"closed","ping_status":"open","sticky":false,"template":"","format":"standard","meta":{"ngg_post_thumbnail":0,"footnotes":""},"categories":[29],"tags":[],"class_list":["post-1739","post","type-post","status-publish","format-standard","has-post-thumbnail","hentry","category-actualites"],"_links":{"self":[{"href":"https:\/\/www.portes-de-thierache.fr\/index.php\/wp-json\/wp\/v2\/posts\/1739","targetHints":{"allow":["GET"]}}],"collection":[{"href":"https:\/\/www.portes-de-thierache.fr\/index.php\/wp-json\/wp\/v2\/posts"}],"about":[{"href":"https:\/\/www.portes-de-thierache.fr\/index.php\/wp-json\/wp\/v2\/types\/post"}],"author":[{"embeddable":true,"href":"https:\/\/www.portes-de-thierache.fr\/index.php\/wp-json\/wp\/v2\/users\/3"}],"replies":[{"embeddable":true,"href":"https:\/\/www.portes-de-thierache.fr\/index.php\/wp-json\/wp\/v2\/comments?post=1739"}],"version-history":[{"count":0,"href":"https:\/\/www.portes-de-thierache.fr\/index.php\/wp-json\/wp\/v2\/posts\/1739\/revisions"}],"wp:featuredmedia":[{"embeddable":true,"href":"https:\/\/www.portes-de-thierache.fr\/index.php\/wp-json\/wp\/v2\/media\/1740"}],"wp:attachment":[{"href":"https:\/\/www.portes-de-thierache.fr\/index.php\/wp-json\/wp\/v2\/media?parent=1739"}],"wp:term":[{"taxonomy":"category","embeddable":true,"href":"https:\/\/www.portes-de-thierache.fr\/index.php\/wp-json\/wp\/v2\/categories?post=1739"},{"taxonomy":"post_tag","embeddable":true,"href":"https:\/\/www.portes-de-thierache.fr\/index.php\/wp-json\/wp\/v2\/tags?post=1739"}],"curies":[{"name":"wp","href":"https:\/\/api.w.org\/{rel}","templated":true}]}}