{"id":15819,"date":"2026-09-01T14:08:12","date_gmt":"2026-09-01T12:08:12","guid":{"rendered":"https:\/\/www.portes-de-thierache.fr\/?p=15819"},"modified":"2026-09-01T14:16:00","modified_gmt":"2026-09-01T12:16:00","slug":"journees-europeennes-du-patrimoine-a-chaourse","status":"publish","type":"post","link":"https:\/\/www.portes-de-thierache.fr\/index.php\/2026\/09\/01\/journees-europeennes-du-patrimoine-a-chaourse\/","title":{"rendered":"Journ\u00e9es Europ\u00e9ennes du Patrimoine \u00e0 Chaourse"},"content":{"rendered":"\n<figure class=\"wp-block-gallery has-nested-images columns-default is-cropped wp-block-gallery-1 is-layout-flex wp-block-gallery-is-layout-flex\">\n<figure class=\"wp-block-image size-large\"><img loading=\"lazy\" decoding=\"async\" width=\"724\" height=\"1024\" data-id=\"15820\" src=\"https:\/\/www.portes-de-thierache.fr\/wp-content\/uploads\/2026\/09\/Flyer-Micro-Folie-Chaourse-x2_page-0001-724x1024.jpg\" alt=\"Affiche Micro Folie Chaourse\" class=\"wp-image-15820\" srcset=\"https:\/\/www.portes-de-thierache.fr\/wp-content\/uploads\/2026\/09\/Flyer-Micro-Folie-Chaourse-x2_page-0001-724x1024.jpg 724w, https:\/\/www.portes-de-thierache.fr\/wp-content\/uploads\/2026\/09\/Flyer-Micro-Folie-Chaourse-x2_page-0001-212x300.jpg 212w, https:\/\/www.portes-de-thierache.fr\/wp-content\/uploads\/2026\/09\/Flyer-Micro-Folie-Chaourse-x2_page-0001-768x1086.jpg 768w, https:\/\/www.portes-de-thierache.fr\/wp-content\/uploads\/2026\/09\/Flyer-Micro-Folie-Chaourse-x2_page-0001-1086x1536.jpg 1086w, https:\/\/www.portes-de-thierache.fr\/wp-content\/uploads\/2026\/09\/Flyer-Micro-Folie-Chaourse-x2_page-0001.jpg 1241w\" sizes=\"auto, (max-width: 724px) 100vw, 724px\" \/><\/figure>\n\n\n\n<figure class=\"wp-block-image size-large\"><img loading=\"lazy\" decoding=\"async\" width=\"724\" height=\"1024\" data-id=\"15821\" src=\"https:\/\/www.portes-de-thierache.fr\/wp-content\/uploads\/2026\/09\/Flyer-Micro-Folie-Chaourse-x2_page-0002-724x1024.jpg\" alt=\"Affiche Micro Folie Chaourse\" class=\"wp-image-15821\" srcset=\"https:\/\/www.portes-de-thierache.fr\/wp-content\/uploads\/2026\/09\/Flyer-Micro-Folie-Chaourse-x2_page-0002-724x1024.jpg 724w, https:\/\/www.portes-de-thierache.fr\/wp-content\/uploads\/2026\/09\/Flyer-Micro-Folie-Chaourse-x2_page-0002-212x300.jpg 212w, https:\/\/www.portes-de-thierache.fr\/wp-content\/uploads\/2026\/09\/Flyer-Micro-Folie-Chaourse-x2_page-0002-768x1086.jpg 768w, https:\/\/www.portes-de-thierache.fr\/wp-content\/uploads\/2026\/09\/Flyer-Micro-Folie-Chaourse-x2_page-0002-1086x1536.jpg 1086w, https:\/\/www.portes-de-thierache.fr\/wp-content\/uploads\/2026\/09\/Flyer-Micro-Folie-Chaourse-x2_page-0002.jpg 1241w\" sizes=\"auto, (max-width: 724px) 100vw, 724px\" \/><\/figure>\n<\/figure>\n\n\n\n<div class=\"x14z9mp xat24cr x1lziwak x1vvkbs xtlvy1s x126k92a\">\n<div dir=\"auto\">\n<h3 class=\"isSelectedEnd\"><strong><span>Mercredi 16 et samedi 19 septembre \u2013 Salle polyvalente, rue du Moulin<\/span><\/strong><\/h3>\n<p class=\"isSelectedEnd\" style=\"text-align: justify;\"><span>\u00c0 l\u2019occasion des <\/span><strong><span>Journ\u00e9es Europ\u00e9ennes du Patrimoine<\/span><\/strong><span>, consacr\u00e9es cette ann\u00e9e aux th\u00e8mes <\/span><em><span>\u00ab Patrimoine de la photographie \u00bb<\/span><\/em><span> et <\/span><em><span>\u00ab Patrimoine en p\u00e9ril : raviver, r\u00e9sister, r\u00e9imaginer \u00bb<\/span><\/em><span>, la <\/span><strong><span>Micro-Folie Mobile<\/span><\/strong><span> invite les habitants \u00e0 prendre part \u00e0 une aventure collective : la cr\u00e9ation d\u2019une exposition consacr\u00e9e au patrimoine de la Thi\u00e9rache.<\/span><\/p>\n<h3><span>Quel patrimoine de la Thi\u00e9rache souhaitez-vous raviver ?<\/span><\/h3>\n<p class=\"isSelectedEnd\" style=\"text-align: justify;\"><span>Un ancien lavoir, une \u00e9glise, un paysage, un savoir-faire, un objet ou encore un souvenir de famille\u2026 Chacun peut contribuer \u00e0 faire d\u00e9couvrir et \u00e0 mettre en lumi\u00e8re le patrimoine qui lui tient \u00e0 c\u0153ur.<\/span><\/p>\n<p class=\"isSelectedEnd\" style=\"text-align: justify;\"><span>Les habitants sont invit\u00e9s \u00e0 <\/span><strong><span>photographier le patrimoine qu\u2019ils souhaitent partager<\/span><\/strong><span>, afin de participer \u00e0 la cr\u00e9ation d\u2019une exposition collective.<\/span><\/p>\n<h3><span>Mercredi 16 septembre \u2013 de 14h \u00e0 17h<\/span><\/h3>\n<p class=\"isSelectedEnd\"><strong><span>Tous acteurs de notre patrimoine<\/span><\/strong><\/p>\n<p class=\"isSelectedEnd\" style=\"text-align: justify;\"><span>D\u00e9couvrez les tr\u00e9sors photographi\u00e9s par les habitants et participez \u00e0 la mise en lumi\u00e8re de ce patrimoine \u00e0 travers <\/span><strong><span>l\u2019installation de l\u2019exposition et la cr\u00e9ation des cartels<\/span><\/strong><span>.<\/span><\/p>\n<h3><span>Samedi 19 septembre \u2013 de 16h \u00e0 20h<\/span><\/h3>\n<p class=\"isSelectedEnd\"><strong><span>Un patrimoine \u00e0 partager pour red\u00e9couvrir notre territoire<\/span><\/strong><\/p>\n<p class=\"isSelectedEnd\"><span>Venez d\u00e9couvrir l\u2019exposition r\u00e9alis\u00e9e collectivement et partager un moment convivial autour du patrimoine de notre territoire.<\/span><\/p>\n<p class=\"isSelectedEnd\"><span>La soir\u00e9e se poursuivra \u00e0 <\/span><strong><span>20h30<\/span><\/strong><span> avec la visite th\u00e9\u00e2trale <\/span><strong><span>\u00ab Les veilleurs des tours \u00bb<\/span><\/strong><span>, propos\u00e9e par la <\/span><strong><span>Compagnie VIF<\/span><\/strong><span> et les habitants de Thi\u00e9rache.<\/span><\/p>\n<p class=\"isSelectedEnd\"><span>\ud83d\udccd <\/span><strong><span>Salle polyvalente \u2013 rue du Moulin, Chaourse<\/span><\/strong><\/p>\n<p class=\"isSelectedEnd\" style=\"text-align: justify;\"><span>\u26a0\ufe0f <\/span><strong><span>R\u00e9servation obligatoire<\/span><\/strong><span> pour la visite th\u00e9\u00e2trale aupr\u00e8s de l\u2019Office de Tourisme du Pays de Thi\u00e9rache :<\/span><\/p>\n<p class=\"isSelectedEnd\" style=\"text-align: justify;\"><a href=\"https:\/\/www.tourisme-thierache.fr\/?utm_source=chatgpt.com\"><span>Office de Tourisme du Pays de Thi\u00e9rache<\/span><\/a><\/p>\n<p style=\"text-align: justify;\"><span>Venez nombreux participer \u00e0 cette d\u00e9marche collective et contribuer \u00e0 <\/span><strong><span>faire vivre, partager et red\u00e9couvrir le patrimoine de la Thi\u00e9rache<\/span><\/strong><span> !<\/span><\/p>\n<\/div>\n<\/div>\n","protected":false},"excerpt":{"rendered":"<p>Mercredi 16 et samedi 19 septembre \u2013 Salle polyvalente, rue du Moulin \u00c0 l\u2019occasion des Journ\u00e9es Europ\u00e9ennes du Patrimoine, consacr\u00e9es cette ann\u00e9e aux th\u00e8mes \u00ab Patrimoine de la photographie \u00bb et \u00ab Patrimoine en p\u00e9ril : raviver, r\u00e9sister, r\u00e9imaginer \u00bb, la Micro-Folie Mobile invite les habitants \u00e0 prendre part \u00e0<a class=\"moretag\" href=\"https:\/\/www.portes-de-thierache.fr\/index.php\/2026\/09\/01\/journees-europeennes-du-patrimoine-a-chaourse\/\"> Lire la suite<\/a><\/p>\n","protected":false},"author":3,"featured_media":15821,"comment_status":"closed","ping_status":"open","sticky":false,"template":"","format":"standard","meta":{"ngg_post_thumbnail":0,"footnotes":""},"categories":[29],"tags":[],"class_list":["post-15819","post","type-post","status-publish","format-standard","has-post-thumbnail","hentry","category-actualites"],"_links":{"self":[{"href":"https:\/\/www.portes-de-thierache.fr\/index.php\/wp-json\/wp\/v2\/posts\/15819","targetHints":{"allow":["GET"]}}],"collection":[{"href":"https:\/\/www.portes-de-thierache.fr\/index.php\/wp-json\/wp\/v2\/posts"}],"about":[{"href":"https:\/\/www.portes-de-thierache.fr\/index.php\/wp-json\/wp\/v2\/types\/post"}],"author":[{"embeddable":true,"href":"https:\/\/www.portes-de-thierache.fr\/index.php\/wp-json\/wp\/v2\/users\/3"}],"replies":[{"embeddable":true,"href":"https:\/\/www.portes-de-thierache.fr\/index.php\/wp-json\/wp\/v2\/comments?post=15819"}],"version-history":[{"count":1,"href":"https:\/\/www.portes-de-thierache.fr\/index.php\/wp-json\/wp\/v2\/posts\/15819\/revisions"}],"predecessor-version":[{"id":15822,"href":"https:\/\/www.portes-de-thierache.fr\/index.php\/wp-json\/wp\/v2\/posts\/15819\/revisions\/15822"}],"wp:featuredmedia":[{"embeddable":true,"href":"https:\/\/www.portes-de-thierache.fr\/index.php\/wp-json\/wp\/v2\/media\/15821"}],"wp:attachment":[{"href":"https:\/\/www.portes-de-thierache.fr\/index.php\/wp-json\/wp\/v2\/media?parent=15819"}],"wp:term":[{"taxonomy":"category","embeddable":true,"href":"https:\/\/www.portes-de-thierache.fr\/index.php\/wp-json\/wp\/v2\/categories?post=15819"},{"taxonomy":"post_tag","embeddable":true,"href":"https:\/\/www.portes-de-thierache.fr\/index.php\/wp-json\/wp\/v2\/tags?post=15819"}],"curies":[{"name":"wp","href":"https:\/\/api.w.org\/{rel}","templated":true}]}}