{"id":1571,"date":"2018-09-13T14:33:00","date_gmt":"2018-09-13T12:33:00","guid":{"rendered":"http:\/\/www.portes-de-thierache.fr\/?p=1571"},"modified":"2025-04-21T15:18:27","modified_gmt":"2025-04-21T13:18:27","slug":"zones-dactivite-economique","status":"publish","type":"post","link":"https:\/\/www.portes-de-thierache.fr\/index.php\/2018\/09\/13\/zones-dactivite-economique\/","title":{"rendered":"Zones d&rsquo;activit\u00e9 \u00e9conomique"},"content":{"rendered":"<p style=\"text-align: justify;\"><strong>Zone d\u2019activit\u00e9s du Grand H\u00f4tel<\/strong><\/p>\n<div id=\"attachment_11755\" style=\"width: 2570px\" class=\"wp-caption aligncenter\"><a href=\"https:\/\/www.portes-de-thierache.fr\/wp-content\/uploads\/2018\/09\/ROZOY-ZAC-du-Grand-Hotel-7-scaled.jpg\"><img loading=\"lazy\" decoding=\"async\" aria-describedby=\"caption-attachment-11755\" src=\"https:\/\/www.portes-de-thierache.fr\/wp-content\/uploads\/2018\/09\/ROZOY-ZAC-du-Grand-Hotel-7-scaled.jpg\" alt=\"\" width=\"2560\" height=\"1440\" class=\"wp-image-11755 size-full\" srcset=\"https:\/\/www.portes-de-thierache.fr\/wp-content\/uploads\/2018\/09\/ROZOY-ZAC-du-Grand-Hotel-7-scaled.jpg 2560w, https:\/\/www.portes-de-thierache.fr\/wp-content\/uploads\/2018\/09\/ROZOY-ZAC-du-Grand-Hotel-7-300x169.jpg 300w, https:\/\/www.portes-de-thierache.fr\/wp-content\/uploads\/2018\/09\/ROZOY-ZAC-du-Grand-Hotel-7-1024x576.jpg 1024w, https:\/\/www.portes-de-thierache.fr\/wp-content\/uploads\/2018\/09\/ROZOY-ZAC-du-Grand-Hotel-7-768x432.jpg 768w, https:\/\/www.portes-de-thierache.fr\/wp-content\/uploads\/2018\/09\/ROZOY-ZAC-du-Grand-Hotel-7-1536x864.jpg 1536w, https:\/\/www.portes-de-thierache.fr\/wp-content\/uploads\/2018\/09\/ROZOY-ZAC-du-Grand-Hotel-7-2048x1152.jpg 2048w\" sizes=\"auto, (max-width: 2560px) 100vw, 2560px\" \/><\/a><p id=\"caption-attachment-11755\" class=\"wp-caption-text\">Lieu-dit le Grand H\u00f4tel, \u00e0 l\u2019entr\u00e9e de la commune sur la droite en venant de MONTCORNET &#8211; Pr\u00e8s de l\u2019Intermarch\u00e9.<\/p><\/div>\n<p>Le transfert de la Zone d\u2019Activit\u00e9s \u00c9conomiques (ZAE) du Grand H\u00f4tel de Rozoy-sur-Serre \u00e0 la CCPT a eu lieu au 1<span>er <\/span>janvier 2017 (transfert impos\u00e9 par la loi NOTRe). Les analyses suivantes sont bas\u00e9es sur un travail d\u2019\u00e9valuation et d\u2019analyse r\u00e9alis\u00e9 par le bureau d\u2019\u00e9tudes KPMG, dans le cadre d\u2019une mission confi\u00e9e par la CCPT afin d\u2019\u00e9clairer le travail de la CLETC (Commission locale d\u2019\u00e9valuation des trans\u00adferts de charges).<\/p>\n<hr>\n<p style=\"text-align: justify;\"><strong>Zone d\u2019activit\u00e9s de la Garenne<\/strong><\/p>\n<div id=\"attachment_11757\" style=\"width: 2570px\" class=\"wp-caption aligncenter\"><a href=\"https:\/\/www.portes-de-thierache.fr\/wp-content\/uploads\/2018\/09\/LISLET-ZAC-de-la-Garenne-4-scaled.jpg\"><img loading=\"lazy\" decoding=\"async\" aria-describedby=\"caption-attachment-11757\" src=\"https:\/\/www.portes-de-thierache.fr\/wp-content\/uploads\/2018\/09\/LISLET-ZAC-de-la-Garenne-4-scaled.jpg\" alt=\"\" width=\"2560\" height=\"1440\" class=\"wp-image-11757 size-full\" srcset=\"https:\/\/www.portes-de-thierache.fr\/wp-content\/uploads\/2018\/09\/LISLET-ZAC-de-la-Garenne-4-scaled.jpg 2560w, https:\/\/www.portes-de-thierache.fr\/wp-content\/uploads\/2018\/09\/LISLET-ZAC-de-la-Garenne-4-300x169.jpg 300w, https:\/\/www.portes-de-thierache.fr\/wp-content\/uploads\/2018\/09\/LISLET-ZAC-de-la-Garenne-4-1024x576.jpg 1024w, https:\/\/www.portes-de-thierache.fr\/wp-content\/uploads\/2018\/09\/LISLET-ZAC-de-la-Garenne-4-768x432.jpg 768w, https:\/\/www.portes-de-thierache.fr\/wp-content\/uploads\/2018\/09\/LISLET-ZAC-de-la-Garenne-4-1536x864.jpg 1536w, https:\/\/www.portes-de-thierache.fr\/wp-content\/uploads\/2018\/09\/LISLET-ZAC-de-la-Garenne-4-2048x1152.jpg 2048w\" sizes=\"auto, (max-width: 2560px) 100vw, 2560px\" \/><\/a><p id=\"caption-attachment-11757\" class=\"wp-caption-text\">Vue a\u00e9rienne de la ZAC de la Garenne &#8211; Route de REIMS &#8211; LISLET &#8211; MONTCORNET (02340)<\/p><\/div>\n<p style=\"text-align: justify;\">Achev\u00e9e en 2013, la zone d&rsquo;activit\u00e9s proposent des terrains \u00e0 b\u00e2tir de 2 000 \u00e0 6 000 m\u00b2, pour un prix de 6 \u20ac HT\/m\u00b2 sur un secteur situ\u00e9 \u00e0 l\u2019entr\u00e9e sud de l\u2019unit\u00e9 urbaine de Montcornet\/Lislet\/Chaourse.<\/p>\n<p style=\"text-align: justify;\">L\u2019objectif de cette zone d\u2019activit\u00e9s est de proposer sur trois hectares, des parcelles viabilis\u00e9es, raccord\u00e9es aux r\u00e9seaux et disponibles \u00e0 la vente \u00e0 des entreprises d\u00e9sireuses de s\u2019installer ou d\u2019\u00e9tendre leur activit\u00e9.&nbsp;Outre la production de nouvelles parcelles cessibles, le but est \u00e9galement de donner une image plus valorisante de la zone industrielle existante.<\/p>\n<p style=\"text-align: justify;\">Il est indispensable, sur cette importante zone d\u2019emplois pour le canton, de&nbsp;proposer un am\u00e9nagement global valorisant pour les entreprises et pour l\u2019image de l\u2019entr\u00e9e de ville de l\u2019agglom\u00e9ration de Montcornet. L\u2019am\u00e9nagement de la nouvelle zone d\u2019activit\u00e9s comprend huit parcelles&nbsp;desservies par la route de la sucrerie, qui a \u00e9t\u00e9 compl\u00e8tement r\u00e9am\u00e9nag\u00e9e (voirie, cheminement pi\u00e9ton, am\u00e9nagements paysagers, r\u00e9seaux..). Le carrefour d\u2019acc\u00e8s a \u00e9galement fait l\u2019objet d\u2019un am\u00e9nagement avec la cr\u00e9ation d\u2019un \u00ab tourne \u00e0 gauche&nbsp;\u00bb permettant un&nbsp;acc\u00e8s s\u00e9curis\u00e9 et norm\u00e9 \u00e0 la zone d\u2019activit\u00e9s. Les bureaux de l\u2019ancienne sucrerie, vestiges d\u2019une ancienne industrialisation, ont \u00e9t\u00e9 d\u00e9molis pour permettre cet am\u00e9nagement de voirie.<\/p>\n<p style=\"text-align: justify;\">L\u2019offre n\u2019existait pas, hormis \u00e0 Rozoy-sur-Serre, avec la Z.A de La Praille, \u00e0 vocation plut\u00f4t commerciale, et de ce fait, les entrepreneurs sont partis investir hors du territoire.<\/p>\n<p style=\"text-align: justify;\">Dans ce contexte \u00e9conomique difficile, rien ne garantit la vente de l\u2019ensemble des terrains et le d\u00e9veloppement d\u2019une activit\u00e9 \u00e9conomique imm\u00e9diate sur la zone. En revanche, au cours des ann\u00e9es, quelques projets ont \u00e9t\u00e9 \u00e9voqu\u00e9s, reste maintenant \u00e0 les concr\u00e9tiser\u2026 C\u2019est un pari n\u00e9cessaire pour la survie \u00e9conomique du territoire rural.<\/p>\n<h4 style=\"text-align: center;\"><span>B\u00e2timent \u00e0 louer<\/span><\/h4>\n<div dir=\"auto\"><a href=\"https:\/\/www.portes-de-thierache.fr\/index.php\/2025\/02\/17\/zone-dactivite-la-garenne-montcornet-02340\/20250217_140155\/\" rel=\"attachment wp-att-13917\"><img loading=\"lazy\" decoding=\"async\" src=\"https:\/\/www.portes-de-thierache.fr\/wp-content\/uploads\/2025\/02\/20250217_140155-1024x576.jpg\" alt=\"B\u00e2timent Lislet temps ensoleill\u00e9\" width=\"750\" height=\"422\" class=\"aligncenter size-large wp-image-13917\" srcset=\"https:\/\/www.portes-de-thierache.fr\/wp-content\/uploads\/2025\/02\/20250217_140155-1024x576.jpg 1024w, https:\/\/www.portes-de-thierache.fr\/wp-content\/uploads\/2025\/02\/20250217_140155-300x169.jpg 300w, https:\/\/www.portes-de-thierache.fr\/wp-content\/uploads\/2025\/02\/20250217_140155-768x432.jpg 768w, https:\/\/www.portes-de-thierache.fr\/wp-content\/uploads\/2025\/02\/20250217_140155-1536x864.jpg 1536w, https:\/\/www.portes-de-thierache.fr\/wp-content\/uploads\/2025\/02\/20250217_140155-2048x1152.jpg 2048w\" sizes=\"auto, (max-width: 750px) 100vw, 750px\" \/><\/a><\/div>\n<div dir=\"auto\"><\/div>\n<div class=\"x11i5rnm xat24cr x1mh8g0r x1vvkbs xtlvy1s x126k92a\">\n<div dir=\"auto\" style=\"text-align: justify;\"><span>B\u00e2timent \u00e0 louer comprenant 2 cellules de 360 m\u00b2 chacune (divisible en 2 selon les besoins) ; am\u00e9nagement int\u00e9rieur possible sur demande (sanitaires). Enti\u00e8rement neuf, travaux termin\u00e9s en novembre 2024. Ossature et murs p\u00e9riph\u00e9riques m\u00e9talliques, couverture en panneaux sandwich avec isolation. Compteur \u00e9lectrique pour chaque cellule, luminaires. B\u00e2timent raccord\u00e9 eau potable, \u00e9lectricit\u00e9, fibre, assainissement collectif.<\/span><\/div>\n<\/div>\n<div dir=\"auto\"><\/div>\n<div dir=\"auto\">\n\n<\/div>\n<p>Sur parcelle de 2220 m\u00b2, terrain enti\u00e8rement clos par un grillage (panneaux rigides) et portail coulissant (+ portillon). 2 portes sectionnelles \u00e9lectriques de 5m de large. Portes de service \/ fen\u00eatres avec volets roulants. Hauteur du b\u00e2timent : 7.5m \u00e0 5m (toiture 1 pan).<\/p>\n<div class=\"x11i5rnm xat24cr x1mh8g0r x1vvkbs xtlvy1s x126k92a\">\n<div dir=\"auto\"><\/div>\n<div dir=\"auto\">\n\n\t\t<style type=\"text\/css\">\n\t\t\t#gallery-2 {\n\t\t\t\tmargin: auto;\n\t\t\t}\n\t\t\t#gallery-2 .gallery-item {\n\t\t\t\tfloat: left;\n\t\t\t\tmargin-top: 10px;\n\t\t\t\ttext-align: center;\n\t\t\t\twidth: 33%;\n\t\t\t}\n\t\t\t#gallery-2 img {\n\t\t\t\tborder: 2px solid #cfcfcf;\n\t\t\t}\n\t\t\t#gallery-2 .gallery-caption {\n\t\t\t\tmargin-left: 0;\n\t\t\t}\n\t\t\t\/* see gallery_shortcode() in wp-includes\/media.php *\/\n\t\t<\/style>\n\t\t<div id='gallery-2' class='gallery galleryid-1571 gallery-columns-3 gallery-size-thumbnail'><dl class='gallery-item'>\n\t\t\t<dt class='gallery-icon landscape'>\n\t\t\t\t<a href='https:\/\/www.portes-de-thierache.fr\/index.php\/2025\/11\/13\/zone-dactivite-la-garenne-montcornet-02340\/20250217_135000\/'><img loading=\"lazy\" decoding=\"async\" width=\"150\" height=\"150\" src=\"https:\/\/www.portes-de-thierache.fr\/wp-content\/uploads\/2025\/02\/20250217_135000-150x150.jpg\" class=\"attachment-thumbnail size-thumbnail\" alt=\"B\u00e2timent Lislet temps ensoleill\u00e9\" \/><\/a>\n\t\t\t<\/dt><\/dl><dl class='gallery-item'>\n\t\t\t<dt class='gallery-icon landscape'>\n\t\t\t\t<a href='https:\/\/www.portes-de-thierache.fr\/index.php\/2025\/11\/13\/zone-dactivite-la-garenne-montcornet-02340\/20250217_135112\/'><img loading=\"lazy\" decoding=\"async\" width=\"150\" height=\"150\" src=\"https:\/\/www.portes-de-thierache.fr\/wp-content\/uploads\/2025\/02\/20250217_135112-150x150.jpg\" class=\"attachment-thumbnail size-thumbnail\" alt=\"B\u00e2timent Lislet temps ensoleill\u00e9\" \/><\/a>\n\t\t\t<\/dt><\/dl><dl class='gallery-item'>\n\t\t\t<dt class='gallery-icon landscape'>\n\t\t\t\t<a href='https:\/\/www.portes-de-thierache.fr\/index.php\/2025\/11\/13\/zone-dactivite-la-garenne-montcornet-02340\/20250217_135145\/'><img loading=\"lazy\" decoding=\"async\" width=\"150\" height=\"150\" src=\"https:\/\/www.portes-de-thierache.fr\/wp-content\/uploads\/2025\/02\/20250217_135145-150x150.jpg\" class=\"attachment-thumbnail size-thumbnail\" alt=\"B\u00e2timent Lislet temps ensoleill\u00e9\" \/><\/a>\n\t\t\t<\/dt><\/dl><br style=\"clear: both\" \/>\n\t\t<\/div>\n\n<\/div>\n<\/div>\n<div class=\"x11i5rnm xat24cr x1mh8g0r x1vvkbs xtlvy1s x126k92a\">\n<div dir=\"auto\"><\/div>\n<div dir=\"auto\"><span>Proximit\u00e9 imm\u00e9diate de la RD966 Reims\/Vervins ; RD 946 (vers Charleville\/Belgique) ; RD 977 (vers Laon). Zone d\u2019activit\u00e9s id\u00e9alement situ\u00e9e \u00e0 50 km de Reims, 30 km de Laon, 60 km de Charleville-M\u00e9zi\u00e8res, 100 km de Charleroi, 150 km de Paris, Acc\u00e8s autoroute A26 \u00e0 30 km<\/span><\/div>\n<\/div>\n<div dir=\"auto\"><\/div>\n<div dir=\"auto\">\n\n\t\t<style type=\"text\/css\">\n\t\t\t#gallery-3 {\n\t\t\t\tmargin: auto;\n\t\t\t}\n\t\t\t#gallery-3 .gallery-item {\n\t\t\t\tfloat: left;\n\t\t\t\tmargin-top: 10px;\n\t\t\t\ttext-align: center;\n\t\t\t\twidth: 33%;\n\t\t\t}\n\t\t\t#gallery-3 img {\n\t\t\t\tborder: 2px solid #cfcfcf;\n\t\t\t}\n\t\t\t#gallery-3 .gallery-caption {\n\t\t\t\tmargin-left: 0;\n\t\t\t}\n\t\t\t\/* see gallery_shortcode() in wp-includes\/media.php *\/\n\t\t<\/style>\n\t\t<div id='gallery-3' class='gallery galleryid-1571 gallery-columns-3 gallery-size-thumbnail'><dl class='gallery-item'>\n\t\t\t<dt class='gallery-icon landscape'>\n\t\t\t\t<a href='https:\/\/www.portes-de-thierache.fr\/index.php\/2025\/11\/13\/zone-dactivite-la-garenne-montcornet-02340\/20250213_075039\/'><img loading=\"lazy\" decoding=\"async\" width=\"150\" height=\"150\" src=\"https:\/\/www.portes-de-thierache.fr\/wp-content\/uploads\/2025\/02\/20250213_075039-150x150.jpg\" class=\"attachment-thumbnail size-thumbnail\" alt=\"B\u00e2timent ZAC Lislet-Montcornet vue int\u00e9rieure\" \/><\/a>\n\t\t\t<\/dt><\/dl><dl class='gallery-item'>\n\t\t\t<dt class='gallery-icon landscape'>\n\t\t\t\t<a href='https:\/\/www.portes-de-thierache.fr\/index.php\/2025\/11\/13\/zone-dactivite-la-garenne-montcornet-02340\/20250213_075147\/'><img loading=\"lazy\" decoding=\"async\" width=\"150\" height=\"150\" src=\"https:\/\/www.portes-de-thierache.fr\/wp-content\/uploads\/2025\/02\/20250213_075147-150x150.jpg\" class=\"attachment-thumbnail size-thumbnail\" alt=\"B\u00e2timent ZAC Lislet-Montcornet vue int\u00e9rieure\" \/><\/a>\n\t\t\t<\/dt><\/dl><dl class='gallery-item'>\n\t\t\t<dt class='gallery-icon landscape'>\n\t\t\t\t<a href='https:\/\/www.portes-de-thierache.fr\/index.php\/2025\/11\/13\/zone-dactivite-la-garenne-montcornet-02340\/20250213_075115\/'><img loading=\"lazy\" decoding=\"async\" width=\"150\" height=\"150\" src=\"https:\/\/www.portes-de-thierache.fr\/wp-content\/uploads\/2025\/02\/20250213_075115-150x150.jpg\" class=\"attachment-thumbnail size-thumbnail\" alt=\"B\u00e2timent ZAC Lislet-Montcornet vue int\u00e9rieure\" \/><\/a>\n\t\t\t<\/dt><\/dl><br style=\"clear: both\" \/>\n\t\t<\/div>\n\n<\/div>\n<div dir=\"auto\"><\/div>\n<div class=\"x11i5rnm xat24cr x1mh8g0r x1vvkbs xtlvy1s x126k92a\">\n<div dir=\"auto\"><span> Disponible de suite, visite sur RDV, premi\u00e8re mise en location. <\/span><\/div>\n<div dir=\"auto\"><\/div>\n<div dir=\"auto\"><span>Plus d&rsquo;infos au 03.23.98.04.54.<\/span><\/div>\n<div dir=\"auto\"><\/div>\n<div dir=\"auto\"><span>Loyer annuel : 21 600 \u20ac<\/span><\/div>\n<\/div>\n<div dir=\"auto\"><\/div>\n<div dir=\"auto\" style=\"text-align: center;\"><em>Projet financ\u00e9 gr\u00e2ce aux financements de l&rsquo;Etat (FNADT)<\/em><\/div>\n<div dir=\"auto\">\n<table style=\"width: 100%; border-collapse: collapse;\" border=\"0\">\n<tbody>\n<tr>\n<td style=\"width: 50%;\"><a href=\"https:\/\/www.portes-de-thierache.fr\/index.php\/2025\/02\/17\/zone-dactivite-la-garenne-montcornet-02340\/logo-etat-fnadt\/\" rel=\"attachment wp-att-13925\"><img loading=\"lazy\" decoding=\"async\" src=\"https:\/\/www.portes-de-thierache.fr\/wp-content\/uploads\/2025\/02\/logo-etat-fnadt-816x1024.png\" alt=\"Logo \u00e9tat FNADT\" width=\"131\" height=\"62\" class=\"wp-image-13925 aligncenter\"><\/a><\/td>\n<td style=\"width: 50%;\"><a href=\"https:\/\/www.portes-de-thierache.fr\/index.php\/2025\/02\/17\/zone-dactivite-la-garenne-montcornet-02340\/pacte-pour-la-reussite-de-la-sambre-avesnois-thierache\/\" rel=\"attachment wp-att-13926\"><img loading=\"lazy\" decoding=\"async\" src=\"https:\/\/www.portes-de-thierache.fr\/wp-content\/uploads\/2025\/02\/Pacte-pour-la-reussite-de-la-Sambre-Avesnois-Thierache-1024x1024.png\" alt=\"Logo Pacte pour la r\u00e9ussite Sambre Avesnois Thi\u00e9rache\" width=\"189\" height=\"178\" class=\"wp-image-13926 aligncenter\"><\/a><\/td>\n<\/tr>\n<\/tbody>\n<\/table>\n<\/div>\n<hr>\n<p><strong>Zone d&rsquo;activit\u00e9s de La Praille<\/strong><\/p>\n<p><span style=\"font-size: 14pt;\">Les b\u00e2timents de cette zone d\u2019activit\u00e9s \u00e9conomiques sont constitu\u00e9s de quatre ateliers&nbsp;: <\/span><\/p>\n<ul>\n<li style=\"text-align: justify;\"><span style=\"font-size: 14pt;\">Le plus grand (385 m\u00b2) \u00e9tait lou\u00e9 depuis janvier 2006 jusque ao\u00fbt 2021 \u00e0 l\u2019entreprise D\u00e9li M\u00e9lo, enseigne d\u2019alimentation g\u00e9n\u00e9rale et de produits r\u00e9gionaux, sp\u00e9cialis\u00e9e dans le service et la livraison \u00e0 domicile (cessation d&rsquo;activit\u00e9).<\/span><\/li>\n<li style=\"text-align: justify;\"><span style=\"font-size: 14pt;\">Le deuxi\u00e8me atelier (330 m\u00b2) est occup\u00e9 par&nbsp;<em>La Poste (stockage du courrier)<\/em><em>.<\/em><\/span><\/li>\n<li style=\"text-align: justify;\"><span style=\"font-size: 14pt;\">Un b\u00e2timent annexe (100 m\u00b2), r\u00e9habilit\u00e9 en avril 2018, est actuellement vacant apr\u00e8s le d\u00e9part de l\u2019ancien locataire, une auto \u00e9cole.<\/span><\/li>\n<li style=\"text-align: justify;\"><span style=\"font-size: 14pt;\">150 m\u00b2 de bureaux restent disponibles \u00e0 la location (20 \u20ac\/m\u00b2\/an).&nbsp;<\/span><\/li>\n<\/ul>\n","protected":false},"excerpt":{"rendered":"<p>Zone d\u2019activit\u00e9s du Grand H\u00f4tel Le transfert de la Zone d\u2019Activit\u00e9s \u00c9conomiques (ZAE) du Grand H\u00f4tel de Rozoy-sur-Serre \u00e0 la CCPT a eu lieu au 1er janvier 2017 (transfert impos\u00e9 par la loi NOTRe). Les analyses suivantes sont bas\u00e9es sur un travail d\u2019\u00e9valuation et d\u2019analyse r\u00e9alis\u00e9 par le bureau d\u2019\u00e9tudes<a class=\"moretag\" href=\"https:\/\/www.portes-de-thierache.fr\/index.php\/2018\/09\/13\/zones-dactivite-economique\/\"> Lire la suite<\/a><\/p>\n","protected":false},"author":3,"featured_media":0,"comment_status":"closed","ping_status":"open","sticky":false,"template":"","format":"standard","meta":{"ngg_post_thumbnail":0,"footnotes":""},"categories":[69],"tags":[],"class_list":["post-1571","post","type-post","status-publish","format-standard","hentry","category-developpement-du-territoire"],"_links":{"self":[{"href":"https:\/\/www.portes-de-thierache.fr\/index.php\/wp-json\/wp\/v2\/posts\/1571","targetHints":{"allow":["GET"]}}],"collection":[{"href":"https:\/\/www.portes-de-thierache.fr\/index.php\/wp-json\/wp\/v2\/posts"}],"about":[{"href":"https:\/\/www.portes-de-thierache.fr\/index.php\/wp-json\/wp\/v2\/types\/post"}],"author":[{"embeddable":true,"href":"https:\/\/www.portes-de-thierache.fr\/index.php\/wp-json\/wp\/v2\/users\/3"}],"replies":[{"embeddable":true,"href":"https:\/\/www.portes-de-thierache.fr\/index.php\/wp-json\/wp\/v2\/comments?post=1571"}],"version-history":[{"count":1,"href":"https:\/\/www.portes-de-thierache.fr\/index.php\/wp-json\/wp\/v2\/posts\/1571\/revisions"}],"predecessor-version":[{"id":14783,"href":"https:\/\/www.portes-de-thierache.fr\/index.php\/wp-json\/wp\/v2\/posts\/1571\/revisions\/14783"}],"wp:attachment":[{"href":"https:\/\/www.portes-de-thierache.fr\/index.php\/wp-json\/wp\/v2\/media?parent=1571"}],"wp:term":[{"taxonomy":"category","embeddable":true,"href":"https:\/\/www.portes-de-thierache.fr\/index.php\/wp-json\/wp\/v2\/categories?post=1571"},{"taxonomy":"post_tag","embeddable":true,"href":"https:\/\/www.portes-de-thierache.fr\/index.php\/wp-json\/wp\/v2\/tags?post=1571"}],"curies":[{"name":"wp","href":"https:\/\/api.w.org\/{rel}","templated":true}]}}