{"id":1535,"date":"2018-09-12T10:20:37","date_gmt":"2018-09-12T08:20:37","guid":{"rendered":"http:\/\/www.portes-de-thierache.fr\/?p=1535"},"modified":"2018-11-26T11:40:27","modified_gmt":"2018-11-26T10:40:27","slug":"developpement-du-territoire","status":"publish","type":"post","link":"https:\/\/www.portes-de-thierache.fr\/index.php\/2018\/09\/12\/developpement-du-territoire\/","title":{"rendered":"D\u00e9veloppement du territoire"},"content":{"rendered":"<p style=\"text-align: justify;\">La Communaut\u00e9 de communes des Portes de la Thi\u00e9rache contribue au d\u00e9veloppement de son territoire \u00e0 travers\u00a0:<\/p>\n<ul>\n<li style=\"text-align: justify;\"><span style=\"font-size: 14pt;\">l\u2019am\u00e9nagement dudit territoire et l\u2019urbanisme avec l\u2019\u00e9laboration d\u2019un <a href=\"http:\/\/www.portes-de-thierache.fr\/index.php\/2018\/09\/13\/le-plui\/\">PLUi<\/a>,<\/span><\/li>\n<li style=\"text-align: justify;\"><span style=\"font-size: 14pt;\">le d\u00e9veloppement \u00e9conomique avec la cr\u00e9ation de <a href=\"http:\/\/www.portes-de-thierache.fr\/index.php\/2018\/09\/13\/zones-dactivite-economique\/\">zones d\u2019activit\u00e9s<\/a> et son soutien aupr\u00e8s de la <a href=\"http:\/\/www.portes-de-thierache.fr\/index.php\/2018\/09\/13\/la-mets\/\">Maison des Entreprises de Thi\u00e9rache et de la Serre<\/a> (METS),<\/span><\/li>\n<li style=\"text-align: justify;\"><span style=\"font-size: 14pt;\">la mise en place et la gestion d\u2019un <a href=\"http:\/\/www.portes-de-thierache.fr\/index.php\/2018\/09\/13\/chantier-dinsertion\/\">chantier d\u2019insertion<\/a>,<\/span><\/li>\n<li style=\"text-align: justify;\"><span style=\"font-size: 14pt;\">des <a href=\"http:\/\/www.portes-de-thierache.fr\/index.php\/2018\/09\/13\/demarches-energie-et-climat\/\">projets \u00e9nergie-climat<\/a> avec TEPCV (Territoire \u00e0 \u00c9nergie Positive pour la Croissance Verte) et Cit\u2019ergie ( Appellation fran\u00e7aise du label European Energy Award), qui est un dispositif destin\u00e9 aux collectivit\u00e9s qui s\u2019engagent dans une am\u00e9lioration continue de leur politique \u00e9nergie durable en coh\u00e9rence avec des objectifs climatiques ambitieux.<\/span><\/li>\n<\/ul>\n","protected":false},"excerpt":{"rendered":"<p>La Communaut\u00e9 de communes des Portes de la Thi\u00e9rache contribue au d\u00e9veloppement de son territoire \u00e0 travers\u00a0: l\u2019am\u00e9nagement dudit territoire et l\u2019urbanisme avec l\u2019\u00e9laboration d\u2019un PLUi, le d\u00e9veloppement \u00e9conomique avec la cr\u00e9ation de zones d\u2019activit\u00e9s et son soutien aupr\u00e8s de la Maison des Entreprises de Thi\u00e9rache et de la Serre<a class=\"moretag\" href=\"https:\/\/www.portes-de-thierache.fr\/index.php\/2018\/09\/12\/developpement-du-territoire\/\"> Lire la suite<\/a><\/p>\n","protected":false},"author":3,"featured_media":0,"comment_status":"closed","ping_status":"open","sticky":false,"template":"","format":"standard","meta":{"ngg_post_thumbnail":0,"footnotes":""},"categories":[69],"tags":[],"class_list":["post-1535","post","type-post","status-publish","format-standard","hentry","category-developpement-du-territoire"],"_links":{"self":[{"href":"https:\/\/www.portes-de-thierache.fr\/index.php\/wp-json\/wp\/v2\/posts\/1535","targetHints":{"allow":["GET"]}}],"collection":[{"href":"https:\/\/www.portes-de-thierache.fr\/index.php\/wp-json\/wp\/v2\/posts"}],"about":[{"href":"https:\/\/www.portes-de-thierache.fr\/index.php\/wp-json\/wp\/v2\/types\/post"}],"author":[{"embeddable":true,"href":"https:\/\/www.portes-de-thierache.fr\/index.php\/wp-json\/wp\/v2\/users\/3"}],"replies":[{"embeddable":true,"href":"https:\/\/www.portes-de-thierache.fr\/index.php\/wp-json\/wp\/v2\/comments?post=1535"}],"version-history":[{"count":0,"href":"https:\/\/www.portes-de-thierache.fr\/index.php\/wp-json\/wp\/v2\/posts\/1535\/revisions"}],"wp:attachment":[{"href":"https:\/\/www.portes-de-thierache.fr\/index.php\/wp-json\/wp\/v2\/media?parent=1535"}],"wp:term":[{"taxonomy":"category","embeddable":true,"href":"https:\/\/www.portes-de-thierache.fr\/index.php\/wp-json\/wp\/v2\/categories?post=1535"},{"taxonomy":"post_tag","embeddable":true,"href":"https:\/\/www.portes-de-thierache.fr\/index.php\/wp-json\/wp\/v2\/tags?post=1535"}],"curies":[{"name":"wp","href":"https:\/\/api.w.org\/{rel}","templated":true}]}}