{"id":13769,"date":"2024-10-28T15:09:46","date_gmt":"2024-10-28T14:09:46","guid":{"rendered":"https:\/\/www.portes-de-thierache.fr\/?p=13769"},"modified":"2024-10-28T15:09:46","modified_gmt":"2024-10-28T14:09:46","slug":"le-nouveau-tiers-lieu-enfin-inaugure","status":"publish","type":"post","link":"https:\/\/www.portes-de-thierache.fr\/index.php\/2024\/10\/28\/le-nouveau-tiers-lieu-enfin-inaugure\/","title":{"rendered":"Le nouveau Tiers-Lieu enfin inaugur\u00e9 !"},"content":{"rendered":"<p style=\"text-align: justify;\">Ce vendredi 25 octobre 2024 s&rsquo;est tenue l&rsquo;inauguration du tout nouveau Tiers-Lieu Num\u00e9rique intercommunal, en compagnie de Thomas HENNEQUIN, Vice-Pr\u00e9sident en charge du num\u00e9rique et de l&rsquo;am\u00e9nagement du territoire, de Madame la Sous-Pr\u00e9f\u00e8te, Nicolas FRICOTEAUX, Pr\u00e9sident du Conseil d\u00e9partemental, des conseillers r\u00e9gionaux du secteur et en charge du num\u00e9rique, Nelly JANIER DUBRY, Aurore COLSON et Eric DONNAY, Marie-Fran\u00e7oise BERTRAND, conseill\u00e8re <span class=\"html-span xdj266r x11i5rnm xat24cr x1mh8g0r xexx8yu x4uap5 x18d9i69 xkhd6sd x1hl2dhg x16tdsg8 x1vvkbs\"><a class=\"html-a xdj266r x11i5rnm xat24cr x1mh8g0r xexx8yu x4uap5 x18d9i69 xkhd6sd x1hl2dhg x16tdsg8 x1vvkbs\" tabindex=\"-1\"><\/a><\/span>d\u00e9partementale, Olivier CAMBRAYE, pr\u00e9sident du Pays de Thi\u00e9rache, Xavier BOULANDE, Vice-pr\u00e9sident de la Communaut\u00e9 de Communes, de Jos\u00e9 FLUCHER, Maire de Rozoy et son conseil municipal ainsi que quelques agents de la CCPT et entreprises qui sont intervenues dans la r\u00e9habilitation des locaux.<\/p>\n<p style=\"text-align: justify;\"><a href=\"https:\/\/www.portes-de-thierache.fr\/?attachment_id=13770\" rel=\"attachment wp-att-13770\"><img loading=\"lazy\" decoding=\"async\" src=\"https:\/\/www.portes-de-thierache.fr\/wp-content\/uploads\/2024\/10\/464702314_1076529274476421_9152536754276844086_n-1024x680.jpg\" alt=\"Inauguration TL Rozoy\" width=\"750\" height=\"498\" class=\"aligncenter size-large wp-image-13770\" srcset=\"https:\/\/www.portes-de-thierache.fr\/wp-content\/uploads\/2024\/10\/464702314_1076529274476421_9152536754276844086_n-1024x680.jpg 1024w, https:\/\/www.portes-de-thierache.fr\/wp-content\/uploads\/2024\/10\/464702314_1076529274476421_9152536754276844086_n-300x199.jpg 300w, https:\/\/www.portes-de-thierache.fr\/wp-content\/uploads\/2024\/10\/464702314_1076529274476421_9152536754276844086_n-768x510.jpg 768w, https:\/\/www.portes-de-thierache.fr\/wp-content\/uploads\/2024\/10\/464702314_1076529274476421_9152536754276844086_n-360x240.jpg 360w, https:\/\/www.portes-de-thierache.fr\/wp-content\/uploads\/2024\/10\/464702314_1076529274476421_9152536754276844086_n.jpg 1219w\" sizes=\"auto, (max-width: 750px) 100vw, 750px\" \/><\/a><\/p>\n<p>&nbsp;<\/p>\n<p style=\"text-align: justify;\">Situ\u00e9 au 140 place de l&rsquo;Europe \u00e0 Rozoy-sur-Serre, ce tout nouvel espace r\u00e9utilise les locaux laiss\u00e9s vacants de l&rsquo;ancienne tr\u00e9sorerie offre au public un tout nouvel espace visant \u00e0 r\u00e9pondre \u00e0 plusieurs probl\u00e9matiques :<\/p>\n<ul style=\"text-align: justify;\">\n<li>l\u2019accessibilit\u00e9 pour un territoire rural, o\u00f9 la mobilit\u00e9 reste un probl\u00e8me majeur ;<\/li>\n<li class=\"x11i5rnm xat24cr x1mh8g0r x1vvkbs xtlvy1s x126k92a\">\n<div dir=\"auto\">l\u2019attractivit\u00e9 du territoire ;<\/div>\n<\/li>\n<li class=\"x11i5rnm xat24cr x1mh8g0r x1vvkbs xtlvy1s x126k92a\">\n<div dir=\"auto\">le vieillissement de la population ;<\/div>\n<\/li>\n<li class=\"x11i5rnm xat24cr x1mh8g0r x1vvkbs xtlvy1s x126k92a\">\n<div dir=\"auto\">la pr\u00e9carit\u00e9,<\/div>\n<div dir=\"auto\"><\/div>\n<\/li>\n<\/ul>\n<div dir=\"auto\" style=\"text-align: justify;\">A Rozoy, comme \u00e0 Brunehamel, Dizy-le-Gros ou encore Montcornet, la CCPT&nbsp;a manifest\u00e9 la volont\u00e9 de s\u2019adapter \u00e0 la transformation incessante des activit\u00e9s sociales, professionnelles ou administratives, en diversifiant et d\u00e9veloppant son offre num\u00e9rique locale.<\/div>\n<div dir=\"auto\"><\/div>\n<div dir=\"auto\">\n\n\t\t<style type=\"text\/css\">\n\t\t\t#gallery-1 {\n\t\t\t\tmargin: auto;\n\t\t\t}\n\t\t\t#gallery-1 .gallery-item {\n\t\t\t\tfloat: left;\n\t\t\t\tmargin-top: 10px;\n\t\t\t\ttext-align: center;\n\t\t\t\twidth: 33%;\n\t\t\t}\n\t\t\t#gallery-1 img {\n\t\t\t\tborder: 2px solid #cfcfcf;\n\t\t\t}\n\t\t\t#gallery-1 .gallery-caption {\n\t\t\t\tmargin-left: 0;\n\t\t\t}\n\t\t\t\/* see gallery_shortcode() in wp-includes\/media.php *\/\n\t\t<\/style>\n\t\t<div id='gallery-1' class='gallery galleryid-13769 gallery-columns-3 gallery-size-large'><dl class='gallery-item'>\n\t\t\t<dt class='gallery-icon landscape'>\n\t\t\t\t<a href='https:\/\/www.portes-de-thierache.fr\/index.php\/2024\/10\/28\/le-nouveau-tiers-lieu-enfin-inaugure\/464687464_1076529287809753_5685387053521048343_n\/'><img loading=\"lazy\" decoding=\"async\" width=\"750\" height=\"563\" src=\"https:\/\/www.portes-de-thierache.fr\/wp-content\/uploads\/2024\/10\/464687464_1076529287809753_5685387053521048343_n-1024x768.jpg\" class=\"attachment-large size-large\" alt=\"TL Rozoy\" aria-describedby=\"gallery-1-13773\" srcset=\"https:\/\/www.portes-de-thierache.fr\/wp-content\/uploads\/2024\/10\/464687464_1076529287809753_5685387053521048343_n-1024x768.jpg 1024w, https:\/\/www.portes-de-thierache.fr\/wp-content\/uploads\/2024\/10\/464687464_1076529287809753_5685387053521048343_n-300x225.jpg 300w, https:\/\/www.portes-de-thierache.fr\/wp-content\/uploads\/2024\/10\/464687464_1076529287809753_5685387053521048343_n-768x576.jpg 768w, https:\/\/www.portes-de-thierache.fr\/wp-content\/uploads\/2024\/10\/464687464_1076529287809753_5685387053521048343_n.jpg 1440w\" sizes=\"auto, (max-width: 750px) 100vw, 750px\" \/><\/a>\n\t\t\t<\/dt>\n\t\t\t\t<dd class='wp-caption-text gallery-caption' id='gallery-1-13773'>\n\t\t\t\tLa salle de coworking\n\t\t\t\t<\/dd><\/dl><dl class='gallery-item'>\n\t\t\t<dt class='gallery-icon landscape'>\n\t\t\t\t<a href='https:\/\/www.portes-de-thierache.fr\/index.php\/2024\/10\/28\/le-nouveau-tiers-lieu-enfin-inaugure\/464504271_1076529367809745_1867040086203241201_n\/'><img loading=\"lazy\" decoding=\"async\" width=\"750\" height=\"625\" src=\"https:\/\/www.portes-de-thierache.fr\/wp-content\/uploads\/2024\/10\/464504271_1076529367809745_1867040086203241201_n-1024x853.jpg\" class=\"attachment-large size-large\" alt=\"TL Rozoy\" aria-describedby=\"gallery-1-13772\" srcset=\"https:\/\/www.portes-de-thierache.fr\/wp-content\/uploads\/2024\/10\/464504271_1076529367809745_1867040086203241201_n-1024x853.jpg 1024w, https:\/\/www.portes-de-thierache.fr\/wp-content\/uploads\/2024\/10\/464504271_1076529367809745_1867040086203241201_n-300x250.jpg 300w, https:\/\/www.portes-de-thierache.fr\/wp-content\/uploads\/2024\/10\/464504271_1076529367809745_1867040086203241201_n-768x640.jpg 768w, https:\/\/www.portes-de-thierache.fr\/wp-content\/uploads\/2024\/10\/464504271_1076529367809745_1867040086203241201_n.jpg 1296w\" sizes=\"auto, (max-width: 750px) 100vw, 750px\" \/><\/a>\n\t\t\t<\/dt>\n\t\t\t\t<dd class='wp-caption-text gallery-caption' id='gallery-1-13772'>\n\t\t\t\tL&rsquo;espace de m\u00e9diation\n\t\t\t\t<\/dd><\/dl><dl class='gallery-item'>\n\t\t\t<dt class='gallery-icon landscape'>\n\t\t\t\t<a href='https:\/\/www.portes-de-thierache.fr\/index.php\/2024\/10\/28\/le-nouveau-tiers-lieu-enfin-inaugure\/464431973_1076529267809755_3618455919643745842_n\/'><img loading=\"lazy\" decoding=\"async\" width=\"750\" height=\"563\" src=\"https:\/\/www.portes-de-thierache.fr\/wp-content\/uploads\/2024\/10\/464431973_1076529267809755_3618455919643745842_n-1024x768.jpg\" class=\"attachment-large size-large\" alt=\"TL Rozoy\" aria-describedby=\"gallery-1-13771\" srcset=\"https:\/\/www.portes-de-thierache.fr\/wp-content\/uploads\/2024\/10\/464431973_1076529267809755_3618455919643745842_n-1024x768.jpg 1024w, https:\/\/www.portes-de-thierache.fr\/wp-content\/uploads\/2024\/10\/464431973_1076529267809755_3618455919643745842_n-300x225.jpg 300w, https:\/\/www.portes-de-thierache.fr\/wp-content\/uploads\/2024\/10\/464431973_1076529267809755_3618455919643745842_n-768x576.jpg 768w, https:\/\/www.portes-de-thierache.fr\/wp-content\/uploads\/2024\/10\/464431973_1076529267809755_3618455919643745842_n.jpg 1440w\" sizes=\"auto, (max-width: 750px) 100vw, 750px\" \/><\/a>\n\t\t\t<\/dt>\n\t\t\t\t<dd class='wp-caption-text gallery-caption' id='gallery-1-13771'>\n\t\t\t\tL&rsquo;espace d\u00e9tente\n\t\t\t\t<\/dd><\/dl><br style=\"clear: both\" \/>\n\t\t<\/div>\n\n<\/div>\n<div dir=\"auto\" style=\"text-align: justify;\"><\/div>\n<div dir=\"auto\" style=\"text-align: justify;\">Ce Tiers lieu professionnel pour les entreprises, les t\u00e9l\u00e9travailleurs, les associations ou les partenaires des collectivit\u00e9s vient renforcer l\u2019offre num\u00e9rique du territoire. Ainsi, nous participons, au c\u0153ur de la ruralit\u00e9, \u00e0 r\u00e9duire la fracture num\u00e9rique, encore tr\u00e8s marqu\u00e9e, \u00e0 lutter contre l\u2019illectronisme, \u00e0 accompagner les habitants vers la transition num\u00e9rique tout en d\u00e9veloppant l\u2019attractivit\u00e9 du territoire, \u00e0 am\u00e9liorer et garantir un service public de proximit\u00e9 tout en redynamisant les centres-villes\/ centres-bourgs.<\/div>\n<div dir=\"auto\" style=\"text-align: justify;\">Ici, l\u2019intercommunalit\u00e9 a investi en mobilier et mat\u00e9riel informatique 87 000 euros, avec l\u2019aide de l\u2019Etat pour 31 615 euros et de la r\u00e9gion Hauts-de-France pour plus de 25 000 euros, que nous remercions. La r\u00e9habilitation des locaux a \u00e9t\u00e9 port\u00e9e par la commune, avec le soutien du chantier d\u2019insertion de la communaut\u00e9 de communes il y a quelques mois pour terminer les derniers travaux : enduits, peinture, ma\u00e7onnerie, \u2026 C\u2019est, l\u00e0 encore, un exemple de coop\u00e9ration entre commune et Communaut\u00e9 de communes, au service du territoire et de ses administr\u00e9s.<\/div>\n<div dir=\"auto\" style=\"text-align: justify;\"><\/div>\n<div dir=\"auto\">\n\n\t\t<style type=\"text\/css\">\n\t\t\t#gallery-2 {\n\t\t\t\tmargin: auto;\n\t\t\t}\n\t\t\t#gallery-2 .gallery-item {\n\t\t\t\tfloat: left;\n\t\t\t\tmargin-top: 10px;\n\t\t\t\ttext-align: center;\n\t\t\t\twidth: 33%;\n\t\t\t}\n\t\t\t#gallery-2 img {\n\t\t\t\tborder: 2px solid #cfcfcf;\n\t\t\t}\n\t\t\t#gallery-2 .gallery-caption {\n\t\t\t\tmargin-left: 0;\n\t\t\t}\n\t\t\t\/* see gallery_shortcode() in wp-includes\/media.php *\/\n\t\t<\/style>\n\t\t<div id='gallery-2' class='gallery galleryid-13769 gallery-columns-3 gallery-size-large'><dl class='gallery-item'>\n\t\t\t<dt class='gallery-icon landscape'>\n\t\t\t\t<a href='https:\/\/www.portes-de-thierache.fr\/index.php\/2024\/10\/28\/le-nouveau-tiers-lieu-enfin-inaugure\/464408792_1076529264476422_2775142495409051695_n\/'><img loading=\"lazy\" decoding=\"async\" width=\"750\" height=\"422\" src=\"https:\/\/www.portes-de-thierache.fr\/wp-content\/uploads\/2024\/10\/464408792_1076529264476422_2775142495409051695_n-1024x576.jpg\" class=\"attachment-large size-large\" alt=\"Inauguration TL Rozoy\" aria-describedby=\"gallery-2-13775\" srcset=\"https:\/\/www.portes-de-thierache.fr\/wp-content\/uploads\/2024\/10\/464408792_1076529264476422_2775142495409051695_n-1024x576.jpg 1024w, https:\/\/www.portes-de-thierache.fr\/wp-content\/uploads\/2024\/10\/464408792_1076529264476422_2775142495409051695_n-300x169.jpg 300w, https:\/\/www.portes-de-thierache.fr\/wp-content\/uploads\/2024\/10\/464408792_1076529264476422_2775142495409051695_n-768x432.jpg 768w, https:\/\/www.portes-de-thierache.fr\/wp-content\/uploads\/2024\/10\/464408792_1076529264476422_2775142495409051695_n.jpg 1440w\" sizes=\"auto, (max-width: 750px) 100vw, 750px\" \/><\/a>\n\t\t\t<\/dt>\n\t\t\t\t<dd class='wp-caption-text gallery-caption' id='gallery-2-13775'>\n\t\t\t\tMonsieur HENNEQUIN a dit un mot au nom de la CCPT\n\t\t\t\t<\/dd><\/dl><dl class='gallery-item'>\n\t\t\t<dt class='gallery-icon landscape'>\n\t\t\t\t<a href='https:\/\/www.portes-de-thierache.fr\/index.php\/2024\/10\/28\/le-nouveau-tiers-lieu-enfin-inaugure\/464732377_1076529271143088_1874757919233696208_n\/'><img loading=\"lazy\" decoding=\"async\" width=\"750\" height=\"422\" src=\"https:\/\/www.portes-de-thierache.fr\/wp-content\/uploads\/2024\/10\/464732377_1076529271143088_1874757919233696208_n-1024x576.jpg\" class=\"attachment-large size-large\" alt=\"Inauguration TL Rozoy\" aria-describedby=\"gallery-2-13776\" srcset=\"https:\/\/www.portes-de-thierache.fr\/wp-content\/uploads\/2024\/10\/464732377_1076529271143088_1874757919233696208_n-1024x576.jpg 1024w, https:\/\/www.portes-de-thierache.fr\/wp-content\/uploads\/2024\/10\/464732377_1076529271143088_1874757919233696208_n-300x169.jpg 300w, https:\/\/www.portes-de-thierache.fr\/wp-content\/uploads\/2024\/10\/464732377_1076529271143088_1874757919233696208_n-768x432.jpg 768w, https:\/\/www.portes-de-thierache.fr\/wp-content\/uploads\/2024\/10\/464732377_1076529271143088_1874757919233696208_n.jpg 1440w\" sizes=\"auto, (max-width: 750px) 100vw, 750px\" \/><\/a>\n\t\t\t<\/dt>\n\t\t\t\t<dd class='wp-caption-text gallery-caption' id='gallery-2-13776'>\n\t\t\t\tSuivi de Nicolas FRICOTEAUX, Pr\u00e9sident du Conseil D\u00e9partemental\n\t\t\t\t<\/dd><\/dl><dl class='gallery-item'>\n\t\t\t<dt class='gallery-icon landscape'>\n\t\t\t\t<a href='https:\/\/www.portes-de-thierache.fr\/index.php\/2024\/10\/28\/le-nouveau-tiers-lieu-enfin-inaugure\/464408121_1076529281143087_4338037754146177363_n\/'><img loading=\"lazy\" decoding=\"async\" width=\"750\" height=\"464\" src=\"https:\/\/www.portes-de-thierache.fr\/wp-content\/uploads\/2024\/10\/464408121_1076529281143087_4338037754146177363_n-1024x633.jpg\" class=\"attachment-large size-large\" alt=\"Inauguration TL Rozoy\" aria-describedby=\"gallery-2-13774\" srcset=\"https:\/\/www.portes-de-thierache.fr\/wp-content\/uploads\/2024\/10\/464408121_1076529281143087_4338037754146177363_n-1024x633.jpg 1024w, https:\/\/www.portes-de-thierache.fr\/wp-content\/uploads\/2024\/10\/464408121_1076529281143087_4338037754146177363_n-300x185.jpg 300w, https:\/\/www.portes-de-thierache.fr\/wp-content\/uploads\/2024\/10\/464408121_1076529281143087_4338037754146177363_n-768x475.jpg 768w, https:\/\/www.portes-de-thierache.fr\/wp-content\/uploads\/2024\/10\/464408121_1076529281143087_4338037754146177363_n.jpg 1310w\" sizes=\"auto, (max-width: 750px) 100vw, 750px\" \/><\/a>\n\t\t\t<\/dt>\n\t\t\t\t<dd class='wp-caption-text gallery-caption' id='gallery-2-13774'>\n\t\t\t\tPuis de Madame la Sous-Pr\u00e9f\u00e8te\n\t\t\t\t<\/dd><\/dl><br style=\"clear: both\" \/>\n\t\t<\/div>\n\n<\/div>\n<div dir=\"auto\"><\/div>\n<div dir=\"auto\" style=\"text-align: justify;\">Naturellement, nous avons eu, non sans \u00e9motion, une pens\u00e9e pour notre Pr\u00e9sident et ami Jean-Fran\u00e7ois PAGNON qui a port\u00e9 ce projet et qui serait fier aujourd\u2019hui du travail accompli, et pour ses agents qui ont \u0153uvr\u00e9 pour ce beau et n\u00e9cessaire projet pour notre territoire.<\/div>\n<div dir=\"auto\"><\/div>\n<div dir=\"auto\" style=\"text-align: justify;\"><\/div>\n<div dir=\"auto\" style=\"text-align: justify;\">Ensemble, avec ce travail de compl\u00e9mentarit\u00e9 au service du territoire, nous formulons d\u00e9sormais le v\u0153u que ces locaux puissent trouver un usage \u00e0 la hauteur du d\u00e9fi num\u00e9rique qui s\u2019impose \u00e0 la soci\u00e9t\u00e9 et qu\u2019ils permettent \u00e0 chacun, quelles que soient ses ressources, ses connaissances en la mati\u00e8re, de pouvoir avoir acc\u00e8s \u00e0 la toile, et avec cette toile, de cr\u00e9er du lien, virtuel mais aussi bien r\u00e9el ; en somme, de placer l\u2019humain au c\u0153ur de ce projet intercommunal.<\/div>\n","protected":false},"excerpt":{"rendered":"<p>Ce vendredi 25 octobre 2024 s&rsquo;est tenue l&rsquo;inauguration du tout nouveau Tiers-Lieu Num\u00e9rique intercommunal, en compagnie de Thomas HENNEQUIN, Vice-Pr\u00e9sident en charge du num\u00e9rique et de l&rsquo;am\u00e9nagement du territoire, de Madame la Sous-Pr\u00e9f\u00e8te, Nicolas FRICOTEAUX, Pr\u00e9sident du Conseil d\u00e9partemental, des conseillers r\u00e9gionaux du secteur et en charge du num\u00e9rique, Nelly<a class=\"moretag\" href=\"https:\/\/www.portes-de-thierache.fr\/index.php\/2024\/10\/28\/le-nouveau-tiers-lieu-enfin-inaugure\/\"> Lire la suite<\/a><\/p>\n","protected":false},"author":3,"featured_media":13770,"comment_status":"closed","ping_status":"open","sticky":false,"template":"","format":"standard","meta":{"ngg_post_thumbnail":0,"footnotes":""},"categories":[29,72],"tags":[],"class_list":["post-13769","post","type-post","status-publish","format-standard","has-post-thumbnail","hentry","category-actualites","category-services-et-loisirs"],"_links":{"self":[{"href":"https:\/\/www.portes-de-thierache.fr\/index.php\/wp-json\/wp\/v2\/posts\/13769","targetHints":{"allow":["GET"]}}],"collection":[{"href":"https:\/\/www.portes-de-thierache.fr\/index.php\/wp-json\/wp\/v2\/posts"}],"about":[{"href":"https:\/\/www.portes-de-thierache.fr\/index.php\/wp-json\/wp\/v2\/types\/post"}],"author":[{"embeddable":true,"href":"https:\/\/www.portes-de-thierache.fr\/index.php\/wp-json\/wp\/v2\/users\/3"}],"replies":[{"embeddable":true,"href":"https:\/\/www.portes-de-thierache.fr\/index.php\/wp-json\/wp\/v2\/comments?post=13769"}],"version-history":[{"count":0,"href":"https:\/\/www.portes-de-thierache.fr\/index.php\/wp-json\/wp\/v2\/posts\/13769\/revisions"}],"wp:featuredmedia":[{"embeddable":true,"href":"https:\/\/www.portes-de-thierache.fr\/index.php\/wp-json\/wp\/v2\/media\/13770"}],"wp:attachment":[{"href":"https:\/\/www.portes-de-thierache.fr\/index.php\/wp-json\/wp\/v2\/media?parent=13769"}],"wp:term":[{"taxonomy":"category","embeddable":true,"href":"https:\/\/www.portes-de-thierache.fr\/index.php\/wp-json\/wp\/v2\/categories?post=13769"},{"taxonomy":"post_tag","embeddable":true,"href":"https:\/\/www.portes-de-thierache.fr\/index.php\/wp-json\/wp\/v2\/tags?post=13769"}],"curies":[{"name":"wp","href":"https:\/\/api.w.org\/{rel}","templated":true}]}}