{"id":13592,"date":"2024-01-29T10:52:26","date_gmt":"2024-01-29T09:52:26","guid":{"rendered":"https:\/\/www.portes-de-thierache.fr\/?p=13592"},"modified":"2024-01-29T10:52:26","modified_gmt":"2024-01-29T09:52:26","slug":"offre-demploi-animateur-relais-petite-enfance-itinerant-h-f","status":"publish","type":"post","link":"https:\/\/www.portes-de-thierache.fr\/index.php\/2024\/01\/29\/offre-demploi-animateur-relais-petite-enfance-itinerant-h-f\/","title":{"rendered":"OFFRE D&rsquo;EMPLOI ->ANIMATEUR RELAIS PETITE ENFANCE ITINERANT H\/F"},"content":{"rendered":"<p><span><a href=\"https:\/\/www.portes-de-thierache.fr\/index.php\/2024\/01\/29\/offre-demploi-animateur-relais-petite-enfance-itinerant-h-f\/417912982_706447951591513_4087402387380109083_n\/\" rel=\"attachment wp-att-13593\"><img loading=\"lazy\" decoding=\"async\" src=\"https:\/\/www.portes-de-thierache.fr\/wp-content\/uploads\/2024\/01\/417912982_706447951591513_4087402387380109083_n.jpg\" alt=\"\" width=\"940\" height=\"788\" class=\"aligncenter size-full wp-image-13593\" srcset=\"https:\/\/www.portes-de-thierache.fr\/wp-content\/uploads\/2024\/01\/417912982_706447951591513_4087402387380109083_n.jpg 940w, https:\/\/www.portes-de-thierache.fr\/wp-content\/uploads\/2024\/01\/417912982_706447951591513_4087402387380109083_n-300x251.jpg 300w, https:\/\/www.portes-de-thierache.fr\/wp-content\/uploads\/2024\/01\/417912982_706447951591513_4087402387380109083_n-768x644.jpg 768w\" sizes=\"auto, (max-width: 940px) 100vw, 940px\" \/><\/a>La Plateforme Thi\u00e9rache et Serre recherche un Animateur Relais Petite Enfance Itin\u00e9rant H\/F pour une structure sur le secteur de Rozoy-Sur-Serre.<\/span><\/p>\n<p><span class=\"x3nfvp2 x1j61x8r x1fcty0u xdj266r xhhsvwb xat24cr xgzva0m xxymvpz xlup9mm x1kky2od\"><img loading=\"lazy\" decoding=\"async\" height=\"16\" width=\"16\" alt=\"\ud83d\udce7\" class=\"xz74otr\" referrerpolicy=\"origin-when-cross-origin\" src=\"https:\/\/static.xx.fbcdn.net\/images\/emoji.php\/v9\/t5d\/2\/16\/1f4e7.png\"><\/span><span>&nbsp;Pour candidater, envoyez votre CV \u00e0 thieracheserre@prochemploi.fr<\/span><\/p>\n<p><span>Vos missions:<\/span><br \/>\n<span>&#8211; Mise en \u0153uvre, suivi et \u00e9valuation du projet de RPE (suivi administratif et financier, \u00e9change avec les financeurs, pr\u00e9paration des dossiers de subvention, etc.),<\/span><br \/>\n<span>&#8211; R\u00f4le de guichet unique : informer et accompagner les familles sur les modes d\u2019accueils individuels et collectifs existants,<\/span><br \/>\n<span>&#8211; Participer au r\u00e9seau des RPE et autres partenaires (URSSAF, CAF, PMI, MSA, etc.),<\/span><br \/>\n<span>&#8211; Assurer une veille juridique,<\/span><br \/>\n<span>&#8211; Favoriser les mises en relation entre parents et professionnel,<\/span><br \/>\n<span>&#8211; Accompagner les parents dans leur r\u00f4le de particulier employeur,<\/span><br \/>\n<span>&#8211; Cr\u00e9er un lieu d\u2019information, de rencontres et d\u2019\u00e9changes pour les professionnels,<\/span><br \/>\n<span>&#8211; Accompagner le parcours de formation des professionnels d\u2019accueil de la petite enfance,<\/span><br \/>\n<span>&#8211; Organiser des temps d\u2019\u00e9changes, de rencontres et d\u2019animation pour les professionnels, les parents et les enfants (soir\u00e9es d\u2019information, spectacle, sorties, ateliers d\u2019\u00e9veil, etc.) en anticipant les besoins mat\u00e9riels, humains et financiers,<\/span><br \/>\n<span>&#8211; Assurer la communication aupr\u00e8s des publics cibles (journal du RPE, invitation, brochure, information, flyers, etc.)<\/span><\/p>\n<p><span class=\"x3nfvp2 x1j61x8r x1fcty0u xdj266r xhhsvwb xat24cr xgzva0m xxymvpz xlup9mm x1kky2od\"><img loading=\"lazy\" decoding=\"async\" height=\"16\" width=\"16\" alt=\"\ud83d\udc49\" class=\"xz74otr\" referrerpolicy=\"origin-when-cross-origin\" src=\"https:\/\/static.xx.fbcdn.net\/images\/emoji.php\/v9\/tf0\/2\/16\/1f449.png\"><\/span><span>PROFIL REQUIS<\/span><br \/>\n<span>BAC+2 et sup\u00e9rieur dans les domaines du m\u00e9dico-social, de l\u2019enfance jeunesse et de l\u2019animation (\u00e9ducateur de jeunes enfants, pu\u00e9ricultrice, infirmier, assistant de service social, conseiller en \u00e9conomie sociale et familiale, animateur socio-culturel).<\/span><\/p>\n<p><span>Comp\u00e9tences requises :<\/span><br \/>\n<span>&#8211; Connaissance des diff\u00e9rents modes d\u2019accueil et acteurs de la petite enfance<\/span><br \/>\n<span>&#8211; Ma\u00eetrise du cadre r\u00e9glementaire du particulier employeur<\/span><br \/>\n<span>&#8211; Ma\u00eetrise des outils de bureautique<\/span><br \/>\n<span>&#8211; Aisance relationnelle et r\u00e9dactionnelle<\/span><br \/>\n<span>&#8211; Capacit\u00e9 d\u2019animation, d\u2019\u00e9coute et de travail en r\u00e9seau<\/span><br \/>\n<span>&#8211; Autonomie<\/span><\/p>\n<p><span>Permis B &#8211; Voiture<\/span><\/p>\n<p><span class=\"x3nfvp2 x1j61x8r x1fcty0u xdj266r xhhsvwb xat24cr xgzva0m xxymvpz xlup9mm x1kky2od\"><img loading=\"lazy\" decoding=\"async\" height=\"16\" width=\"16\" alt=\"\ud83d\udcdd\" class=\"xz74otr\" referrerpolicy=\"origin-when-cross-origin\" src=\"https:\/\/static.xx.fbcdn.net\/images\/emoji.php\/v9\/t6b\/2\/16\/1f4dd.png\"><\/span><span>CONTRAT PROPOS\u00c9<\/span><br \/>\n<span>CDD (CDD 1 an renouvelable)<\/span><br \/>\n<span>Poste \u00e0 75% (environ 26h \u00e0 28h\/semaine)<\/span><br \/>\n<span>Salaire de 1560 euros brut<\/span><\/p>\n","protected":false},"excerpt":{"rendered":"<p>La Plateforme Thi\u00e9rache et Serre recherche un Animateur Relais Petite Enfance Itin\u00e9rant H\/F pour une structure sur le secteur de Rozoy-Sur-Serre. &nbsp;Pour candidater, envoyez votre CV \u00e0 thieracheserre@prochemploi.fr Vos missions: &#8211; Mise en \u0153uvre, suivi et \u00e9valuation du projet de RPE (suivi administratif et financier, \u00e9change avec les financeurs, pr\u00e9paration<a class=\"moretag\" href=\"https:\/\/www.portes-de-thierache.fr\/index.php\/2024\/01\/29\/offre-demploi-animateur-relais-petite-enfance-itinerant-h-f\/\"> Lire la suite<\/a><\/p>\n","protected":false},"author":3,"featured_media":13593,"comment_status":"closed","ping_status":"open","sticky":false,"template":"","format":"standard","meta":{"ngg_post_thumbnail":0,"footnotes":""},"categories":[29],"tags":[],"class_list":["post-13592","post","type-post","status-publish","format-standard","has-post-thumbnail","hentry","category-actualites"],"_links":{"self":[{"href":"https:\/\/www.portes-de-thierache.fr\/index.php\/wp-json\/wp\/v2\/posts\/13592","targetHints":{"allow":["GET"]}}],"collection":[{"href":"https:\/\/www.portes-de-thierache.fr\/index.php\/wp-json\/wp\/v2\/posts"}],"about":[{"href":"https:\/\/www.portes-de-thierache.fr\/index.php\/wp-json\/wp\/v2\/types\/post"}],"author":[{"embeddable":true,"href":"https:\/\/www.portes-de-thierache.fr\/index.php\/wp-json\/wp\/v2\/users\/3"}],"replies":[{"embeddable":true,"href":"https:\/\/www.portes-de-thierache.fr\/index.php\/wp-json\/wp\/v2\/comments?post=13592"}],"version-history":[{"count":0,"href":"https:\/\/www.portes-de-thierache.fr\/index.php\/wp-json\/wp\/v2\/posts\/13592\/revisions"}],"wp:featuredmedia":[{"embeddable":true,"href":"https:\/\/www.portes-de-thierache.fr\/index.php\/wp-json\/wp\/v2\/media\/13593"}],"wp:attachment":[{"href":"https:\/\/www.portes-de-thierache.fr\/index.php\/wp-json\/wp\/v2\/media?parent=13592"}],"wp:term":[{"taxonomy":"category","embeddable":true,"href":"https:\/\/www.portes-de-thierache.fr\/index.php\/wp-json\/wp\/v2\/categories?post=13592"},{"taxonomy":"post_tag","embeddable":true,"href":"https:\/\/www.portes-de-thierache.fr\/index.php\/wp-json\/wp\/v2\/tags?post=13592"}],"curies":[{"name":"wp","href":"https:\/\/api.w.org\/{rel}","templated":true}]}}