{"id":13449,"date":"2023-07-13T14:01:33","date_gmt":"2023-07-13T12:01:33","guid":{"rendered":"https:\/\/www.portes-de-thierache.fr\/?p=13449"},"modified":"2023-09-05T11:33:35","modified_gmt":"2023-09-05T09:33:35","slug":"operation-de-revitalisation-du-territoire","status":"publish","type":"post","link":"https:\/\/www.portes-de-thierache.fr\/index.php\/2023\/07\/13\/operation-de-revitalisation-du-territoire\/","title":{"rendered":"Op\u00e9ration de Revitalisation du Territoire"},"content":{"rendered":"<p style=\"text-align: justify;\">C\u2019est sign\u00e9 ! Les communes de Rozoy-sur-Serre, de Montcornet ainsi que la Communaut\u00e9 de Communes des Portes de la Thi\u00e9rache ont sign\u00e9 ce mercredi 12 juillet 2023 leur convention d\u2019Op\u00e9ration de Revitalisation de Territoire en pr\u00e9sence de M. Beno\u00eet Ready, sous-pr\u00e9fet de l\u2019arrondissement de Vervins et des diff\u00e9rents partenaires \u00ab Petites Villes de Demain \u00bb. Cette convention est sign\u00e9e en partenariat avec l\u2019Etat, l\u2019Anah, l\u2019ANCT, le PETR du pays de Thi\u00e9rache et le D\u00e9partement de l\u2019Aisne.<\/p>\n<p style=\"text-align: justify;\"><a href=\"https:\/\/www.portes-de-thierache.fr\/index.php\/2023\/07\/13\/operation-de-revitalisation-du-territoire\/20230712_154523\/\" rel=\"attachment wp-att-13450\"><img loading=\"lazy\" decoding=\"async\" src=\"https:\/\/www.portes-de-thierache.fr\/wp-content\/uploads\/2023\/07\/20230712_154523-1024x461.jpg\" alt=\"\" width=\"750\" height=\"338\" class=\"aligncenter size-large wp-image-13450\" srcset=\"https:\/\/www.portes-de-thierache.fr\/wp-content\/uploads\/2023\/07\/20230712_154523-1024x461.jpg 1024w, https:\/\/www.portes-de-thierache.fr\/wp-content\/uploads\/2023\/07\/20230712_154523-300x135.jpg 300w, https:\/\/www.portes-de-thierache.fr\/wp-content\/uploads\/2023\/07\/20230712_154523-768x346.jpg 768w, https:\/\/www.portes-de-thierache.fr\/wp-content\/uploads\/2023\/07\/20230712_154523-1536x692.jpg 1536w, https:\/\/www.portes-de-thierache.fr\/wp-content\/uploads\/2023\/07\/20230712_154523-2048x922.jpg 2048w\" sizes=\"auto, (max-width: 750px) 100vw, 750px\" \/><\/a>Le programme \u00ab&nbsp;Petites Villes de Demain&nbsp;\u00bb lanc\u00e9 en 2020 a pour objectif de renforcer les communes de moins de 20&nbsp;000 habitants exer\u00e7ant des fonctions de centralit\u00e9s. Ce programme constitue une bo\u00eete \u00e0 outils au service des territoires.<\/p>\n<p style=\"text-align: justify;\">Les communes de Rozoy-sur-Serre et Montcornet ont souhait\u00e9 s\u2019engager dans ce programme selon les termes de la convention d\u2019adh\u00e9sion sign\u00e9e le 1<sup>er<\/sup> Juin 2021, aux c\u00f4t\u00e9s de la Communaut\u00e9 de Communes des Portes de la Thi\u00e9rache, du PETR du Pays de Thi\u00e9rache, du D\u00e9partement de l\u2019Aisne et des services de l\u2019Etat.<\/p>\n<p><a href=\"https:\/\/www.portes-de-thierache.fr\/index.php\/2023\/07\/13\/operation-de-revitalisation-du-territoire\/20230712_151030\/\" rel=\"attachment wp-att-13451\"><img loading=\"lazy\" decoding=\"async\" src=\"https:\/\/www.portes-de-thierache.fr\/wp-content\/uploads\/2023\/07\/20230712_151030-1024x461.jpg\" alt=\"\" width=\"750\" height=\"338\" class=\"aligncenter size-large wp-image-13451\" srcset=\"https:\/\/www.portes-de-thierache.fr\/wp-content\/uploads\/2023\/07\/20230712_151030-1024x461.jpg 1024w, https:\/\/www.portes-de-thierache.fr\/wp-content\/uploads\/2023\/07\/20230712_151030-300x135.jpg 300w, https:\/\/www.portes-de-thierache.fr\/wp-content\/uploads\/2023\/07\/20230712_151030-768x346.jpg 768w, https:\/\/www.portes-de-thierache.fr\/wp-content\/uploads\/2023\/07\/20230712_151030-1536x692.jpg 1536w, https:\/\/www.portes-de-thierache.fr\/wp-content\/uploads\/2023\/07\/20230712_151030-2048x922.jpg 2048w\" sizes=\"auto, (max-width: 750px) 100vw, 750px\" \/><\/a><\/p>\n<p style=\"text-align: justify;\">Ce travail a abouti aujourd\u2019hui \u00e0 la r\u00e9alisation d\u2019une convention d\u2019Op\u00e9ration de Revitalisation de Territoire (ORT). L\u2019ORT est un outil mis \u00e0 disposition des collectivit\u00e9s locales pour porter et mettre en \u0153uvre un projet de territoire qui conf\u00e8re de nouveaux droits juridiques et fiscaux aux collectivit\u00e9s. Elle s\u2019articule autour de 6 orientations strat\u00e9giques qui sont : l\u2019Habitat, le Commerce et l\u2019artisanat, le Cadre de vie, la Mobilit\u00e9, le Patrimoine et le tourisme, la Transition \u00e9nerg\u00e9tique. Celle-ci am\u00e8ne \u00e0 la d\u00e9finition d\u2019un secteur d\u2019intervention de l\u2019ORT sur les communes labellis\u00e9es \u00ab Petites Villes de Demain \u00bb.<\/p>\n<p style=\"text-align: justify;\">Ces axes composent un plan d\u2019action, qui se d\u00e9cline en 50 fiches actions r\u00e9parties entre les collectivit\u00e9s de Rozoy-sur-Serre, Montcornet, de la CCPT ainsi que le PETR.<\/p>\n<p><a href=\"https:\/\/www.portes-de-thierache.fr\/index.php\/2023\/07\/13\/operation-de-revitalisation-du-territoire\/20230712_154244\/\" rel=\"attachment wp-att-13452\"><img loading=\"lazy\" decoding=\"async\" src=\"https:\/\/www.portes-de-thierache.fr\/wp-content\/uploads\/2023\/07\/20230712_154244-1024x461.jpg\" alt=\"\" width=\"750\" height=\"338\" class=\"aligncenter size-large wp-image-13452\" srcset=\"https:\/\/www.portes-de-thierache.fr\/wp-content\/uploads\/2023\/07\/20230712_154244-1024x461.jpg 1024w, https:\/\/www.portes-de-thierache.fr\/wp-content\/uploads\/2023\/07\/20230712_154244-300x135.jpg 300w, https:\/\/www.portes-de-thierache.fr\/wp-content\/uploads\/2023\/07\/20230712_154244-768x346.jpg 768w, https:\/\/www.portes-de-thierache.fr\/wp-content\/uploads\/2023\/07\/20230712_154244-1536x692.jpg 1536w, https:\/\/www.portes-de-thierache.fr\/wp-content\/uploads\/2023\/07\/20230712_154244-2048x922.jpg 2048w\" sizes=\"auto, (max-width: 750px) 100vw, 750px\" \/><\/a><\/p>\n<p style=\"text-align: justify;\">Cette convention sera consultable en mairie des 2 communes \u00ab&nbsp;Petites Villes de Demain&nbsp;\u00bb ainsi qu\u2019\u00e0 la Communaut\u00e9 de Communes des Portes de la Thi\u00e9rache.<\/p>\n<p style=\"text-align: justify;\">L\u2019entr\u00e9e en vigueur de la convention ORT est effective \u00e0 compter de sa date de signature et ce, jusqu\u2019au 1<sup>er<\/sup> mars 2028.&nbsp;<\/p>\n<p style=\"text-align: center;\"><a href=\"https:\/\/www.portes-de-thierache.fr\/wp-content\/uploads\/2023\/09\/2023-06-28_Convention-ORT_Montcornet-Rozoy.pdf\" rel=\"attachment noopener wp-att-13456\" target=\"_blank\">Lire la convention ORT Montcornet &#8211; Rozoy<\/a><\/p>\n","protected":false},"excerpt":{"rendered":"<p>C\u2019est sign\u00e9 ! Les communes de Rozoy-sur-Serre, de Montcornet ainsi que la Communaut\u00e9 de Communes des Portes de la Thi\u00e9rache ont sign\u00e9 ce mercredi 12 juillet 2023 leur convention d\u2019Op\u00e9ration de Revitalisation de Territoire en pr\u00e9sence de M. Beno\u00eet Ready, sous-pr\u00e9fet de l\u2019arrondissement de Vervins et des diff\u00e9rents partenaires \u00ab<a class=\"moretag\" href=\"https:\/\/www.portes-de-thierache.fr\/index.php\/2023\/07\/13\/operation-de-revitalisation-du-territoire\/\"> Lire la suite<\/a><\/p>\n","protected":false},"author":3,"featured_media":13450,"comment_status":"closed","ping_status":"open","sticky":false,"template":"","format":"standard","meta":{"ngg_post_thumbnail":0,"footnotes":""},"categories":[29,69],"tags":[],"class_list":["post-13449","post","type-post","status-publish","format-standard","has-post-thumbnail","hentry","category-actualites","category-developpement-du-territoire"],"_links":{"self":[{"href":"https:\/\/www.portes-de-thierache.fr\/index.php\/wp-json\/wp\/v2\/posts\/13449","targetHints":{"allow":["GET"]}}],"collection":[{"href":"https:\/\/www.portes-de-thierache.fr\/index.php\/wp-json\/wp\/v2\/posts"}],"about":[{"href":"https:\/\/www.portes-de-thierache.fr\/index.php\/wp-json\/wp\/v2\/types\/post"}],"author":[{"embeddable":true,"href":"https:\/\/www.portes-de-thierache.fr\/index.php\/wp-json\/wp\/v2\/users\/3"}],"replies":[{"embeddable":true,"href":"https:\/\/www.portes-de-thierache.fr\/index.php\/wp-json\/wp\/v2\/comments?post=13449"}],"version-history":[{"count":0,"href":"https:\/\/www.portes-de-thierache.fr\/index.php\/wp-json\/wp\/v2\/posts\/13449\/revisions"}],"wp:featuredmedia":[{"embeddable":true,"href":"https:\/\/www.portes-de-thierache.fr\/index.php\/wp-json\/wp\/v2\/media\/13450"}],"wp:attachment":[{"href":"https:\/\/www.portes-de-thierache.fr\/index.php\/wp-json\/wp\/v2\/media?parent=13449"}],"wp:term":[{"taxonomy":"category","embeddable":true,"href":"https:\/\/www.portes-de-thierache.fr\/index.php\/wp-json\/wp\/v2\/categories?post=13449"},{"taxonomy":"post_tag","embeddable":true,"href":"https:\/\/www.portes-de-thierache.fr\/index.php\/wp-json\/wp\/v2\/tags?post=13449"}],"curies":[{"name":"wp","href":"https:\/\/api.w.org\/{rel}","templated":true}]}}