{"id":13198,"date":"2023-03-27T10:32:07","date_gmt":"2023-03-27T08:32:07","guid":{"rendered":"https:\/\/www.portes-de-thierache.fr\/?p=13198"},"modified":"2023-03-27T14:03:34","modified_gmt":"2023-03-27T12:03:34","slug":"n5-de-la-fortifiee-comme-un-parfum-humide-au-moment-du-depart-de-la-5e-edition-de-la-fortifiee","status":"publish","type":"post","link":"https:\/\/www.portes-de-thierache.fr\/index.php\/2023\/03\/27\/n5-de-la-fortifiee-comme-un-parfum-humide-au-moment-du-depart-de-la-5e-edition-de-la-fortifiee\/","title":{"rendered":"N\u00b05 de \u2026 LA FORTIFI\u00c9E Comme un parfum humide au moment du d\u00e9part de la 5e \u00e9dition de la fortifi\u00e9e !"},"content":{"rendered":"<div dir=\"auto\" style=\"text-align: justify;\">\n\n\t\t<style type=\"text\/css\">\n\t\t\t#gallery-1 {\n\t\t\t\tmargin: auto;\n\t\t\t}\n\t\t\t#gallery-1 .gallery-item {\n\t\t\t\tfloat: left;\n\t\t\t\tmargin-top: 10px;\n\t\t\t\ttext-align: center;\n\t\t\t\twidth: 33%;\n\t\t\t}\n\t\t\t#gallery-1 img {\n\t\t\t\tborder: 2px solid #cfcfcf;\n\t\t\t}\n\t\t\t#gallery-1 .gallery-caption {\n\t\t\t\tmargin-left: 0;\n\t\t\t}\n\t\t\t\/* see gallery_shortcode() in wp-includes\/media.php *\/\n\t\t<\/style>\n\t\t<div id='gallery-1' class='gallery galleryid-13198 gallery-columns-3 gallery-size-medium'><dl class='gallery-item'>\n\t\t\t<dt class='gallery-icon landscape'>\n\t\t\t\t<a href='https:\/\/www.portes-de-thierache.fr\/index.php\/2023\/03\/27\/n5-de-la-fortifiee-comme-un-parfum-humide-au-moment-du-depart-de-la-5e-edition-de-la-fortifiee\/sans-titre-148-2\/'><img loading=\"lazy\" decoding=\"async\" width=\"300\" height=\"199\" src=\"https:\/\/www.portes-de-thierache.fr\/wp-content\/uploads\/2023\/03\/sans-titre-148-300x199.jpg\" class=\"attachment-medium size-medium\" alt=\"\" srcset=\"https:\/\/www.portes-de-thierache.fr\/wp-content\/uploads\/2023\/03\/sans-titre-148-300x199.jpg 300w, https:\/\/www.portes-de-thierache.fr\/wp-content\/uploads\/2023\/03\/sans-titre-148-1024x681.jpg 1024w, https:\/\/www.portes-de-thierache.fr\/wp-content\/uploads\/2023\/03\/sans-titre-148-768x511.jpg 768w, https:\/\/www.portes-de-thierache.fr\/wp-content\/uploads\/2023\/03\/sans-titre-148-1536x1021.jpg 1536w, https:\/\/www.portes-de-thierache.fr\/wp-content\/uploads\/2023\/03\/sans-titre-148-2048x1362.jpg 2048w, https:\/\/www.portes-de-thierache.fr\/wp-content\/uploads\/2023\/03\/sans-titre-148-360x240.jpg 360w\" sizes=\"auto, (max-width: 300px) 100vw, 300px\" \/><\/a>\n\t\t\t<\/dt><\/dl><dl class='gallery-item'>\n\t\t\t<dt class='gallery-icon landscape'>\n\t\t\t\t<a href='https:\/\/www.portes-de-thierache.fr\/index.php\/2023\/03\/27\/n5-de-la-fortifiee-comme-un-parfum-humide-au-moment-du-depart-de-la-5e-edition-de-la-fortifiee\/sans-titre-105\/'><img loading=\"lazy\" decoding=\"async\" width=\"300\" height=\"199\" src=\"https:\/\/www.portes-de-thierache.fr\/wp-content\/uploads\/2023\/03\/sans-titre-105-300x199.jpg\" class=\"attachment-medium size-medium\" alt=\"\" srcset=\"https:\/\/www.portes-de-thierache.fr\/wp-content\/uploads\/2023\/03\/sans-titre-105-300x199.jpg 300w, https:\/\/www.portes-de-thierache.fr\/wp-content\/uploads\/2023\/03\/sans-titre-105-1024x681.jpg 1024w, https:\/\/www.portes-de-thierache.fr\/wp-content\/uploads\/2023\/03\/sans-titre-105-768x511.jpg 768w, https:\/\/www.portes-de-thierache.fr\/wp-content\/uploads\/2023\/03\/sans-titre-105-1536x1021.jpg 1536w, https:\/\/www.portes-de-thierache.fr\/wp-content\/uploads\/2023\/03\/sans-titre-105-2048x1362.jpg 2048w, https:\/\/www.portes-de-thierache.fr\/wp-content\/uploads\/2023\/03\/sans-titre-105-360x240.jpg 360w\" sizes=\"auto, (max-width: 300px) 100vw, 300px\" \/><\/a>\n\t\t\t<\/dt><\/dl><dl class='gallery-item'>\n\t\t\t<dt class='gallery-icon landscape'>\n\t\t\t\t<a href='https:\/\/www.portes-de-thierache.fr\/index.php\/2023\/03\/27\/n5-de-la-fortifiee-comme-un-parfum-humide-au-moment-du-depart-de-la-5e-edition-de-la-fortifiee\/sans-titre-11-6\/'><img loading=\"lazy\" decoding=\"async\" width=\"300\" height=\"199\" src=\"https:\/\/www.portes-de-thierache.fr\/wp-content\/uploads\/2023\/03\/sans-titre-11-300x199.jpg\" class=\"attachment-medium size-medium\" alt=\"\" srcset=\"https:\/\/www.portes-de-thierache.fr\/wp-content\/uploads\/2023\/03\/sans-titre-11-300x199.jpg 300w, https:\/\/www.portes-de-thierache.fr\/wp-content\/uploads\/2023\/03\/sans-titre-11-1024x681.jpg 1024w, https:\/\/www.portes-de-thierache.fr\/wp-content\/uploads\/2023\/03\/sans-titre-11-768x511.jpg 768w, https:\/\/www.portes-de-thierache.fr\/wp-content\/uploads\/2023\/03\/sans-titre-11-1536x1021.jpg 1536w, https:\/\/www.portes-de-thierache.fr\/wp-content\/uploads\/2023\/03\/sans-titre-11-2048x1362.jpg 2048w, https:\/\/www.portes-de-thierache.fr\/wp-content\/uploads\/2023\/03\/sans-titre-11-360x240.jpg 360w\" sizes=\"auto, (max-width: 300px) 100vw, 300px\" \/><\/a>\n\t\t\t<\/dt><\/dl><br style=\"clear: both\" \/><dl class='gallery-item'>\n\t\t\t<dt class='gallery-icon landscape'>\n\t\t\t\t<a href='https:\/\/www.portes-de-thierache.fr\/index.php\/2023\/03\/27\/n5-de-la-fortifiee-comme-un-parfum-humide-au-moment-du-depart-de-la-5e-edition-de-la-fortifiee\/sans-titre-90\/'><img loading=\"lazy\" decoding=\"async\" width=\"300\" height=\"199\" src=\"https:\/\/www.portes-de-thierache.fr\/wp-content\/uploads\/2023\/03\/sans-titre-90-300x199.jpg\" class=\"attachment-medium size-medium\" alt=\"\" srcset=\"https:\/\/www.portes-de-thierache.fr\/wp-content\/uploads\/2023\/03\/sans-titre-90-300x199.jpg 300w, https:\/\/www.portes-de-thierache.fr\/wp-content\/uploads\/2023\/03\/sans-titre-90-1024x681.jpg 1024w, https:\/\/www.portes-de-thierache.fr\/wp-content\/uploads\/2023\/03\/sans-titre-90-768x511.jpg 768w, https:\/\/www.portes-de-thierache.fr\/wp-content\/uploads\/2023\/03\/sans-titre-90-1536x1021.jpg 1536w, https:\/\/www.portes-de-thierache.fr\/wp-content\/uploads\/2023\/03\/sans-titre-90-2048x1362.jpg 2048w, https:\/\/www.portes-de-thierache.fr\/wp-content\/uploads\/2023\/03\/sans-titre-90-360x240.jpg 360w\" sizes=\"auto, (max-width: 300px) 100vw, 300px\" \/><\/a>\n\t\t\t<\/dt><\/dl><dl class='gallery-item'>\n\t\t\t<dt class='gallery-icon landscape'>\n\t\t\t\t<a href='https:\/\/www.portes-de-thierache.fr\/index.php\/2023\/03\/27\/n5-de-la-fortifiee-comme-un-parfum-humide-au-moment-du-depart-de-la-5e-edition-de-la-fortifiee\/sans-titre-45-4\/'><img loading=\"lazy\" decoding=\"async\" width=\"300\" height=\"199\" src=\"https:\/\/www.portes-de-thierache.fr\/wp-content\/uploads\/2023\/03\/sans-titre-45-300x199.jpg\" class=\"attachment-medium size-medium\" alt=\"\" srcset=\"https:\/\/www.portes-de-thierache.fr\/wp-content\/uploads\/2023\/03\/sans-titre-45-300x199.jpg 300w, https:\/\/www.portes-de-thierache.fr\/wp-content\/uploads\/2023\/03\/sans-titre-45-1024x681.jpg 1024w, https:\/\/www.portes-de-thierache.fr\/wp-content\/uploads\/2023\/03\/sans-titre-45-768x511.jpg 768w, https:\/\/www.portes-de-thierache.fr\/wp-content\/uploads\/2023\/03\/sans-titre-45-1536x1021.jpg 1536w, https:\/\/www.portes-de-thierache.fr\/wp-content\/uploads\/2023\/03\/sans-titre-45-2048x1362.jpg 2048w, https:\/\/www.portes-de-thierache.fr\/wp-content\/uploads\/2023\/03\/sans-titre-45-360x240.jpg 360w\" sizes=\"auto, (max-width: 300px) 100vw, 300px\" \/><\/a>\n\t\t\t<\/dt><\/dl><dl class='gallery-item'>\n\t\t\t<dt class='gallery-icon landscape'>\n\t\t\t\t<a href='https:\/\/www.portes-de-thierache.fr\/index.php\/2023\/03\/27\/n5-de-la-fortifiee-comme-un-parfum-humide-au-moment-du-depart-de-la-5e-edition-de-la-fortifiee\/sans-titre-301\/'><img loading=\"lazy\" decoding=\"async\" width=\"300\" height=\"199\" src=\"https:\/\/www.portes-de-thierache.fr\/wp-content\/uploads\/2023\/03\/sans-titre-301-300x199.jpg\" class=\"attachment-medium size-medium\" alt=\"\" srcset=\"https:\/\/www.portes-de-thierache.fr\/wp-content\/uploads\/2023\/03\/sans-titre-301-300x199.jpg 300w, https:\/\/www.portes-de-thierache.fr\/wp-content\/uploads\/2023\/03\/sans-titre-301-1024x681.jpg 1024w, https:\/\/www.portes-de-thierache.fr\/wp-content\/uploads\/2023\/03\/sans-titre-301-768x511.jpg 768w, https:\/\/www.portes-de-thierache.fr\/wp-content\/uploads\/2023\/03\/sans-titre-301-1536x1021.jpg 1536w, https:\/\/www.portes-de-thierache.fr\/wp-content\/uploads\/2023\/03\/sans-titre-301-2048x1362.jpg 2048w, https:\/\/www.portes-de-thierache.fr\/wp-content\/uploads\/2023\/03\/sans-titre-301-360x240.jpg 360w\" sizes=\"auto, (max-width: 300px) 100vw, 300px\" \/><\/a>\n\t\t\t<\/dt><\/dl><br style=\"clear: both\" \/><dl class='gallery-item'>\n\t\t\t<dt class='gallery-icon landscape'>\n\t\t\t\t<a href='https:\/\/www.portes-de-thierache.fr\/index.php\/2023\/03\/27\/n5-de-la-fortifiee-comme-un-parfum-humide-au-moment-du-depart-de-la-5e-edition-de-la-fortifiee\/sans-titre-320\/'><img loading=\"lazy\" decoding=\"async\" width=\"300\" height=\"199\" src=\"https:\/\/www.portes-de-thierache.fr\/wp-content\/uploads\/2023\/03\/sans-titre-320-300x199.jpg\" class=\"attachment-medium size-medium\" alt=\"\" srcset=\"https:\/\/www.portes-de-thierache.fr\/wp-content\/uploads\/2023\/03\/sans-titre-320-300x199.jpg 300w, https:\/\/www.portes-de-thierache.fr\/wp-content\/uploads\/2023\/03\/sans-titre-320-1024x681.jpg 1024w, https:\/\/www.portes-de-thierache.fr\/wp-content\/uploads\/2023\/03\/sans-titre-320-768x511.jpg 768w, https:\/\/www.portes-de-thierache.fr\/wp-content\/uploads\/2023\/03\/sans-titre-320-1536x1021.jpg 1536w, https:\/\/www.portes-de-thierache.fr\/wp-content\/uploads\/2023\/03\/sans-titre-320-2048x1362.jpg 2048w, https:\/\/www.portes-de-thierache.fr\/wp-content\/uploads\/2023\/03\/sans-titre-320-360x240.jpg 360w\" sizes=\"auto, (max-width: 300px) 100vw, 300px\" \/><\/a>\n\t\t\t<\/dt><\/dl><dl class='gallery-item'>\n\t\t\t<dt class='gallery-icon landscape'>\n\t\t\t\t<a href='https:\/\/www.portes-de-thierache.fr\/index.php\/2023\/03\/27\/n5-de-la-fortifiee-comme-un-parfum-humide-au-moment-du-depart-de-la-5e-edition-de-la-fortifiee\/sans-titre-424\/'><img loading=\"lazy\" decoding=\"async\" width=\"300\" height=\"199\" src=\"https:\/\/www.portes-de-thierache.fr\/wp-content\/uploads\/2023\/03\/sans-titre-424-300x199.jpg\" class=\"attachment-medium size-medium\" alt=\"\" srcset=\"https:\/\/www.portes-de-thierache.fr\/wp-content\/uploads\/2023\/03\/sans-titre-424-300x199.jpg 300w, https:\/\/www.portes-de-thierache.fr\/wp-content\/uploads\/2023\/03\/sans-titre-424-1024x681.jpg 1024w, https:\/\/www.portes-de-thierache.fr\/wp-content\/uploads\/2023\/03\/sans-titre-424-768x511.jpg 768w, https:\/\/www.portes-de-thierache.fr\/wp-content\/uploads\/2023\/03\/sans-titre-424-1536x1021.jpg 1536w, https:\/\/www.portes-de-thierache.fr\/wp-content\/uploads\/2023\/03\/sans-titre-424-2048x1362.jpg 2048w, https:\/\/www.portes-de-thierache.fr\/wp-content\/uploads\/2023\/03\/sans-titre-424-360x240.jpg 360w\" sizes=\"auto, (max-width: 300px) 100vw, 300px\" \/><\/a>\n\t\t\t<\/dt><\/dl><dl class='gallery-item'>\n\t\t\t<dt class='gallery-icon landscape'>\n\t\t\t\t<a href='https:\/\/www.portes-de-thierache.fr\/index.php\/2023\/03\/27\/n5-de-la-fortifiee-comme-un-parfum-humide-au-moment-du-depart-de-la-5e-edition-de-la-fortifiee\/sans-titre-442\/'><img loading=\"lazy\" decoding=\"async\" width=\"300\" height=\"199\" src=\"https:\/\/www.portes-de-thierache.fr\/wp-content\/uploads\/2023\/03\/sans-titre-442-300x199.jpg\" class=\"attachment-medium size-medium\" alt=\"\" srcset=\"https:\/\/www.portes-de-thierache.fr\/wp-content\/uploads\/2023\/03\/sans-titre-442-300x199.jpg 300w, https:\/\/www.portes-de-thierache.fr\/wp-content\/uploads\/2023\/03\/sans-titre-442-1024x681.jpg 1024w, https:\/\/www.portes-de-thierache.fr\/wp-content\/uploads\/2023\/03\/sans-titre-442-768x511.jpg 768w, https:\/\/www.portes-de-thierache.fr\/wp-content\/uploads\/2023\/03\/sans-titre-442-1536x1021.jpg 1536w, https:\/\/www.portes-de-thierache.fr\/wp-content\/uploads\/2023\/03\/sans-titre-442-2048x1362.jpg 2048w, https:\/\/www.portes-de-thierache.fr\/wp-content\/uploads\/2023\/03\/sans-titre-442-360x240.jpg 360w\" sizes=\"auto, (max-width: 300px) 100vw, 300px\" \/><\/a>\n\t\t\t<\/dt><\/dl><br style=\"clear: both\" \/><dl class='gallery-item'>\n\t\t\t<dt class='gallery-icon landscape'>\n\t\t\t\t<a href='https:\/\/www.portes-de-thierache.fr\/index.php\/2023\/03\/27\/n5-de-la-fortifiee-comme-un-parfum-humide-au-moment-du-depart-de-la-5e-edition-de-la-fortifiee\/sans-titre-415\/'><img loading=\"lazy\" decoding=\"async\" width=\"300\" height=\"199\" src=\"https:\/\/www.portes-de-thierache.fr\/wp-content\/uploads\/2023\/03\/sans-titre-415-300x199.jpg\" class=\"attachment-medium size-medium\" alt=\"\" srcset=\"https:\/\/www.portes-de-thierache.fr\/wp-content\/uploads\/2023\/03\/sans-titre-415-300x199.jpg 300w, https:\/\/www.portes-de-thierache.fr\/wp-content\/uploads\/2023\/03\/sans-titre-415-1024x681.jpg 1024w, https:\/\/www.portes-de-thierache.fr\/wp-content\/uploads\/2023\/03\/sans-titre-415-768x511.jpg 768w, https:\/\/www.portes-de-thierache.fr\/wp-content\/uploads\/2023\/03\/sans-titre-415-1536x1021.jpg 1536w, https:\/\/www.portes-de-thierache.fr\/wp-content\/uploads\/2023\/03\/sans-titre-415-2048x1362.jpg 2048w, https:\/\/www.portes-de-thierache.fr\/wp-content\/uploads\/2023\/03\/sans-titre-415-360x240.jpg 360w\" sizes=\"auto, (max-width: 300px) 100vw, 300px\" \/><\/a>\n\t\t\t<\/dt><\/dl><dl class='gallery-item'>\n\t\t\t<dt class='gallery-icon landscape'>\n\t\t\t\t<a href='https:\/\/www.portes-de-thierache.fr\/index.php\/2023\/03\/27\/n5-de-la-fortifiee-comme-un-parfum-humide-au-moment-du-depart-de-la-5e-edition-de-la-fortifiee\/sans-titre-418\/'><img loading=\"lazy\" decoding=\"async\" width=\"300\" height=\"199\" src=\"https:\/\/www.portes-de-thierache.fr\/wp-content\/uploads\/2023\/03\/sans-titre-418-300x199.jpg\" class=\"attachment-medium size-medium\" alt=\"\" srcset=\"https:\/\/www.portes-de-thierache.fr\/wp-content\/uploads\/2023\/03\/sans-titre-418-300x199.jpg 300w, https:\/\/www.portes-de-thierache.fr\/wp-content\/uploads\/2023\/03\/sans-titre-418-1024x681.jpg 1024w, https:\/\/www.portes-de-thierache.fr\/wp-content\/uploads\/2023\/03\/sans-titre-418-768x511.jpg 768w, https:\/\/www.portes-de-thierache.fr\/wp-content\/uploads\/2023\/03\/sans-titre-418-1536x1021.jpg 1536w, https:\/\/www.portes-de-thierache.fr\/wp-content\/uploads\/2023\/03\/sans-titre-418-2048x1362.jpg 2048w, https:\/\/www.portes-de-thierache.fr\/wp-content\/uploads\/2023\/03\/sans-titre-418-360x240.jpg 360w\" sizes=\"auto, (max-width: 300px) 100vw, 300px\" \/><\/a>\n\t\t\t<\/dt><\/dl><dl class='gallery-item'>\n\t\t\t<dt class='gallery-icon landscape'>\n\t\t\t\t<a href='https:\/\/www.portes-de-thierache.fr\/index.php\/2023\/03\/27\/n5-de-la-fortifiee-comme-un-parfum-humide-au-moment-du-depart-de-la-5e-edition-de-la-fortifiee\/sans-titre-431\/'><img loading=\"lazy\" decoding=\"async\" width=\"300\" height=\"199\" src=\"https:\/\/www.portes-de-thierache.fr\/wp-content\/uploads\/2023\/03\/sans-titre-431-300x199.jpg\" class=\"attachment-medium size-medium\" alt=\"\" srcset=\"https:\/\/www.portes-de-thierache.fr\/wp-content\/uploads\/2023\/03\/sans-titre-431-300x199.jpg 300w, https:\/\/www.portes-de-thierache.fr\/wp-content\/uploads\/2023\/03\/sans-titre-431-1024x681.jpg 1024w, https:\/\/www.portes-de-thierache.fr\/wp-content\/uploads\/2023\/03\/sans-titre-431-768x511.jpg 768w, https:\/\/www.portes-de-thierache.fr\/wp-content\/uploads\/2023\/03\/sans-titre-431-1536x1021.jpg 1536w, https:\/\/www.portes-de-thierache.fr\/wp-content\/uploads\/2023\/03\/sans-titre-431-2048x1362.jpg 2048w, https:\/\/www.portes-de-thierache.fr\/wp-content\/uploads\/2023\/03\/sans-titre-431-360x240.jpg 360w\" sizes=\"auto, (max-width: 300px) 100vw, 300px\" \/><\/a>\n\t\t\t<\/dt><\/dl><br style=\"clear: both\" \/>\n\t\t<\/div>\n\n<\/div>\n<div dir=\"auto\"><\/div>\n<div class=\"x11i5rnm xat24cr x1mh8g0r x1vvkbs xtlvy1s x126k92a\" style=\"text-align: justify;\">\n<div dir=\"auto\">(Lien pour d\u00e9couvrir toutes les photos en bas de page)<\/div>\n<div dir=\"auto\"><\/div>\n<\/div>\n<div class=\"x11i5rnm xat24cr x1mh8g0r x1vvkbs xtlvy1s x126k92a\" style=\"text-align: justify;\">\n<div dir=\"auto\"><span><a tabindex=\"-1\"><\/a><\/span>Pluie et bourrasques de vent, le soleil \u00e9tait loin d\u2019\u00eatre au rendez-vous, dimanche 26 mars \u00e0 9h00 sur la ligne de d\u00e9part, situ\u00e9e sous le porche de l\u2019\u00e9glise Saint-M\u00e9dard de Parfondeval.<\/div>\n<div dir=\"auto\">La m\u00e9t\u00e9o maussade qui a accompagn\u00e9 tout le long de la journ\u00e9e les 95 marathoniens et les 59 \u00e9quipes de relayeurs (relais duo), n\u2019a cependant pas sap\u00e9 le moral des n\u00e9ophytes, des coureurs rompus \u00e0 l\u2019exercice, des excentriques, des introvertis, des \u00ab \u00e0 fond dans leur bulle \u00bb ou des jusqu\u2019auboutistes, hommes et femmes confondus.<\/div>\n<div dir=\"auto\">&nbsp; &nbsp;&nbsp;<\/div>\n<div dir=\"auto\">Parapluies, ponchos, sacs poubelle, chacun essayaient de s\u2019abriter comme il pouvait et de ne surtout pas prendre froid lors de l\u2019\u00e9chauffement avant d\u2019avaler, peut \u00eatre de travers, le bitume et sa chauss\u00e9e d\u00e9tremp\u00e9e. Malgr\u00e9 les trombes d\u2019eau, on retrouvait les habitu\u00e9s, comme ce groupe belge \u00ab Les chariots courants \u00bb dont les membres se relayaient pour pousser un enfant handicap\u00e9 et ainsi le faire participer \u00e0 une course pas comme les autres.<\/div>\n<\/div>\n<div class=\"x11i5rnm xat24cr x1mh8g0r x1vvkbs xtlvy1s x126k92a\" style=\"text-align: justify;\">\n<div dir=\"auto\">Locaux de l\u2019\u00e9tape, Belges, N\u00e9erlandais, gens du Sud et du Nord et m\u00eame Irlandais, tous alunissons, saluaient cette performance avec des applaudissements fournis.<\/div>\n<div dir=\"auto\">&nbsp; &nbsp;&nbsp;<\/div>\n<\/div>\n<div class=\"x11i5rnm xat24cr x1mh8g0r x1vvkbs xtlvy1s x126k92a\" style=\"text-align: justify;\">\n<div dir=\"auto\">Une caravane festive compos\u00e9e de tracteurs et de chariots, toute sir\u00e8ne hurlante, sur lesquels \u00e9taient juch\u00e9es les mascottes de La Fortifi\u00e9e (des vaches), ouvrait le bal des athl\u00e8tes en distribuant goodies et bonbons aux spectateurs ayant brav\u00e9 les intemp\u00e9ries.<\/div>\n<div dir=\"auto\">&nbsp; &nbsp;&nbsp;<\/div>\n<div dir=\"auto\">Apr\u00e8s plusieurs heures d\u2019efforts et de souffrance, une fois la ligne d\u2019arriv\u00e9e franchie, certains pestaient que l\u2019on ne les y reprendrait plus \u00e0 s\u2019engager sur un parcours aussi monstrueux et \u00e9nergivore.<\/div>\n<div dir=\"auto\">&nbsp; &nbsp;&nbsp;<\/div>\n<\/div>\n<div class=\"x11i5rnm xat24cr x1mh8g0r x1vvkbs xtlvy1s x126k92a\" style=\"text-align: justify;\">\n<div dir=\"auto\">Puis, apr\u00e8s quelques \u00e9tirements et\/ou un mot de r\u00e9confort, voire un baiser, ces athl\u00e8tes fourbus et parfois un peu d\u00e9sorient\u00e9s, juraient la main sur le c\u0153ur, qu\u2019ils allaient signer pour un nouveau calvaire l\u2019an prochain.<\/div>\n<div dir=\"auto\">&nbsp; &nbsp;&nbsp;<\/div>\n<\/div>\n<div class=\"x11i5rnm xat24cr x1mh8g0r x1vvkbs xtlvy1s x126k92a\" style=\"text-align: justify;\">\n<div dir=\"auto\">C\u2019est \u00e0 l\u2019abri, vers 15h30, sous chapiteau, que la remise des prix pour les diff\u00e9rents podiums \u00e9tait effectu\u00e9e par de nombreux \u00e9lus ayant fait le d\u00e9placement. Ainsi, Isabelle Chr\u00e9tien, maire de Parfondeval \u00e9tait entour\u00e9e du pr\u00e9sident des Portes de la Thi\u00e9rache, Jean-Fran\u00e7ois Pagnon, mais \u00e9galement d\u2019autres \u00e9lus comme Thomas Hennequin, maire de Montcornet et vice-pr\u00e9sident \u00e0 la CCPT, Jos\u00e9 Flucher, maire de Rozoy-sur-Serre, Guy Labroche, maire de Sainte-Genevi\u00e8ve, Corinne Bienaim\u00e9, maire de Dolignon, Yannick Naveau, maire de Chaourse et Edmond Van Ruymbeke, maire de Vincy-Reuil-et-Magny.<\/div>\n<div dir=\"auto\">Le d\u00e9part de l\u2019\u00e9preuve avait \u00e9t\u00e9 donn\u00e9 par Nicolas Fricoteaux, pr\u00e9sident du Conseil d\u00e9partemental et Jean-Fran\u00e7ois Pagnon, en la pr\u00e9sence de Xavier Boulande, vice-pr\u00e9sident \u00e0 la CCPT.<\/div>\n<div dir=\"auto\">&nbsp; &nbsp;&nbsp;<\/div>\n<\/div>\n<div class=\"x11i5rnm xat24cr x1mh8g0r x1vvkbs xtlvy1s x126k92a\" style=\"text-align: justify;\">\n<div dir=\"auto\">Rappel : le marathon la Fortifi\u00e9e est l&rsquo;une des courses sur route les plus p\u00e9nibles de l&rsquo;Hexagone de part son d\u00e9nivel\u00e9 et son relief accident\u00e9. Une course \u00e9v\u00e9nement qui ne serait rien sans son chef d&rsquo;orchestre, Dimitri Jacquelet, pr\u00e9sident du club \u00ab\u00a0Les semelles fumantes\u00a0\u00bb (et de son \u00e9pouse Christelle) et les 80 b\u00e9n\u00e9voles assurant la pr\u00e9paration des sacs \u00e0 destination des coureurs (dossards, maillot collector, brique de lait Faire France, barre \u00e9nerg\u00e9tique, documentation touristique).<\/div>\n<div dir=\"auto\">&nbsp; &nbsp;&nbsp;<\/div>\n<\/div>\n<div class=\"x11i5rnm xat24cr x1mh8g0r x1vvkbs xtlvy1s x126k92a\" style=\"text-align: justify;\">\n<div dir=\"auto\">Ces b\u00e9n\u00e9voles assuraient \u00e9galement la s\u00e9curit\u00e9 sur l\u2019ensemble du parcours ainsi que toute l&rsquo;intendance en amont, sur le site de d\u00e9part et d&rsquo;arriv\u00e9e. Merci \u00e9galement au service technique de la CCPT pour la logistique (montage et d\u00e9montage des chapiteaux, bacs de tri et d\u2019ordures m\u00e9nag\u00e8res).<\/div>\n<div dir=\"auto\">&nbsp; &nbsp;&nbsp;<\/div>\n<\/div>\n<div class=\"x11i5rnm xat24cr x1mh8g0r x1vvkbs xtlvy1s x126k92a\">\n<div dir=\"auto\" style=\"text-align: justify;\">La Fortifi\u00e9e, c\u2019est LE marathon pas comme les autres. Retour sur l\u2019\u00e9preuve en quelques clich\u00e9s (parfois humides).<\/div>\n<div dir=\"auto\"><\/div>\n<\/div>\n<div dir=\"auto\"><\/div>\n<div dir=\"auto\"><a href=\"https:\/\/photos.app.goo.gl\/eTRPywsZATg8nAZp7\">Photos la Fortifi\u00e9e#5 &#8211; 26\/03\/2023<\/a><\/div>\n<div dir=\"auto\"><\/div>\n<div dir=\"auto\"><\/div>\n","protected":false},"excerpt":{"rendered":"<p>(Lien pour d\u00e9couvrir toutes les photos en bas de page) Pluie et bourrasques de vent, le soleil \u00e9tait loin d\u2019\u00eatre au rendez-vous, dimanche 26 mars \u00e0 9h00 sur la ligne de d\u00e9part, situ\u00e9e sous le porche de l\u2019\u00e9glise Saint-M\u00e9dard de Parfondeval. La m\u00e9t\u00e9o maussade qui a accompagn\u00e9 tout le long<a class=\"moretag\" href=\"https:\/\/www.portes-de-thierache.fr\/index.php\/2023\/03\/27\/n5-de-la-fortifiee-comme-un-parfum-humide-au-moment-du-depart-de-la-5e-edition-de-la-fortifiee\/\"> Lire la suite<\/a><\/p>\n","protected":false},"author":4,"featured_media":13202,"comment_status":"closed","ping_status":"open","sticky":false,"template":"","format":"standard","meta":{"ngg_post_thumbnail":0,"footnotes":""},"categories":[29],"tags":[],"class_list":["post-13198","post","type-post","status-publish","format-standard","has-post-thumbnail","hentry","category-actualites"],"_links":{"self":[{"href":"https:\/\/www.portes-de-thierache.fr\/index.php\/wp-json\/wp\/v2\/posts\/13198","targetHints":{"allow":["GET"]}}],"collection":[{"href":"https:\/\/www.portes-de-thierache.fr\/index.php\/wp-json\/wp\/v2\/posts"}],"about":[{"href":"https:\/\/www.portes-de-thierache.fr\/index.php\/wp-json\/wp\/v2\/types\/post"}],"author":[{"embeddable":true,"href":"https:\/\/www.portes-de-thierache.fr\/index.php\/wp-json\/wp\/v2\/users\/4"}],"replies":[{"embeddable":true,"href":"https:\/\/www.portes-de-thierache.fr\/index.php\/wp-json\/wp\/v2\/comments?post=13198"}],"version-history":[{"count":0,"href":"https:\/\/www.portes-de-thierache.fr\/index.php\/wp-json\/wp\/v2\/posts\/13198\/revisions"}],"wp:featuredmedia":[{"embeddable":true,"href":"https:\/\/www.portes-de-thierache.fr\/index.php\/wp-json\/wp\/v2\/media\/13202"}],"wp:attachment":[{"href":"https:\/\/www.portes-de-thierache.fr\/index.php\/wp-json\/wp\/v2\/media?parent=13198"}],"wp:term":[{"taxonomy":"category","embeddable":true,"href":"https:\/\/www.portes-de-thierache.fr\/index.php\/wp-json\/wp\/v2\/categories?post=13198"},{"taxonomy":"post_tag","embeddable":true,"href":"https:\/\/www.portes-de-thierache.fr\/index.php\/wp-json\/wp\/v2\/tags?post=13198"}],"curies":[{"name":"wp","href":"https:\/\/api.w.org\/{rel}","templated":true}]}}