{"id":13185,"date":"2023-03-13T13:45:51","date_gmt":"2023-03-13T12:45:51","guid":{"rendered":"https:\/\/www.portes-de-thierache.fr\/?p=13185"},"modified":"2023-03-13T13:48:22","modified_gmt":"2023-03-13T12:48:22","slug":"stage-nature-aux-autels","status":"publish","type":"post","link":"https:\/\/www.portes-de-thierache.fr\/index.php\/2023\/03\/13\/stage-nature-aux-autels\/","title":{"rendered":"VACANCES DE P\u00c2QUES : STAGE NATURE AUX AUTELS !"},"content":{"rendered":"<div class=\"x11i5rnm xat24cr x1mh8g0r x1vvkbs xdj266r x126k92a\">\n<div dir=\"auto\" style=\"text-align: justify;\"><\/div>\n<\/div>\n<div class=\"x11i5rnm xat24cr x1mh8g0r x1vvkbs xtlvy1s x126k92a\" style=\"text-align: justify;\">\n<div dir=\"auto\">Comme chaque ann\u00e9e, la Communaut\u00e9 de communes des Portes de la Thi\u00e9rache, avec la collaboration du Centre Permanent d&rsquo;Initiatives pour l&rsquo;Environnement (CPIE) des pays de l&rsquo;Aisne organise un stage nature durant les vacances de printemps.<\/div>\n<div dir=\"auto\">&nbsp; &nbsp;<\/div>\n<\/div>\n<div class=\"x11i5rnm xat24cr x1mh8g0r x1vvkbs xtlvy1s x126k92a\" style=\"text-align: justify;\">\n<div dir=\"auto\"><strong><em>Ce stage se d\u00e9roulera du 17 au 21 avril aux AUTELS, dans le bocage du Franc Bertin.<\/em><\/strong><\/div>\n<div dir=\"auto\">&nbsp; &nbsp;&nbsp;<\/div>\n<\/div>\n<div class=\"x11i5rnm xat24cr x1mh8g0r x1vvkbs xtlvy1s x126k92a\" style=\"text-align: justify;\">\n<div dir=\"auto\">Le <span><a tabindex=\"-1\"><\/a><\/span>th\u00e8me retenu cette ann\u00e9e : le retour des cro-magnons ! Tout un programme !<\/div>\n<\/div>\n<div class=\"x11i5rnm xat24cr x1mh8g0r x1vvkbs xtlvy1s x126k92a\">\n<div dir=\"auto\" style=\"text-align: justify;\">Toutes les modalit\u00e9s d&rsquo;inscriptions aupr\u00e8s du CPIE gr\u00e2ce au flyer ci-apr\u00e8s !<\/div>\n<\/div>\n<div dir=\"auto\"><\/div>\n<div dir=\"auto\"><a href=\"https:\/\/www.portes-de-thierache.fr\/wp-content\/uploads\/2023\/03\/stage-nature-Paques-2023-scaled.jpg\"><img loading=\"lazy\" decoding=\"async\" src=\"https:\/\/www.portes-de-thierache.fr\/wp-content\/uploads\/2023\/03\/stage-nature-Paques-2023-211x300.jpg\" alt=\"\" width=\"211\" height=\"300\" class=\"aligncenter size-medium wp-image-13184\" srcset=\"https:\/\/www.portes-de-thierache.fr\/wp-content\/uploads\/2023\/03\/stage-nature-Paques-2023-211x300.jpg 211w, https:\/\/www.portes-de-thierache.fr\/wp-content\/uploads\/2023\/03\/stage-nature-Paques-2023-722x1024.jpg 722w, https:\/\/www.portes-de-thierache.fr\/wp-content\/uploads\/2023\/03\/stage-nature-Paques-2023-768x1090.jpg 768w, https:\/\/www.portes-de-thierache.fr\/wp-content\/uploads\/2023\/03\/stage-nature-Paques-2023-1082x1536.jpg 1082w, https:\/\/www.portes-de-thierache.fr\/wp-content\/uploads\/2023\/03\/stage-nature-Paques-2023-1443x2048.jpg 1443w, https:\/\/www.portes-de-thierache.fr\/wp-content\/uploads\/2023\/03\/stage-nature-Paques-2023-scaled.jpg 1804w\" sizes=\"auto, (max-width: 211px) 100vw, 211px\" \/><\/a><\/div>\n<div dir=\"auto\"><\/div>\n<div dir=\"auto\"><\/div>\n<div dir=\"auto\"><\/div>\n","protected":false},"excerpt":{"rendered":"<p>Comme chaque ann\u00e9e, la Communaut\u00e9 de communes des Portes de la Thi\u00e9rache, avec la collaboration du Centre Permanent d&rsquo;Initiatives pour l&rsquo;Environnement (CPIE) des pays de l&rsquo;Aisne organise un stage nature durant les vacances de printemps. &nbsp; &nbsp; Ce stage se d\u00e9roulera du 17 au 21 avril aux AUTELS, dans le<a class=\"moretag\" href=\"https:\/\/www.portes-de-thierache.fr\/index.php\/2023\/03\/13\/stage-nature-aux-autels\/\"> Lire la suite<\/a><\/p>\n","protected":false},"author":4,"featured_media":13184,"comment_status":"closed","ping_status":"open","sticky":false,"template":"","format":"standard","meta":{"ngg_post_thumbnail":0,"footnotes":""},"categories":[29,72],"tags":[],"class_list":["post-13185","post","type-post","status-publish","format-standard","has-post-thumbnail","hentry","category-actualites","category-services-et-loisirs"],"_links":{"self":[{"href":"https:\/\/www.portes-de-thierache.fr\/index.php\/wp-json\/wp\/v2\/posts\/13185","targetHints":{"allow":["GET"]}}],"collection":[{"href":"https:\/\/www.portes-de-thierache.fr\/index.php\/wp-json\/wp\/v2\/posts"}],"about":[{"href":"https:\/\/www.portes-de-thierache.fr\/index.php\/wp-json\/wp\/v2\/types\/post"}],"author":[{"embeddable":true,"href":"https:\/\/www.portes-de-thierache.fr\/index.php\/wp-json\/wp\/v2\/users\/4"}],"replies":[{"embeddable":true,"href":"https:\/\/www.portes-de-thierache.fr\/index.php\/wp-json\/wp\/v2\/comments?post=13185"}],"version-history":[{"count":0,"href":"https:\/\/www.portes-de-thierache.fr\/index.php\/wp-json\/wp\/v2\/posts\/13185\/revisions"}],"wp:featuredmedia":[{"embeddable":true,"href":"https:\/\/www.portes-de-thierache.fr\/index.php\/wp-json\/wp\/v2\/media\/13184"}],"wp:attachment":[{"href":"https:\/\/www.portes-de-thierache.fr\/index.php\/wp-json\/wp\/v2\/media?parent=13185"}],"wp:term":[{"taxonomy":"category","embeddable":true,"href":"https:\/\/www.portes-de-thierache.fr\/index.php\/wp-json\/wp\/v2\/categories?post=13185"},{"taxonomy":"post_tag","embeddable":true,"href":"https:\/\/www.portes-de-thierache.fr\/index.php\/wp-json\/wp\/v2\/tags?post=13185"}],"curies":[{"name":"wp","href":"https:\/\/api.w.org\/{rel}","templated":true}]}}