{"id":13006,"date":"2022-11-24T09:56:40","date_gmt":"2022-11-24T08:56:40","guid":{"rendered":"https:\/\/www.portes-de-thierache.fr\/?p=13006"},"modified":"2022-11-24T09:56:40","modified_gmt":"2022-11-24T08:56:40","slug":"tact-recherche-benevoles","status":"publish","type":"post","link":"https:\/\/www.portes-de-thierache.fr\/index.php\/2022\/11\/24\/tact-recherche-benevoles\/","title":{"rendered":"TACT recherche B\u00c9N\u00c9VOLES !"},"content":{"rendered":"<div class=\"x11i5rnm xat24cr x1mh8g0r x1vvkbs xdj266r x126k92a\">\n<div dir=\"auto\"><a href=\"https:\/\/www.portes-de-thierache.fr\/wp-content\/uploads\/2022\/11\/logo-TACT-detoure.png\"><img loading=\"lazy\" decoding=\"async\" src=\"https:\/\/www.portes-de-thierache.fr\/wp-content\/uploads\/2022\/11\/logo-TACT-detoure-300x300.png\" alt=\"\" width=\"300\" height=\"300\" class=\"aligncenter wp-image-13007 size-medium\" srcset=\"https:\/\/www.portes-de-thierache.fr\/wp-content\/uploads\/2022\/11\/logo-TACT-detoure-300x300.png 300w, https:\/\/www.portes-de-thierache.fr\/wp-content\/uploads\/2022\/11\/logo-TACT-detoure-1024x1024.png 1024w, https:\/\/www.portes-de-thierache.fr\/wp-content\/uploads\/2022\/11\/logo-TACT-detoure-150x150.png 150w, https:\/\/www.portes-de-thierache.fr\/wp-content\/uploads\/2022\/11\/logo-TACT-detoure-768x768.png 768w, https:\/\/www.portes-de-thierache.fr\/wp-content\/uploads\/2022\/11\/logo-TACT-detoure-1536x1536.png 1536w, https:\/\/www.portes-de-thierache.fr\/wp-content\/uploads\/2022\/11\/logo-TACT-detoure-2048x2048.png 2048w\" sizes=\"auto, (max-width: 300px) 100vw, 300px\" \/><\/a><\/div>\n<\/div>\n<div class=\"x11i5rnm xat24cr x1mh8g0r x1vvkbs xtlvy1s x126k92a\">\n<div dir=\"auto\">TACT (Thi\u00e9rache Animation Culture Tourisme), bas\u00e9e \u00e0 Rozoy-sur-Serre est une structure d\u2019animation sociale qui contribue \u00e0 faciliter l\u2019int\u00e9gration des familles dans la vie collective et citoyenne (coordonn\u00e9es en bas de page).<\/div>\n<\/div>\n<div class=\"x11i5rnm xat24cr x1mh8g0r x1vvkbs xtlvy1s x126k92a\">\n<div dir=\"auto\">L\u2019association organise tout au long de l\u2019ann\u00e9e des actions diverses et vari\u00e9es :<\/div>\n<div dir=\"auto\">&nbsp; &nbsp;&nbsp;<\/div>\n<\/div>\n<div class=\"x11i5rnm xat24cr x1mh8g0r x1vvkbs xtlvy1s x126k92a\">\n<div dir=\"auto\">&#8211; <span><a tabindex=\"-1\"><\/a><\/span>Les paniers solidaires : ils sont distribu\u00e9s deux fois par mois et en association avec des organismes sociaux comme la CAF, la MSA, le D\u00e9partement ou la R\u00e9gion. Mme \u00c9loire, pr\u00e9sidente de l\u2019association et les b\u00e9n\u00e9voles coordonnent la distribution des produits de consommation de premi\u00e8res n\u00e9cessit\u00e9s provenant de producteurs locaux, moyennant la somme de 5 \u20ac (l\u00e9gumes, fruits, produits laitiers, viande, etc.).<\/div>\n<div dir=\"auto\">&nbsp; &nbsp; &nbsp;<\/div>\n<\/div>\n<div class=\"x11i5rnm xat24cr x1mh8g0r x1vvkbs xtlvy1s x126k92a\">\n<div dir=\"auto\">&#8211; Les actions ados 12\/18 ans : c\u2019est l\u2019organisation de demi-journ\u00e9es ou journ\u00e9es enti\u00e8res avec des adolescents de 12 \u00e0 18 ans autour d\u2019activit\u00e9s diverses (laser-game, patinoire, jeux de soci\u00e9t\u00e9 \u2026).<\/div>\n<div dir=\"auto\">&nbsp; &nbsp;&nbsp;<\/div>\n<\/div>\n<div class=\"x11i5rnm xat24cr x1mh8g0r x1vvkbs xtlvy1s x126k92a\">\n<div dir=\"auto\">&#8211; Les mercredis r\u00e9cr\u00e9atifs : c\u2019est l\u2019organisation d\u2019activit\u00e9s ludiques, manuelles et culturelles pour les enfants de 6 \u00e0 12 ans tous les mercredis de 9h \u00e0 17h (avec possibilit\u00e9 de garderie de 8h \u00e0 9h et de 17h \u00e0 18h).<\/div>\n<div dir=\"auto\">&nbsp; &nbsp; &nbsp;<\/div>\n<\/div>\n<div class=\"x11i5rnm xat24cr x1mh8g0r x1vvkbs xtlvy1s x126k92a\">\n<div dir=\"auto\">&#8211; Les ateliers parents\/enfants : Ce sont des apr\u00e8s-midis r\u00e9cr\u00e9atifs organis\u00e9s durant les petites vacances pour les parents et enfants.<\/div>\n<div dir=\"auto\">&nbsp; &nbsp; &nbsp;<\/div>\n<\/div>\n<div class=\"x11i5rnm xat24cr x1mh8g0r x1vvkbs xtlvy1s x126k92a\">\n<div dir=\"auto\">&#8211; La f\u00eate de la musique : c\u2019est l\u2019organisation d\u2019un concert gratuit avec une premi\u00e8re partie mettant en avant l\u2019\u00e9cole de musique.<\/div>\n<div dir=\"auto\">&nbsp; &nbsp; &nbsp;<\/div>\n<\/div>\n<div class=\"x11i5rnm xat24cr x1mh8g0r x1vvkbs xtlvy1s x126k92a\">\n<div dir=\"auto\">&#8211; La semaine musicale : c\u2019est l\u2019organisation de plusieurs concerts gratuits dans de nombreuses communes du territoire avec en avant-premi\u00e8re la participation des \u00e9l\u00e8ves de l\u2019\u00e9cole de musique (au mois de mai).<\/div>\n<div dir=\"auto\">&nbsp; &nbsp; &nbsp;&nbsp;<\/div>\n<\/div>\n<div class=\"x11i5rnm xat24cr x1mh8g0r x1vvkbs xtlvy1s x126k92a\">\n<div dir=\"auto\">&#8211; Les sorties familles : ce sont des sorties propos\u00e9es aux familles \u00e0 un moindre co\u00fbt (pour cette ann\u00e9e 2022, c\u2019\u00e9tait : les grottes de Han, la Japan Expo \u00e0 Paris, Walibi en Belgique, Boulogne-sur-Mer et le Louvre \u00e0 Paris).<\/div>\n<div dir=\"auto\">&nbsp; &nbsp;&nbsp;<\/div>\n<\/div>\n<div class=\"x11i5rnm xat24cr x1mh8g0r x1vvkbs xtlvy1s x126k92a\">\n<div dir=\"auto\">&#8211; Les s\u00e9jours ados : propos\u00e9s aux adolescents, ces s\u00e9jours permettent aux jeunes de vivre des exp\u00e9riences dans un centre de loisirs pendant une semaine au cours de l\u2019\u00e9t\u00e9.<\/div>\n<div dir=\"auto\">&nbsp; &nbsp; &nbsp;&nbsp;<\/div>\n<\/div>\n<div class=\"x11i5rnm xat24cr x1mh8g0r x1vvkbs xtlvy1s x126k92a\">\n<div dir=\"auto\">&#8211; L\u2019ALSH (accueil de loisirs sans h\u00e9bergement) : organis\u00e9 au sein de plusieurs communes du territoire durant la p\u00e9riode estivale.<\/div>\n<\/div>\n<div dir=\"auto\"><\/div>\n<div dir=\"auto\">&nbsp; &nbsp; &nbsp;<\/div>\n<div class=\"x11i5rnm xat24cr x1mh8g0r x1vvkbs xtlvy1s x126k92a\">\n<div dir=\"auto\">L\u2019association TACT est bas\u00e9e au 94, rue de la Neuville \u00e0 Rozoy-sur-Serre (\u00e0 c\u00f4t\u00e9 des locaux de la CCPT).<\/div>\n<div dir=\"auto\">T\u00e9l. : 09 51 35 24 43 \u2013 07 66 36 30 72 &#8211; tactassociation@gmail.com<\/div>\n<\/div>\n","protected":false},"excerpt":{"rendered":"<p>TACT (Thi\u00e9rache Animation Culture Tourisme), bas\u00e9e \u00e0 Rozoy-sur-Serre est une structure d\u2019animation sociale qui contribue \u00e0 faciliter l\u2019int\u00e9gration des familles dans la vie collective et citoyenne (coordonn\u00e9es en bas de page). L\u2019association organise tout au long de l\u2019ann\u00e9e des actions diverses et vari\u00e9es : &nbsp; &nbsp;&nbsp; &#8211; Les paniers solidaires<a class=\"moretag\" href=\"https:\/\/www.portes-de-thierache.fr\/index.php\/2022\/11\/24\/tact-recherche-benevoles\/\"> Lire la suite<\/a><\/p>\n","protected":false},"author":4,"featured_media":13007,"comment_status":"closed","ping_status":"open","sticky":false,"template":"","format":"standard","meta":{"ngg_post_thumbnail":0,"footnotes":""},"categories":[29,72],"tags":[],"class_list":["post-13006","post","type-post","status-publish","format-standard","has-post-thumbnail","hentry","category-actualites","category-services-et-loisirs"],"_links":{"self":[{"href":"https:\/\/www.portes-de-thierache.fr\/index.php\/wp-json\/wp\/v2\/posts\/13006","targetHints":{"allow":["GET"]}}],"collection":[{"href":"https:\/\/www.portes-de-thierache.fr\/index.php\/wp-json\/wp\/v2\/posts"}],"about":[{"href":"https:\/\/www.portes-de-thierache.fr\/index.php\/wp-json\/wp\/v2\/types\/post"}],"author":[{"embeddable":true,"href":"https:\/\/www.portes-de-thierache.fr\/index.php\/wp-json\/wp\/v2\/users\/4"}],"replies":[{"embeddable":true,"href":"https:\/\/www.portes-de-thierache.fr\/index.php\/wp-json\/wp\/v2\/comments?post=13006"}],"version-history":[{"count":0,"href":"https:\/\/www.portes-de-thierache.fr\/index.php\/wp-json\/wp\/v2\/posts\/13006\/revisions"}],"wp:featuredmedia":[{"embeddable":true,"href":"https:\/\/www.portes-de-thierache.fr\/index.php\/wp-json\/wp\/v2\/media\/13007"}],"wp:attachment":[{"href":"https:\/\/www.portes-de-thierache.fr\/index.php\/wp-json\/wp\/v2\/media?parent=13006"}],"wp:term":[{"taxonomy":"category","embeddable":true,"href":"https:\/\/www.portes-de-thierache.fr\/index.php\/wp-json\/wp\/v2\/categories?post=13006"},{"taxonomy":"post_tag","embeddable":true,"href":"https:\/\/www.portes-de-thierache.fr\/index.php\/wp-json\/wp\/v2\/tags?post=13006"}],"curies":[{"name":"wp","href":"https:\/\/api.w.org\/{rel}","templated":true}]}}