{"id":12647,"date":"2022-10-17T09:08:37","date_gmt":"2022-10-17T07:08:37","guid":{"rendered":"https:\/\/www.portes-de-thierache.fr\/?p=12647"},"modified":"2022-10-17T09:13:11","modified_gmt":"2022-10-17T07:13:11","slug":"lechappee-belge-en-thierache","status":"publish","type":"post","link":"https:\/\/www.portes-de-thierache.fr\/index.php\/2022\/10\/17\/lechappee-belge-en-thierache\/","title":{"rendered":"L\u2019\u00e9chapp\u00e9e belge en Thi\u00e9rache !"},"content":{"rendered":"<div dir=\"auto\">\n\n\t\t<style type=\"text\/css\">\n\t\t\t#gallery-1 {\n\t\t\t\tmargin: auto;\n\t\t\t}\n\t\t\t#gallery-1 .gallery-item {\n\t\t\t\tfloat: left;\n\t\t\t\tmargin-top: 10px;\n\t\t\t\ttext-align: center;\n\t\t\t\twidth: 33%;\n\t\t\t}\n\t\t\t#gallery-1 img {\n\t\t\t\tborder: 2px solid #cfcfcf;\n\t\t\t}\n\t\t\t#gallery-1 .gallery-caption {\n\t\t\t\tmargin-left: 0;\n\t\t\t}\n\t\t\t\/* see gallery_shortcode() in wp-includes\/media.php *\/\n\t\t<\/style>\n\t\t<div id='gallery-1' class='gallery galleryid-12647 gallery-columns-3 gallery-size-thumbnail'><dl class='gallery-item'>\n\t\t\t<dt class='gallery-icon portrait'>\n\t\t\t\t<a href='https:\/\/www.portes-de-thierache.fr\/index.php\/2022\/10\/17\/lechappee-belge-en-thierache\/309621150_425536479665335_4405085442103125319_n\/'><img loading=\"lazy\" decoding=\"async\" width=\"150\" height=\"150\" src=\"https:\/\/www.portes-de-thierache.fr\/wp-content\/uploads\/2022\/10\/309621150_425536479665335_4405085442103125319_n-150x150.jpg\" class=\"attachment-thumbnail size-thumbnail\" alt=\"\" \/><\/a>\n\t\t\t<\/dt><\/dl><dl class='gallery-item'>\n\t\t\t<dt class='gallery-icon landscape'>\n\t\t\t\t<a href='https:\/\/www.portes-de-thierache.fr\/index.php\/2022\/10\/17\/lechappee-belge-en-thierache\/309489258_425534112998905_2987371526034329006_n\/'><img loading=\"lazy\" decoding=\"async\" width=\"150\" height=\"150\" src=\"https:\/\/www.portes-de-thierache.fr\/wp-content\/uploads\/2022\/10\/309489258_425534112998905_2987371526034329006_n-150x150.jpg\" class=\"attachment-thumbnail size-thumbnail\" alt=\"\" \/><\/a>\n\t\t\t<\/dt><\/dl><dl class='gallery-item'>\n\t\t\t<dt class='gallery-icon landscape'>\n\t\t\t\t<a href='https:\/\/www.portes-de-thierache.fr\/index.php\/2022\/10\/17\/lechappee-belge-en-thierache\/309313749_425533819665601_5890659416093131866_n\/'><img loading=\"lazy\" decoding=\"async\" width=\"150\" height=\"150\" src=\"https:\/\/www.portes-de-thierache.fr\/wp-content\/uploads\/2022\/10\/309313749_425533819665601_5890659416093131866_n-150x150.jpg\" class=\"attachment-thumbnail size-thumbnail\" alt=\"\" \/><\/a>\n\t\t\t<\/dt><\/dl><br style=\"clear: both\" \/><dl class='gallery-item'>\n\t\t\t<dt class='gallery-icon landscape'>\n\t\t\t\t<a href='https:\/\/www.portes-de-thierache.fr\/index.php\/2022\/10\/17\/lechappee-belge-en-thierache\/309675320_425533126332337_7232841872386078254_n\/'><img loading=\"lazy\" decoding=\"async\" width=\"150\" height=\"150\" src=\"https:\/\/www.portes-de-thierache.fr\/wp-content\/uploads\/2022\/10\/309675320_425533126332337_7232841872386078254_n-150x150.jpg\" class=\"attachment-thumbnail size-thumbnail\" alt=\"\" \/><\/a>\n\t\t\t<\/dt><\/dl><dl class='gallery-item'>\n\t\t\t<dt class='gallery-icon portrait'>\n\t\t\t\t<a href='https:\/\/www.portes-de-thierache.fr\/index.php\/2022\/10\/17\/lechappee-belge-en-thierache\/309625675_425534272998889_6743105872356410224_n\/'><img loading=\"lazy\" decoding=\"async\" width=\"150\" height=\"150\" src=\"https:\/\/www.portes-de-thierache.fr\/wp-content\/uploads\/2022\/10\/309625675_425534272998889_6743105872356410224_n-150x150.jpg\" class=\"attachment-thumbnail size-thumbnail\" alt=\"\" \/><\/a>\n\t\t\t<\/dt><\/dl><dl class='gallery-item'>\n\t\t\t<dt class='gallery-icon landscape'>\n\t\t\t\t<a href='https:\/\/www.portes-de-thierache.fr\/index.php\/2022\/10\/17\/lechappee-belge-en-thierache\/309603140_425533276332322_8887792389080661524_n\/'><img loading=\"lazy\" decoding=\"async\" width=\"150\" height=\"150\" src=\"https:\/\/www.portes-de-thierache.fr\/wp-content\/uploads\/2022\/10\/309603140_425533276332322_8887792389080661524_n-150x150.jpg\" class=\"attachment-thumbnail size-thumbnail\" alt=\"\" \/><\/a>\n\t\t\t<\/dt><\/dl><br style=\"clear: both\" \/>\n\t\t<\/div>\n\n<\/div>\n<div dir=\"auto\"><\/div>\n<div class=\"x11i5rnm xat24cr x1mh8g0r x1vvkbs xtlvy1s x126k92a\">\n<div dir=\"auto\" style=\"text-align: justify;\">Apr\u00e8s une visite de la RTBF en juin dernier pour r\u00e9aliser un reportage sur les lavoirs du territoire des Portes de la Thi\u00e9rache, une autre \u00e9quipe de journalistes d\u2019outre-qui\u00e9vrain, dont l\u2019animateur vedette Adrien Joveneau, \u00e0 la t\u00eate de l\u2019\u00e9mission&nbsp;\u00ab Grandeur Nature \u00bb diffus\u00e9e chaque dimanche entre 13h et 15h (la RTBF = radio + t\u00e9l\u00e9), qui ont pos\u00e9 leurs valises et leurs micros \u00e0 Parfondeval.<\/div>\n<div dir=\"auto\" style=\"text-align: justify;\">&nbsp; &nbsp; &nbsp; &nbsp;<\/div>\n<\/div>\n<div class=\"x11i5rnm xat24cr x1mh8g0r x1vvkbs xtlvy1s x126k92a\" style=\"text-align: justify;\">\n<div dir=\"auto\">\u00c0 <span><a tabindex=\"-1\"><\/a><\/span>l\u2019antenne depuis une trentaine d\u2019ann\u00e9es, Adrien Joveneau et ses Tintin reporters vous font d\u00e9couvrir les beaut\u00e9s, les curiosit\u00e9s et les personnalit\u00e9s d&rsquo;une r\u00e9gion d&rsquo;ici ou d&rsquo;ailleurs.<\/div>\n<\/div>\n<div class=\"x11i5rnm xat24cr x1mh8g0r x1vvkbs xtlvy1s x126k92a\" style=\"text-align: justify;\">\n<div dir=\"auto\">En ce jeudi 29 septembre, \u00e0 Parfondeval : visite de l\u2019\u00e9glise, du lavoir, d\u00e9ambulations dans le village et le bocage et pans de l\u2019histoire du village, distill\u00e9s et narr\u00e9s par Alain Turc, ancien pr\u00e9sident de l\u2019association \u00ab Les amis de Parfondeval et de ses environs \u00bb.<\/div>\n<\/div>\n<div class=\"x11i5rnm xat24cr x1mh8g0r x1vvkbs xtlvy1s x126k92a\" style=\"text-align: justify;\">\n<div dir=\"auto\">C\u2019est amicalement, par amour de sa commune, que gr\u00e2ce \u00e0 sa culture, \u00e0 sa finesse d\u2019esprit et \u00e0 sa faconde, il a su captiver l\u2019auditoire et dompter de main de ma\u00eetre le micro, les nombreux touristes pr\u00e9sents lors du tournage n\u2019en perdant pas une miette !<\/div>\n<div dir=\"auto\">&nbsp; &nbsp; &nbsp;<\/div>\n<\/div>\n<div class=\"x11i5rnm xat24cr x1mh8g0r x1vvkbs xtlvy1s x126k92a\" style=\"text-align: justify;\">\n<div dir=\"auto\">\u00c9taient \u00e9galement pr\u00e9sents sur le tournage : S\u00e9bastien Cury, adjoint \u00e0 la commune et Gilles Queille, vice-pr\u00e9sident \u00e0 la CCPT en charge du tourisme, de la culture et des loisirs.<\/div>\n<\/div>\n<div class=\"x11i5rnm xat24cr x1mh8g0r x1vvkbs xtlvy1s x126k92a\" style=\"text-align: justify;\">\n<div dir=\"auto\">Ainsi, pendant une semaine, la fine \u00e9quipe journalistique a \u00e9cum\u00e9 les routes thi\u00e9rachiennes et axonaises, \u00e0 l\u2019initiative de Lise Pollet, charg\u00e9e de communication \u00e0 l\u2019Agence Aisne Tourisme.<\/div>\n<\/div>\n<div class=\"x11i5rnm xat24cr x1mh8g0r x1vvkbs xtlvy1s x126k92a\">\n<div dir=\"auto\" style=\"text-align: justify;\">De Guise et son familist\u00e8re, en passant par Saint-Quentin, Ch\u00e2teau-Thierry, leurs monuments, la campagne, les caves de Maroilles, les balades en cano\u00eb \u00e0 Autreppes, et donc Parfondeval et ses bocages, toutes ces pastilles bucoliques et patrimoniales seront mises en lumi\u00e8re \u00e0 la radio RTBF).<\/div>\n<div dir=\"auto\">&nbsp; &nbsp;&nbsp;<\/div>\n<\/div>\n<div class=\"x11i5rnm xat24cr x1mh8g0r x1vvkbs xtlvy1s x126k92a\">\n<div dir=\"auto\">Retrouvez les liens ci-apr\u00e8s :<\/div>\n<div dir=\"auto\">&nbsp; &nbsp;<\/div>\n<div dir=\"auto\">https:\/\/podcasts.apple.com\/be\/podcast\/grandeur-nature-le-podcast\/id1606938468<\/div>\n<div dir=\"auto\">&nbsp; &nbsp;&nbsp;<\/div>\n<div dir=\"auto\">https:\/\/www.rtbf.be\/auvio\/detail_grandeur-nature-en-vadrouille-dans-l-aisne?id=2947139<\/div>\n<\/div>\n<div dir=\"auto\"><\/div>\n<div dir=\"auto\"><\/div>\n<div dir=\"auto\"><\/div>\n","protected":false},"excerpt":{"rendered":"<p>Apr\u00e8s une visite de la RTBF en juin dernier pour r\u00e9aliser un reportage sur les lavoirs du territoire des Portes de la Thi\u00e9rache, une autre \u00e9quipe de journalistes d\u2019outre-qui\u00e9vrain, dont l\u2019animateur vedette Adrien Joveneau, \u00e0 la t\u00eate de l\u2019\u00e9mission&nbsp;\u00ab Grandeur Nature \u00bb diffus\u00e9e chaque dimanche entre 13h et 15h (la<a class=\"moretag\" href=\"https:\/\/www.portes-de-thierache.fr\/index.php\/2022\/10\/17\/lechappee-belge-en-thierache\/\"> Lire la suite<\/a><\/p>\n","protected":false},"author":4,"featured_media":12652,"comment_status":"closed","ping_status":"open","sticky":false,"template":"","format":"standard","meta":{"ngg_post_thumbnail":0,"footnotes":""},"categories":[29,73],"tags":[],"class_list":["post-12647","post","type-post","status-publish","format-standard","has-post-thumbnail","hentry","category-actualites","category-tourisme"],"_links":{"self":[{"href":"https:\/\/www.portes-de-thierache.fr\/index.php\/wp-json\/wp\/v2\/posts\/12647","targetHints":{"allow":["GET"]}}],"collection":[{"href":"https:\/\/www.portes-de-thierache.fr\/index.php\/wp-json\/wp\/v2\/posts"}],"about":[{"href":"https:\/\/www.portes-de-thierache.fr\/index.php\/wp-json\/wp\/v2\/types\/post"}],"author":[{"embeddable":true,"href":"https:\/\/www.portes-de-thierache.fr\/index.php\/wp-json\/wp\/v2\/users\/4"}],"replies":[{"embeddable":true,"href":"https:\/\/www.portes-de-thierache.fr\/index.php\/wp-json\/wp\/v2\/comments?post=12647"}],"version-history":[{"count":0,"href":"https:\/\/www.portes-de-thierache.fr\/index.php\/wp-json\/wp\/v2\/posts\/12647\/revisions"}],"wp:featuredmedia":[{"embeddable":true,"href":"https:\/\/www.portes-de-thierache.fr\/index.php\/wp-json\/wp\/v2\/media\/12652"}],"wp:attachment":[{"href":"https:\/\/www.portes-de-thierache.fr\/index.php\/wp-json\/wp\/v2\/media?parent=12647"}],"wp:term":[{"taxonomy":"category","embeddable":true,"href":"https:\/\/www.portes-de-thierache.fr\/index.php\/wp-json\/wp\/v2\/categories?post=12647"},{"taxonomy":"post_tag","embeddable":true,"href":"https:\/\/www.portes-de-thierache.fr\/index.php\/wp-json\/wp\/v2\/tags?post=12647"}],"curies":[{"name":"wp","href":"https:\/\/api.w.org\/{rel}","templated":true}]}}