{"id":12640,"date":"2022-10-14T10:57:19","date_gmt":"2022-10-14T08:57:19","guid":{"rendered":"https:\/\/www.portes-de-thierache.fr\/?p=12640"},"modified":"2022-10-14T10:57:19","modified_gmt":"2022-10-14T08:57:19","slug":"inauguration-du-guichet-entreprises-de-thierache-ou-comment-accompagner-les-nouveaux-artisans-et-commercants-de-demain","status":"publish","type":"post","link":"https:\/\/www.portes-de-thierache.fr\/index.php\/2022\/10\/14\/inauguration-du-guichet-entreprises-de-thierache-ou-comment-accompagner-les-nouveaux-artisans-et-commercants-de-demain\/","title":{"rendered":"Inauguration du \u00ab\u00a0Guichet Entreprises de Thi\u00e9rache\u00a0\u00bb ou comment accompagner les nouveaux artisans et commer\u00e7ants de demain !"},"content":{"rendered":"<p>&nbsp;<\/p>\n<p><a href=\"https:\/\/www.portes-de-thierache.fr\/wp-content\/uploads\/2022\/10\/image00003-scaled.jpeg\"><img loading=\"lazy\" decoding=\"async\" src=\"https:\/\/www.portes-de-thierache.fr\/wp-content\/uploads\/2022\/10\/image00003-300x225.jpeg\" alt=\"\" width=\"300\" height=\"225\" class=\"aligncenter size-medium wp-image-12641\" srcset=\"https:\/\/www.portes-de-thierache.fr\/wp-content\/uploads\/2022\/10\/image00003-300x225.jpeg 300w, https:\/\/www.portes-de-thierache.fr\/wp-content\/uploads\/2022\/10\/image00003-1024x768.jpeg 1024w, https:\/\/www.portes-de-thierache.fr\/wp-content\/uploads\/2022\/10\/image00003-768x576.jpeg 768w, https:\/\/www.portes-de-thierache.fr\/wp-content\/uploads\/2022\/10\/image00003-1536x1152.jpeg 1536w, https:\/\/www.portes-de-thierache.fr\/wp-content\/uploads\/2022\/10\/image00003-2048x1536.jpeg 2048w\" sizes=\"auto, (max-width: 300px) 100vw, 300px\" \/><\/a><\/p>\n<p style=\"text-align: justify;\">Jeudi 13 octobre en fin d&rsquo;apr\u00e8s-midi, en pr\u00e9sence du sous-pr\u00e9fet de Vervins Benoit Ready, des pr\u00e9sidents du Pays de Thi\u00e9rache et de la Communaut\u00e9 de communes des Portes de la Thi\u00e9rache, des pr\u00e9sidents ou directeurs de la chambre d&rsquo;agriculture, des repr\u00e9sentants de la CCI, de la CMA, de la METS, s&rsquo;est tenue l\u2019inauguration du Guichet Entreprises de Thi\u00e9rache \u00e0 la ferme du Fromentin situ\u00e9e \u00e0 Dolignon, propri\u00e9t\u00e9 de M. Arnaud Leclerc, avec la signature de la convention entre les 5 partenaires (METS, CCI, CMA, BGE Picardie, Chambre d\u2019Agriculture) et de valoriser ce projet en le pr\u00e9sentant \u00e0 l\u2019ensemble des \u00e9lus journalistes, artisans et commer\u00e7ants.<\/p>\n<p style=\"text-align: justify;\">&nbsp; &nbsp;&nbsp;<br \/>\nL\u2019objectif \u00e0 travers ce Guichet Entreprises de Thi\u00e9rache \u00e0 destination des porteurs de projet et des entrepreneurs de la Thi\u00e9rache est d\u2019accompagner les nouveaux artisans et commer\u00e7ants de demain, et de b\u00e9n\u00e9ficier d\u2019un accompagnement individualis\u00e9 tout au long de la vie de l\u2019entreprise.<\/p>\n<p style=\"text-align: justify;\">&nbsp; &nbsp;&nbsp;<br \/>\nCet acte est le r\u00e9sultat d\u2019une coop\u00e9ration entre les chambres consulaires et les structures accompagnantes \u00e0 la cr\u00e9ation, reprise et d\u00e9veloppement d\u2019entreprises. (METS, CCI, CMA, BGE Picardie, Chambre d\u2019Agriculture).<\/p>\n<p style=\"text-align: justify;\"><strong>Un num\u00e9ro vert 03 23 91 36 40, une adresse \u00e9lectronique guichet.entreprises@enthierache.com<\/strong> et des permanences de proximit\u00e9 \u00e0 Guise, Hirson, Montcornet, La Capelle &amp; Rozoy-Sur-Serre apporteront les premi\u00e8res informations aux entreprises avant une prise de rendez-vous directement avec les partenaires.<br \/>\nL\u2019objectif \u00e0 travers ce Guichet Entreprises de Thi\u00e9rache est d\u2019accompagner au mieux les entrepreneurs locaux, qui continueront de faire de la Thi\u00e9rache un territoire riche de savoir-faire.<\/p>\n<p style=\"text-align: justify;\">&nbsp; &nbsp;&nbsp;<br \/>\nCe projet entre dans le contexte du PACTE Sambre-Avesnois-Thi\u00e9rache II.<\/p>\n<p>&nbsp;<\/p>\n\n\t\t<style type=\"text\/css\">\n\t\t\t#gallery-1 {\n\t\t\t\tmargin: auto;\n\t\t\t}\n\t\t\t#gallery-1 .gallery-item {\n\t\t\t\tfloat: left;\n\t\t\t\tmargin-top: 10px;\n\t\t\t\ttext-align: center;\n\t\t\t\twidth: 50%;\n\t\t\t}\n\t\t\t#gallery-1 img {\n\t\t\t\tborder: 2px solid #cfcfcf;\n\t\t\t}\n\t\t\t#gallery-1 .gallery-caption {\n\t\t\t\tmargin-left: 0;\n\t\t\t}\n\t\t\t\/* see gallery_shortcode() in wp-includes\/media.php *\/\n\t\t<\/style>\n\t\t<div id='gallery-1' class='gallery galleryid-12640 gallery-columns-2 gallery-size-medium'><dl class='gallery-item'>\n\t\t\t<dt class='gallery-icon landscape'>\n\t\t\t\t<a href='https:\/\/www.portes-de-thierache.fr\/index.php\/2022\/10\/14\/inauguration-du-guichet-entreprises-de-thierache-ou-comment-accompagner-les-nouveaux-artisans-et-commercants-de-demain\/image00005\/'><img loading=\"lazy\" decoding=\"async\" width=\"300\" height=\"225\" src=\"https:\/\/www.portes-de-thierache.fr\/wp-content\/uploads\/2022\/10\/image00005-300x225.jpeg\" class=\"attachment-medium size-medium\" alt=\"\" srcset=\"https:\/\/www.portes-de-thierache.fr\/wp-content\/uploads\/2022\/10\/image00005-300x225.jpeg 300w, https:\/\/www.portes-de-thierache.fr\/wp-content\/uploads\/2022\/10\/image00005-1024x768.jpeg 1024w, https:\/\/www.portes-de-thierache.fr\/wp-content\/uploads\/2022\/10\/image00005-768x576.jpeg 768w, https:\/\/www.portes-de-thierache.fr\/wp-content\/uploads\/2022\/10\/image00005-1536x1152.jpeg 1536w, https:\/\/www.portes-de-thierache.fr\/wp-content\/uploads\/2022\/10\/image00005-2048x1536.jpeg 2048w\" sizes=\"auto, (max-width: 300px) 100vw, 300px\" \/><\/a>\n\t\t\t<\/dt><\/dl><dl class='gallery-item'>\n\t\t\t<dt class='gallery-icon landscape'>\n\t\t\t\t<a href='https:\/\/www.portes-de-thierache.fr\/index.php\/2022\/10\/14\/inauguration-du-guichet-entreprises-de-thierache-ou-comment-accompagner-les-nouveaux-artisans-et-commercants-de-demain\/image00004\/'><img loading=\"lazy\" decoding=\"async\" width=\"300\" height=\"225\" src=\"https:\/\/www.portes-de-thierache.fr\/wp-content\/uploads\/2022\/10\/image00004-300x225.jpeg\" class=\"attachment-medium size-medium\" alt=\"\" srcset=\"https:\/\/www.portes-de-thierache.fr\/wp-content\/uploads\/2022\/10\/image00004-300x225.jpeg 300w, https:\/\/www.portes-de-thierache.fr\/wp-content\/uploads\/2022\/10\/image00004-1024x768.jpeg 1024w, https:\/\/www.portes-de-thierache.fr\/wp-content\/uploads\/2022\/10\/image00004-768x576.jpeg 768w, https:\/\/www.portes-de-thierache.fr\/wp-content\/uploads\/2022\/10\/image00004-1536x1152.jpeg 1536w, https:\/\/www.portes-de-thierache.fr\/wp-content\/uploads\/2022\/10\/image00004-2048x1536.jpeg 2048w\" sizes=\"auto, (max-width: 300px) 100vw, 300px\" \/><\/a>\n\t\t\t<\/dt><\/dl><br style=\"clear: both\" \/><dl class='gallery-item'>\n\t\t\t<dt class='gallery-icon landscape'>\n\t\t\t\t<a href='https:\/\/www.portes-de-thierache.fr\/index.php\/2022\/10\/14\/inauguration-du-guichet-entreprises-de-thierache-ou-comment-accompagner-les-nouveaux-artisans-et-commercants-de-demain\/20221013_183107\/'><img loading=\"lazy\" decoding=\"async\" width=\"300\" height=\"135\" src=\"https:\/\/www.portes-de-thierache.fr\/wp-content\/uploads\/2022\/10\/20221013_183107-300x135.jpg\" class=\"attachment-medium size-medium\" alt=\"\" srcset=\"https:\/\/www.portes-de-thierache.fr\/wp-content\/uploads\/2022\/10\/20221013_183107-300x135.jpg 300w, https:\/\/www.portes-de-thierache.fr\/wp-content\/uploads\/2022\/10\/20221013_183107-768x346.jpg 768w, https:\/\/www.portes-de-thierache.fr\/wp-content\/uploads\/2022\/10\/20221013_183107.jpg 960w\" sizes=\"auto, (max-width: 300px) 100vw, 300px\" \/><\/a>\n\t\t\t<\/dt><\/dl><dl class='gallery-item'>\n\t\t\t<dt class='gallery-icon landscape'>\n\t\t\t\t<a href='https:\/\/www.portes-de-thierache.fr\/index.php\/2022\/10\/14\/inauguration-du-guichet-entreprises-de-thierache-ou-comment-accompagner-les-nouveaux-artisans-et-commercants-de-demain\/20221013_182746\/'><img loading=\"lazy\" decoding=\"async\" width=\"300\" height=\"135\" src=\"https:\/\/www.portes-de-thierache.fr\/wp-content\/uploads\/2022\/10\/20221013_182746-300x135.jpg\" class=\"attachment-medium size-medium\" alt=\"\" srcset=\"https:\/\/www.portes-de-thierache.fr\/wp-content\/uploads\/2022\/10\/20221013_182746-300x135.jpg 300w, https:\/\/www.portes-de-thierache.fr\/wp-content\/uploads\/2022\/10\/20221013_182746-768x346.jpg 768w, https:\/\/www.portes-de-thierache.fr\/wp-content\/uploads\/2022\/10\/20221013_182746.jpg 960w\" sizes=\"auto, (max-width: 300px) 100vw, 300px\" \/><\/a>\n\t\t\t<\/dt><\/dl><br style=\"clear: both\" \/>\n\t\t<\/div>\n\n<p>&nbsp;<\/p>\n","protected":false},"excerpt":{"rendered":"<p>&nbsp; Jeudi 13 octobre en fin d&rsquo;apr\u00e8s-midi, en pr\u00e9sence du sous-pr\u00e9fet de Vervins Benoit Ready, des pr\u00e9sidents du Pays de Thi\u00e9rache et de la Communaut\u00e9 de communes des Portes de la Thi\u00e9rache, des pr\u00e9sidents ou directeurs de la chambre d&rsquo;agriculture, des repr\u00e9sentants de la CCI, de la CMA, de la<a class=\"moretag\" href=\"https:\/\/www.portes-de-thierache.fr\/index.php\/2022\/10\/14\/inauguration-du-guichet-entreprises-de-thierache-ou-comment-accompagner-les-nouveaux-artisans-et-commercants-de-demain\/\"> Lire la suite<\/a><\/p>\n","protected":false},"author":4,"featured_media":12641,"comment_status":"closed","ping_status":"open","sticky":false,"template":"","format":"standard","meta":{"ngg_post_thumbnail":0,"footnotes":""},"categories":[29,69],"tags":[],"class_list":["post-12640","post","type-post","status-publish","format-standard","has-post-thumbnail","hentry","category-actualites","category-developpement-du-territoire"],"_links":{"self":[{"href":"https:\/\/www.portes-de-thierache.fr\/index.php\/wp-json\/wp\/v2\/posts\/12640","targetHints":{"allow":["GET"]}}],"collection":[{"href":"https:\/\/www.portes-de-thierache.fr\/index.php\/wp-json\/wp\/v2\/posts"}],"about":[{"href":"https:\/\/www.portes-de-thierache.fr\/index.php\/wp-json\/wp\/v2\/types\/post"}],"author":[{"embeddable":true,"href":"https:\/\/www.portes-de-thierache.fr\/index.php\/wp-json\/wp\/v2\/users\/4"}],"replies":[{"embeddable":true,"href":"https:\/\/www.portes-de-thierache.fr\/index.php\/wp-json\/wp\/v2\/comments?post=12640"}],"version-history":[{"count":0,"href":"https:\/\/www.portes-de-thierache.fr\/index.php\/wp-json\/wp\/v2\/posts\/12640\/revisions"}],"wp:featuredmedia":[{"embeddable":true,"href":"https:\/\/www.portes-de-thierache.fr\/index.php\/wp-json\/wp\/v2\/media\/12641"}],"wp:attachment":[{"href":"https:\/\/www.portes-de-thierache.fr\/index.php\/wp-json\/wp\/v2\/media?parent=12640"}],"wp:term":[{"taxonomy":"category","embeddable":true,"href":"https:\/\/www.portes-de-thierache.fr\/index.php\/wp-json\/wp\/v2\/categories?post=12640"},{"taxonomy":"post_tag","embeddable":true,"href":"https:\/\/www.portes-de-thierache.fr\/index.php\/wp-json\/wp\/v2\/tags?post=12640"}],"curies":[{"name":"wp","href":"https:\/\/api.w.org\/{rel}","templated":true}]}}