{"id":12597,"date":"2022-09-09T14:10:35","date_gmt":"2022-09-09T12:10:35","guid":{"rendered":"https:\/\/www.portes-de-thierache.fr\/?p=12597"},"modified":"2022-09-09T14:10:35","modified_gmt":"2022-09-09T12:10:35","slug":"aides-pour-lhabitat","status":"publish","type":"post","link":"https:\/\/www.portes-de-thierache.fr\/index.php\/2022\/09\/09\/aides-pour-lhabitat\/","title":{"rendered":"AIDES POUR L&rsquo;HABITAT !"},"content":{"rendered":"<div class=\"m8h3af8h l7ghb35v kjdc1dyq kmwttqpk gh25dzvf n3t5jt4f\">\n<div dir=\"auto\">Besoin d&rsquo;un conseil quant \u00e0 la r\u00e9novation \u00e9nerg\u00e9tique de votre habitation, une mise aux normes pour un acc\u00e8s pour personnes \u00e0 mobilit\u00e9 r\u00e9duite, lutter contre l&rsquo;insalubrit\u00e9 de votre logement ?<\/div>\n<\/div>\n<div class=\"l7ghb35v kjdc1dyq kmwttqpk gh25dzvf jikcssrz n3t5jt4f\">\n<div dir=\"auto\"><\/div>\n<div dir=\"auto\">Reprise des permanences Habitat (aides \u00e0 l&rsquo;am\u00e9lioration &#8211; subventions Habitat) dans les locaux de la CCPT notamment, mais \u00e9galement dans d&rsquo;autres communes du d\u00e9partement..<\/div>\n<div dir=\"auto\">&nbsp; &nbsp;&nbsp;<\/div>\n<div dir=\"auto\">Voir le tableau ci-joint.<\/div>\n<\/div>\n<div class=\"l7ghb35v kjdc1dyq kmwttqpk gh25dzvf jikcssrz n3t5jt4f\">\n<div dir=\"auto\">Pour tout renseignement : PETR Pays de Thi\u00e9rache \u00e0 Vervins au 03 23 98 02 71.<\/div>\n<div dir=\"auto\">&nbsp; &nbsp;<\/div>\n<\/div>\n<div dir=\"auto\"><a href=\"https:\/\/www.portes-de-thierache.fr\/wp-content\/uploads\/2022\/09\/306075964_5270091416450755_835859020506567362_n.jpg\"><img loading=\"lazy\" decoding=\"async\" src=\"https:\/\/www.portes-de-thierache.fr\/wp-content\/uploads\/2022\/09\/306075964_5270091416450755_835859020506567362_n-212x300.jpg\" alt=\"\" width=\"212\" height=\"300\" class=\"aligncenter size-medium wp-image-12598\" srcset=\"https:\/\/www.portes-de-thierache.fr\/wp-content\/uploads\/2022\/09\/306075964_5270091416450755_835859020506567362_n-212x300.jpg 212w, https:\/\/www.portes-de-thierache.fr\/wp-content\/uploads\/2022\/09\/306075964_5270091416450755_835859020506567362_n-724x1024.jpg 724w, https:\/\/www.portes-de-thierache.fr\/wp-content\/uploads\/2022\/09\/306075964_5270091416450755_835859020506567362_n-768x1086.jpg 768w, https:\/\/www.portes-de-thierache.fr\/wp-content\/uploads\/2022\/09\/306075964_5270091416450755_835859020506567362_n-1086x1536.jpg 1086w, https:\/\/www.portes-de-thierache.fr\/wp-content\/uploads\/2022\/09\/306075964_5270091416450755_835859020506567362_n.jpg 1448w\" sizes=\"auto, (max-width: 212px) 100vw, 212px\" \/><\/a><\/div>\n<div dir=\"auto\">&nbsp; &nbsp; &nbsp;<\/div>\n","protected":false},"excerpt":{"rendered":"<p>Besoin d&rsquo;un conseil quant \u00e0 la r\u00e9novation \u00e9nerg\u00e9tique de votre habitation, une mise aux normes pour un acc\u00e8s pour personnes \u00e0 mobilit\u00e9 r\u00e9duite, lutter contre l&rsquo;insalubrit\u00e9 de votre logement ? Reprise des permanences Habitat (aides \u00e0 l&rsquo;am\u00e9lioration &#8211; subventions Habitat) dans les locaux de la CCPT notamment, mais \u00e9galement dans<a class=\"moretag\" href=\"https:\/\/www.portes-de-thierache.fr\/index.php\/2022\/09\/09\/aides-pour-lhabitat\/\"> Lire la suite<\/a><\/p>\n","protected":false},"author":4,"featured_media":12553,"comment_status":"closed","ping_status":"open","sticky":false,"template":"","format":"standard","meta":{"ngg_post_thumbnail":0,"footnotes":""},"categories":[29,72],"tags":[],"class_list":["post-12597","post","type-post","status-publish","format-standard","has-post-thumbnail","hentry","category-actualites","category-services-et-loisirs"],"_links":{"self":[{"href":"https:\/\/www.portes-de-thierache.fr\/index.php\/wp-json\/wp\/v2\/posts\/12597","targetHints":{"allow":["GET"]}}],"collection":[{"href":"https:\/\/www.portes-de-thierache.fr\/index.php\/wp-json\/wp\/v2\/posts"}],"about":[{"href":"https:\/\/www.portes-de-thierache.fr\/index.php\/wp-json\/wp\/v2\/types\/post"}],"author":[{"embeddable":true,"href":"https:\/\/www.portes-de-thierache.fr\/index.php\/wp-json\/wp\/v2\/users\/4"}],"replies":[{"embeddable":true,"href":"https:\/\/www.portes-de-thierache.fr\/index.php\/wp-json\/wp\/v2\/comments?post=12597"}],"version-history":[{"count":0,"href":"https:\/\/www.portes-de-thierache.fr\/index.php\/wp-json\/wp\/v2\/posts\/12597\/revisions"}],"wp:featuredmedia":[{"embeddable":true,"href":"https:\/\/www.portes-de-thierache.fr\/index.php\/wp-json\/wp\/v2\/media\/12553"}],"wp:attachment":[{"href":"https:\/\/www.portes-de-thierache.fr\/index.php\/wp-json\/wp\/v2\/media?parent=12597"}],"wp:term":[{"taxonomy":"category","embeddable":true,"href":"https:\/\/www.portes-de-thierache.fr\/index.php\/wp-json\/wp\/v2\/categories?post=12597"},{"taxonomy":"post_tag","embeddable":true,"href":"https:\/\/www.portes-de-thierache.fr\/index.php\/wp-json\/wp\/v2\/tags?post=12597"}],"curies":[{"name":"wp","href":"https:\/\/api.w.org\/{rel}","templated":true}]}}