{"id":12528,"date":"2022-08-08T14:40:56","date_gmt":"2022-08-08T12:40:56","guid":{"rendered":"https:\/\/www.portes-de-thierache.fr\/?p=12528"},"modified":"2022-08-08T14:40:56","modified_gmt":"2022-08-08T12:40:56","slug":"ccpt-dechets-changement-de-dates-de-collecte-au-5-septembre-2022","status":"publish","type":"post","link":"https:\/\/www.portes-de-thierache.fr\/index.php\/2022\/08\/08\/ccpt-dechets-changement-de-dates-de-collecte-au-5-septembre-2022\/","title":{"rendered":"CCPT \/ D\u00c9CHETS \/ CHANGEMENT DE DATES DE COLLECTE au 5 septembre 2022 !"},"content":{"rendered":"<div class=\"kvgmc6g5 cxmmr5t8 oygrvhab hcukyx3x c1et5uql ii04i59q\">\n<div dir=\"auto\"><\/div>\n<\/div>\n<div class=\"cxmmr5t8 oygrvhab hcukyx3x c1et5uql o9v6fnle ii04i59q\">\n<div dir=\"auto\">Suite au vote \u00e0 l\u2019unanimit\u00e9 de la d\u00e9lib\u00e9ration n\u00b04 par les \u00e9lus lors du conseil communautaire du 28 juin dernier, concernant la modification de la fr\u00e9quence de collecte des ordures m\u00e9nag\u00e8res r\u00e9siduelles, il a \u00e9t\u00e9 d\u00e9cid\u00e9 que :<\/div>\n<\/div>\n<div class=\"cxmmr5t8 oygrvhab hcukyx3x c1et5uql o9v6fnle ii04i59q\">\n<div dir=\"auto\">LA COLLECTE DES ORDURES M\u05a7\u00c9NAG\u00c8RES SERAIT D\u00c9SORMAIS EFFECTIVE TOUS LES 15 JOURS (sauf pour les usagers suivants : HLM \/ restaurants\/ EHPAD \/ cantines) et NON PLUS HEBDOMADAIREMENT, et ce, \u00e0 partir du 5 SEPTEMBRE 2022.<\/div>\n<div dir=\"auto\">&nbsp; &nbsp; &nbsp;<\/div>\n<\/div>\n<div class=\"cxmmr5t8 oygrvhab hcukyx3x c1et5uql o9v6fnle ii04i59q\">\n<div dir=\"auto\">La p\u00e9riodicit\u00e9 de ramassage de la collecte du tri demeure quant \u00e0 elle inchang\u00e9e.<\/div>\n<div dir=\"auto\">&nbsp; &nbsp; &nbsp;<\/div>\n<\/div>\n<div class=\"cxmmr5t8 oygrvhab hcukyx3x c1et5uql o9v6fnle ii04i59q\">\n<div dir=\"auto\">Vous trouverez donc ci-apr\u00e8s le calendrier concernant les mois de septembre, octobre, novembre d\u00e9cembre 2022 et celui de l\u2019ann\u00e9e 2023 avec les dates de collecte concernant vos communes respectives.<\/div>\n<div dir=\"auto\">&nbsp; &nbsp; &nbsp;<\/div>\n<div dir=\"auto\">Ces calendriers seront prochainement distribu\u00e9s dans vos bo\u00eetes aux lettres.<\/div>\n<\/div>\n<div dir=\"auto\"><a href=\"https:\/\/www.portes-de-thierache.fr\/wp-content\/uploads\/2022\/08\/calendrier-OM-et-tri-2023-lundi-paire-1-scaled.jpg\"><img loading=\"lazy\" decoding=\"async\" src=\"https:\/\/www.portes-de-thierache.fr\/wp-content\/uploads\/2022\/08\/calendrier-OM-et-tri-2023-lundi-paire-1-300x212.jpg\" alt=\"\" width=\"300\" height=\"212\" class=\"aligncenter size-medium wp-image-12533\" srcset=\"https:\/\/www.portes-de-thierache.fr\/wp-content\/uploads\/2022\/08\/calendrier-OM-et-tri-2023-lundi-paire-1-300x212.jpg 300w, https:\/\/www.portes-de-thierache.fr\/wp-content\/uploads\/2022\/08\/calendrier-OM-et-tri-2023-lundi-paire-1-1024x724.jpg 1024w, https:\/\/www.portes-de-thierache.fr\/wp-content\/uploads\/2022\/08\/calendrier-OM-et-tri-2023-lundi-paire-1-768x543.jpg 768w, https:\/\/www.portes-de-thierache.fr\/wp-content\/uploads\/2022\/08\/calendrier-OM-et-tri-2023-lundi-paire-1-1536x1086.jpg 1536w\" sizes=\"auto, (max-width: 300px) 100vw, 300px\" \/><\/a> <a href=\"https:\/\/www.portes-de-thierache.fr\/wp-content\/uploads\/2022\/08\/calendrier-OM-et-tri-2023-lundi-paire2-1-scaled.jpg\"><img loading=\"lazy\" decoding=\"async\" src=\"https:\/\/www.portes-de-thierache.fr\/wp-content\/uploads\/2022\/08\/calendrier-OM-et-tri-2023-lundi-paire2-1-300x212.jpg\" alt=\"\" width=\"300\" height=\"212\" class=\"aligncenter size-medium wp-image-12534\" srcset=\"https:\/\/www.portes-de-thierache.fr\/wp-content\/uploads\/2022\/08\/calendrier-OM-et-tri-2023-lundi-paire2-1-300x212.jpg 300w, https:\/\/www.portes-de-thierache.fr\/wp-content\/uploads\/2022\/08\/calendrier-OM-et-tri-2023-lundi-paire2-1-1024x724.jpg 1024w, https:\/\/www.portes-de-thierache.fr\/wp-content\/uploads\/2022\/08\/calendrier-OM-et-tri-2023-lundi-paire2-1-768x543.jpg 768w, https:\/\/www.portes-de-thierache.fr\/wp-content\/uploads\/2022\/08\/calendrier-OM-et-tri-2023-lundi-paire2-1-1536x1086.jpg 1536w\" sizes=\"auto, (max-width: 300px) 100vw, 300px\" \/><\/a> <a href=\"https:\/\/www.portes-de-thierache.fr\/wp-content\/uploads\/2022\/08\/calendrier-OM-et-tri-2023-lundi-impaire-scaled.jpg\"><img loading=\"lazy\" decoding=\"async\" src=\"https:\/\/www.portes-de-thierache.fr\/wp-content\/uploads\/2022\/08\/calendrier-OM-et-tri-2023-lundi-impaire-300x212.jpg\" alt=\"\" width=\"300\" height=\"212\" class=\"aligncenter size-medium wp-image-12535\" srcset=\"https:\/\/www.portes-de-thierache.fr\/wp-content\/uploads\/2022\/08\/calendrier-OM-et-tri-2023-lundi-impaire-300x212.jpg 300w, https:\/\/www.portes-de-thierache.fr\/wp-content\/uploads\/2022\/08\/calendrier-OM-et-tri-2023-lundi-impaire-1024x724.jpg 1024w, https:\/\/www.portes-de-thierache.fr\/wp-content\/uploads\/2022\/08\/calendrier-OM-et-tri-2023-lundi-impaire-768x543.jpg 768w, https:\/\/www.portes-de-thierache.fr\/wp-content\/uploads\/2022\/08\/calendrier-OM-et-tri-2023-lundi-impaire-1536x1086.jpg 1536w\" sizes=\"auto, (max-width: 300px) 100vw, 300px\" \/><\/a> <a href=\"https:\/\/www.portes-de-thierache.fr\/wp-content\/uploads\/2022\/08\/calendrier-OM-et-tri-2023-lundi-impaire2-scaled.jpg\"><img loading=\"lazy\" decoding=\"async\" src=\"https:\/\/www.portes-de-thierache.fr\/wp-content\/uploads\/2022\/08\/calendrier-OM-et-tri-2023-lundi-impaire2-300x212.jpg\" alt=\"\" width=\"300\" height=\"212\" class=\"aligncenter size-medium wp-image-12536\" srcset=\"https:\/\/www.portes-de-thierache.fr\/wp-content\/uploads\/2022\/08\/calendrier-OM-et-tri-2023-lundi-impaire2-300x212.jpg 300w, https:\/\/www.portes-de-thierache.fr\/wp-content\/uploads\/2022\/08\/calendrier-OM-et-tri-2023-lundi-impaire2-1024x724.jpg 1024w, https:\/\/www.portes-de-thierache.fr\/wp-content\/uploads\/2022\/08\/calendrier-OM-et-tri-2023-lundi-impaire2-768x543.jpg 768w, https:\/\/www.portes-de-thierache.fr\/wp-content\/uploads\/2022\/08\/calendrier-OM-et-tri-2023-lundi-impaire2-1536x1086.jpg 1536w\" sizes=\"auto, (max-width: 300px) 100vw, 300px\" \/><\/a> <a href=\"https:\/\/www.portes-de-thierache.fr\/wp-content\/uploads\/2022\/08\/calendrier-OM-et-tri2023-mardi-paire-1-scaled.jpg\"><img loading=\"lazy\" decoding=\"async\" src=\"https:\/\/www.portes-de-thierache.fr\/wp-content\/uploads\/2022\/08\/calendrier-OM-et-tri2023-mardi-paire-1-300x212.jpg\" alt=\"\" width=\"300\" height=\"212\" class=\"aligncenter size-medium wp-image-12537\" srcset=\"https:\/\/www.portes-de-thierache.fr\/wp-content\/uploads\/2022\/08\/calendrier-OM-et-tri2023-mardi-paire-1-300x212.jpg 300w, https:\/\/www.portes-de-thierache.fr\/wp-content\/uploads\/2022\/08\/calendrier-OM-et-tri2023-mardi-paire-1-1024x724.jpg 1024w, https:\/\/www.portes-de-thierache.fr\/wp-content\/uploads\/2022\/08\/calendrier-OM-et-tri2023-mardi-paire-1-768x543.jpg 768w, https:\/\/www.portes-de-thierache.fr\/wp-content\/uploads\/2022\/08\/calendrier-OM-et-tri2023-mardi-paire-1-1536x1086.jpg 1536w\" sizes=\"auto, (max-width: 300px) 100vw, 300px\" \/><\/a> <a href=\"https:\/\/www.portes-de-thierache.fr\/wp-content\/uploads\/2022\/08\/calendrier-OM-et-tri2023-mardi-paire2-1-scaled.jpg\"><img loading=\"lazy\" decoding=\"async\" src=\"https:\/\/www.portes-de-thierache.fr\/wp-content\/uploads\/2022\/08\/calendrier-OM-et-tri2023-mardi-paire2-1-300x212.jpg\" alt=\"\" width=\"300\" height=\"212\" class=\"aligncenter size-medium wp-image-12538\" srcset=\"https:\/\/www.portes-de-thierache.fr\/wp-content\/uploads\/2022\/08\/calendrier-OM-et-tri2023-mardi-paire2-1-300x212.jpg 300w, https:\/\/www.portes-de-thierache.fr\/wp-content\/uploads\/2022\/08\/calendrier-OM-et-tri2023-mardi-paire2-1-1024x724.jpg 1024w, https:\/\/www.portes-de-thierache.fr\/wp-content\/uploads\/2022\/08\/calendrier-OM-et-tri2023-mardi-paire2-1-768x543.jpg 768w, https:\/\/www.portes-de-thierache.fr\/wp-content\/uploads\/2022\/08\/calendrier-OM-et-tri2023-mardi-paire2-1-1536x1086.jpg 1536w\" sizes=\"auto, (max-width: 300px) 100vw, 300px\" \/><\/a> <a href=\"https:\/\/www.portes-de-thierache.fr\/wp-content\/uploads\/2022\/08\/calendrier-OM-et-tr-2023-mardi-impaire-scaled.jpg\"><img loading=\"lazy\" decoding=\"async\" src=\"https:\/\/www.portes-de-thierache.fr\/wp-content\/uploads\/2022\/08\/calendrier-OM-et-tr-2023-mardi-impaire-300x212.jpg\" alt=\"\" width=\"300\" height=\"212\" class=\"aligncenter size-medium wp-image-12539\" srcset=\"https:\/\/www.portes-de-thierache.fr\/wp-content\/uploads\/2022\/08\/calendrier-OM-et-tr-2023-mardi-impaire-300x212.jpg 300w, https:\/\/www.portes-de-thierache.fr\/wp-content\/uploads\/2022\/08\/calendrier-OM-et-tr-2023-mardi-impaire-1024x724.jpg 1024w, https:\/\/www.portes-de-thierache.fr\/wp-content\/uploads\/2022\/08\/calendrier-OM-et-tr-2023-mardi-impaire-768x543.jpg 768w, https:\/\/www.portes-de-thierache.fr\/wp-content\/uploads\/2022\/08\/calendrier-OM-et-tr-2023-mardi-impaire-1536x1086.jpg 1536w\" sizes=\"auto, (max-width: 300px) 100vw, 300px\" \/><\/a> <a href=\"https:\/\/www.portes-de-thierache.fr\/wp-content\/uploads\/2022\/08\/calendrier-OM-et-tri-2023-mardi-impaire-scaled.jpg\"><img loading=\"lazy\" decoding=\"async\" src=\"https:\/\/www.portes-de-thierache.fr\/wp-content\/uploads\/2022\/08\/calendrier-OM-et-tri-2023-mardi-impaire-300x212.jpg\" alt=\"\" width=\"300\" height=\"212\" class=\"aligncenter size-medium wp-image-12540\" srcset=\"https:\/\/www.portes-de-thierache.fr\/wp-content\/uploads\/2022\/08\/calendrier-OM-et-tri-2023-mardi-impaire-300x212.jpg 300w, https:\/\/www.portes-de-thierache.fr\/wp-content\/uploads\/2022\/08\/calendrier-OM-et-tri-2023-mardi-impaire-1024x724.jpg 1024w, https:\/\/www.portes-de-thierache.fr\/wp-content\/uploads\/2022\/08\/calendrier-OM-et-tri-2023-mardi-impaire-768x543.jpg 768w, https:\/\/www.portes-de-thierache.fr\/wp-content\/uploads\/2022\/08\/calendrier-OM-et-tri-2023-mardi-impaire-1536x1086.jpg 1536w\" sizes=\"auto, (max-width: 300px) 100vw, 300px\" \/><\/a><\/div>\n<div class=\"cxmmr5t8 oygrvhab hcukyx3x c1et5uql o9v6fnle ii04i59q\">\n<div dir=\"auto\"><\/div>\n<div dir=\"auto\"><\/div>\n<div dir=\"auto\">&nbsp; &nbsp;&nbsp;<\/div>\n<\/div>\n","protected":false},"excerpt":{"rendered":"<p>Suite au vote \u00e0 l\u2019unanimit\u00e9 de la d\u00e9lib\u00e9ration n\u00b04 par les \u00e9lus lors du conseil communautaire du 28 juin dernier, concernant la modification de la fr\u00e9quence de collecte des ordures m\u00e9nag\u00e8res r\u00e9siduelles, il a \u00e9t\u00e9 d\u00e9cid\u00e9 que : LA COLLECTE DES ORDURES M\u05a7\u00c9NAG\u00c8RES SERAIT D\u00c9SORMAIS EFFECTIVE TOUS LES 15 JOURS<a class=\"moretag\" href=\"https:\/\/www.portes-de-thierache.fr\/index.php\/2022\/08\/08\/ccpt-dechets-changement-de-dates-de-collecte-au-5-septembre-2022\/\"> Lire la suite<\/a><\/p>\n","protected":false},"author":4,"featured_media":12529,"comment_status":"closed","ping_status":"open","sticky":false,"template":"","format":"standard","meta":{"ngg_post_thumbnail":0,"footnotes":""},"categories":[29,70],"tags":[],"class_list":["post-12528","post","type-post","status-publish","format-standard","has-post-thumbnail","hentry","category-actualites","category-dechets"],"_links":{"self":[{"href":"https:\/\/www.portes-de-thierache.fr\/index.php\/wp-json\/wp\/v2\/posts\/12528","targetHints":{"allow":["GET"]}}],"collection":[{"href":"https:\/\/www.portes-de-thierache.fr\/index.php\/wp-json\/wp\/v2\/posts"}],"about":[{"href":"https:\/\/www.portes-de-thierache.fr\/index.php\/wp-json\/wp\/v2\/types\/post"}],"author":[{"embeddable":true,"href":"https:\/\/www.portes-de-thierache.fr\/index.php\/wp-json\/wp\/v2\/users\/4"}],"replies":[{"embeddable":true,"href":"https:\/\/www.portes-de-thierache.fr\/index.php\/wp-json\/wp\/v2\/comments?post=12528"}],"version-history":[{"count":0,"href":"https:\/\/www.portes-de-thierache.fr\/index.php\/wp-json\/wp\/v2\/posts\/12528\/revisions"}],"wp:featuredmedia":[{"embeddable":true,"href":"https:\/\/www.portes-de-thierache.fr\/index.php\/wp-json\/wp\/v2\/media\/12529"}],"wp:attachment":[{"href":"https:\/\/www.portes-de-thierache.fr\/index.php\/wp-json\/wp\/v2\/media?parent=12528"}],"wp:term":[{"taxonomy":"category","embeddable":true,"href":"https:\/\/www.portes-de-thierache.fr\/index.php\/wp-json\/wp\/v2\/categories?post=12528"},{"taxonomy":"post_tag","embeddable":true,"href":"https:\/\/www.portes-de-thierache.fr\/index.php\/wp-json\/wp\/v2\/tags?post=12528"}],"curies":[{"name":"wp","href":"https:\/\/api.w.org\/{rel}","templated":true}]}}