{"id":12509,"date":"2022-08-01T11:21:34","date_gmt":"2022-08-01T09:21:34","guid":{"rendered":"https:\/\/www.portes-de-thierache.fr\/?p=12509"},"modified":"2022-10-19T09:51:43","modified_gmt":"2022-10-19T07:51:43","slug":"la-ccpt-au-chevet-des-mares","status":"publish","type":"post","link":"https:\/\/www.portes-de-thierache.fr\/index.php\/2022\/08\/01\/la-ccpt-au-chevet-des-mares\/","title":{"rendered":"La CCPT au chevet des mares !"},"content":{"rendered":"<div class=\"kvgmc6g5 cxmmr5t8 oygrvhab hcukyx3x c1et5uql ii04i59q\">\n<div dir=\"auto\" style=\"text-align: justify;\"><\/div>\n<\/div>\n<div class=\"cxmmr5t8 oygrvhab hcukyx3x c1et5uql o9v6fnle ii04i59q\" style=\"text-align: justify;\">\n<div dir=\"auto\">En ce d\u00e9but du mois d\u2019ao\u00fbt, \u00e0 l\u2019initiative de la Communaut\u00e9 de Communes des Portes de la Thi\u00e9rache et du Conservatoire d\u2019espaces naturels des Hauts-de-France, une mare situ\u00e9e \u00e0 Grandrieux, pr\u00e8s des g\u00eetes intercommunaux, envahie et \u00e9touff\u00e9e par bon nombre de roseaux et de pousses d\u2019aulnes est en cours de curage par l\u2019entreprise de terrassement Renaud Didier de Brunehamel.<\/div>\n<div dir=\"auto\">&nbsp; &nbsp; &nbsp;<\/div>\n<\/div>\n<div class=\"cxmmr5t8 oygrvhab hcukyx3x c1et5uql o9v6fnle ii04i59q\" style=\"text-align: justify;\">\n<div dir=\"auto\">Quelques plantations seront bien entendu pr\u00e9serv\u00e9es pour conserver un \u00e9quilibre hydrique et maintenir les berges dans cette zone humide.<\/div>\n<div dir=\"auto\">&nbsp; &nbsp; &nbsp;<\/div>\n<\/div>\n<div class=\"cxmmr5t8 oygrvhab hcukyx3x c1et5uql o9v6fnle ii04i59q\" style=\"text-align: justify;\">\n<div dir=\"auto\">Autrefois fr\u00e9quentes dans nos paysages, tr\u00e8s utilis\u00e9es en agriculture pour l\u2019abreuvement des animaux, les mares sont aujourd\u2019hui abandonn\u00e9es ou purement et simplement rebouch\u00e9es.<\/div>\n<div dir=\"auto\">Elles jouent pourtant un r\u00f4le paysager et \u00e9cologique majeur. Le contr\u00f4le de la v\u00e9g\u00e9tation arbustive et le curage sont deux \u00e9l\u00e9ments important de son entretien. L\u2019ensoleillement et l\u2019oxyg\u00e9nation de l\u2019eau favorise la diversit\u00e9 de la flore et de la faune aquatiques.<\/div>\n<div dir=\"auto\">&nbsp; &nbsp;&nbsp;<\/div>\n<\/div>\n<div class=\"cxmmr5t8 oygrvhab hcukyx3x c1et5uql o9v6fnle ii04i59q\" style=\"text-align: justify;\">\n<div dir=\"auto\">Outre la restauration de ce point d\u2019eau, indispensable \u00e0 la biodiversit\u00e9 et au biotope des lieux (pr\u00e9sence notamment de tritons cr\u00eat\u00e9s et d\u2019une plante, la Gag\u00e9e des bois ou Gag\u00e9e jaune, une seconde mare d\u2019une superficie d\u2019environ 100 m2 sera \u00e9galement cr\u00e9\u00e9e \u00e0 quelques encablures du chantier initial.<\/div>\n<div dir=\"auto\"><\/div>\n<\/div>\n<div class=\"cxmmr5t8 oygrvhab hcukyx3x c1et5uql o9v6fnle ii04i59q\">\n<div dir=\"auto\" style=\"text-align: justify;\">Pour compl\u00e9ter le dispositif, de nouveaux panneaux p\u00e9dagogiques, \u00e0 destination du public et de promeneurs seront bient\u00f4t install\u00e9s.<\/div>\n<\/div>\n<div dir=\"auto\"><\/div>\n<div dir=\"auto\">\n\n\t\t<style type=\"text\/css\">\n\t\t\t#gallery-1 {\n\t\t\t\tmargin: auto;\n\t\t\t}\n\t\t\t#gallery-1 .gallery-item {\n\t\t\t\tfloat: left;\n\t\t\t\tmargin-top: 10px;\n\t\t\t\ttext-align: center;\n\t\t\t\twidth: 33%;\n\t\t\t}\n\t\t\t#gallery-1 img {\n\t\t\t\tborder: 2px solid #cfcfcf;\n\t\t\t}\n\t\t\t#gallery-1 .gallery-caption {\n\t\t\t\tmargin-left: 0;\n\t\t\t}\n\t\t\t\/* see gallery_shortcode() in wp-includes\/media.php *\/\n\t\t<\/style>\n\t\t<div id='gallery-1' class='gallery galleryid-12509 gallery-columns-3 gallery-size-thumbnail'><dl class='gallery-item'>\n\t\t\t<dt class='gallery-icon landscape'>\n\t\t\t\t<a href='https:\/\/www.portes-de-thierache.fr\/index.php\/2022\/08\/01\/la-ccpt-au-chevet-des-mares\/sans-titre-35-2\/'><img loading=\"lazy\" decoding=\"async\" width=\"150\" height=\"150\" src=\"https:\/\/www.portes-de-thierache.fr\/wp-content\/uploads\/2022\/08\/sans-titre-35-150x150.jpg\" class=\"attachment-thumbnail size-thumbnail\" alt=\"\" \/><\/a>\n\t\t\t<\/dt><\/dl><dl class='gallery-item'>\n\t\t\t<dt class='gallery-icon landscape'>\n\t\t\t\t<a href='https:\/\/www.portes-de-thierache.fr\/index.php\/2022\/08\/01\/la-ccpt-au-chevet-des-mares\/sans-titre-28-2\/'><img loading=\"lazy\" decoding=\"async\" width=\"150\" height=\"150\" src=\"https:\/\/www.portes-de-thierache.fr\/wp-content\/uploads\/2022\/08\/sans-titre-28-150x150.jpg\" class=\"attachment-thumbnail size-thumbnail\" alt=\"\" \/><\/a>\n\t\t\t<\/dt><\/dl><dl class='gallery-item'>\n\t\t\t<dt class='gallery-icon landscape'>\n\t\t\t\t<a href='https:\/\/www.portes-de-thierache.fr\/index.php\/2022\/08\/01\/la-ccpt-au-chevet-des-mares\/sans-titre-3-4\/'><img loading=\"lazy\" decoding=\"async\" width=\"150\" height=\"150\" src=\"https:\/\/www.portes-de-thierache.fr\/wp-content\/uploads\/2022\/08\/sans-titre-3-150x150.jpg\" class=\"attachment-thumbnail size-thumbnail\" alt=\"\" \/><\/a>\n\t\t\t<\/dt><\/dl><br style=\"clear: both\" \/><dl class='gallery-item'>\n\t\t\t<dt class='gallery-icon landscape'>\n\t\t\t\t<a href='https:\/\/www.portes-de-thierache.fr\/index.php\/2022\/08\/01\/la-ccpt-au-chevet-des-mares\/sans-titre-50\/'><img loading=\"lazy\" decoding=\"async\" width=\"150\" height=\"150\" src=\"https:\/\/www.portes-de-thierache.fr\/wp-content\/uploads\/2022\/08\/sans-titre-50-150x150.jpg\" class=\"attachment-thumbnail size-thumbnail\" alt=\"\" \/><\/a>\n\t\t\t<\/dt><\/dl><dl class='gallery-item'>\n\t\t\t<dt class='gallery-icon landscape'>\n\t\t\t\t<a href='https:\/\/www.portes-de-thierache.fr\/index.php\/2022\/08\/01\/la-ccpt-au-chevet-des-mares\/sans-titre-58-2\/'><img loading=\"lazy\" decoding=\"async\" width=\"150\" height=\"150\" src=\"https:\/\/www.portes-de-thierache.fr\/wp-content\/uploads\/2022\/08\/sans-titre-58-150x150.jpg\" class=\"attachment-thumbnail size-thumbnail\" alt=\"\" \/><\/a>\n\t\t\t<\/dt><\/dl><dl class='gallery-item'>\n\t\t\t<dt class='gallery-icon landscape'>\n\t\t\t\t<a href='https:\/\/www.portes-de-thierache.fr\/index.php\/2022\/08\/01\/la-ccpt-au-chevet-des-mares\/sans-titre-55-2\/'><img loading=\"lazy\" decoding=\"async\" width=\"150\" height=\"150\" src=\"https:\/\/www.portes-de-thierache.fr\/wp-content\/uploads\/2022\/08\/sans-titre-55-150x150.jpg\" class=\"attachment-thumbnail size-thumbnail\" alt=\"\" \/><\/a>\n\t\t\t<\/dt><\/dl><br style=\"clear: both\" \/><dl class='gallery-item'>\n\t\t\t<dt class='gallery-icon landscape'>\n\t\t\t\t<a href='https:\/\/www.portes-de-thierache.fr\/index.php\/2022\/08\/01\/la-ccpt-au-chevet-des-mares\/sans-titre-34-3\/'><img loading=\"lazy\" decoding=\"async\" width=\"150\" height=\"150\" src=\"https:\/\/www.portes-de-thierache.fr\/wp-content\/uploads\/2022\/08\/sans-titre-34-150x150.jpg\" class=\"attachment-thumbnail size-thumbnail\" alt=\"\" \/><\/a>\n\t\t\t<\/dt><\/dl>\n\t\t\t<br style='clear: both' \/>\n\t\t<\/div>\n\n<\/div>\n","protected":false},"excerpt":{"rendered":"<p>En ce d\u00e9but du mois d\u2019ao\u00fbt, \u00e0 l\u2019initiative de la Communaut\u00e9 de Communes des Portes de la Thi\u00e9rache et du Conservatoire d\u2019espaces naturels des Hauts-de-France, une mare situ\u00e9e \u00e0 Grandrieux, pr\u00e8s des g\u00eetes intercommunaux, envahie et \u00e9touff\u00e9e par bon nombre de roseaux et de pousses d\u2019aulnes est en cours de<a class=\"moretag\" href=\"https:\/\/www.portes-de-thierache.fr\/index.php\/2022\/08\/01\/la-ccpt-au-chevet-des-mares\/\"> Lire la suite<\/a><\/p>\n","protected":false},"author":4,"featured_media":12512,"comment_status":"closed","ping_status":"open","sticky":false,"template":"","format":"standard","meta":{"ngg_post_thumbnail":0,"footnotes":""},"categories":[29,71],"tags":[],"class_list":["post-12509","post","type-post","status-publish","format-standard","has-post-thumbnail","hentry","category-actualites","category-eau-et-biodiversite"],"_links":{"self":[{"href":"https:\/\/www.portes-de-thierache.fr\/index.php\/wp-json\/wp\/v2\/posts\/12509","targetHints":{"allow":["GET"]}}],"collection":[{"href":"https:\/\/www.portes-de-thierache.fr\/index.php\/wp-json\/wp\/v2\/posts"}],"about":[{"href":"https:\/\/www.portes-de-thierache.fr\/index.php\/wp-json\/wp\/v2\/types\/post"}],"author":[{"embeddable":true,"href":"https:\/\/www.portes-de-thierache.fr\/index.php\/wp-json\/wp\/v2\/users\/4"}],"replies":[{"embeddable":true,"href":"https:\/\/www.portes-de-thierache.fr\/index.php\/wp-json\/wp\/v2\/comments?post=12509"}],"version-history":[{"count":0,"href":"https:\/\/www.portes-de-thierache.fr\/index.php\/wp-json\/wp\/v2\/posts\/12509\/revisions"}],"wp:featuredmedia":[{"embeddable":true,"href":"https:\/\/www.portes-de-thierache.fr\/index.php\/wp-json\/wp\/v2\/media\/12512"}],"wp:attachment":[{"href":"https:\/\/www.portes-de-thierache.fr\/index.php\/wp-json\/wp\/v2\/media?parent=12509"}],"wp:term":[{"taxonomy":"category","embeddable":true,"href":"https:\/\/www.portes-de-thierache.fr\/index.php\/wp-json\/wp\/v2\/categories?post=12509"},{"taxonomy":"post_tag","embeddable":true,"href":"https:\/\/www.portes-de-thierache.fr\/index.php\/wp-json\/wp\/v2\/tags?post=12509"}],"curies":[{"name":"wp","href":"https:\/\/api.w.org\/{rel}","templated":true}]}}