{"id":1165,"date":"2018-08-27T10:47:08","date_gmt":"2018-08-27T08:47:08","guid":{"rendered":"http:\/\/www.portes-de-thierache.fr\/?p=1165"},"modified":"2026-02-05T18:20:21","modified_gmt":"2026-02-05T17:20:21","slug":"rozoy-sur-serr","status":"publish","type":"post","link":"https:\/\/www.portes-de-thierache.fr\/index.php\/2018\/08\/27\/rozoy-sur-serr\/","title":{"rendered":"Rozoy-sur-Serre"},"content":{"rendered":"<p style=\"text-align: justify;\"><strong>Mairie<\/strong>&nbsp;: 2, rue G\u00e9rard Adolphe Martin \u2013 02360 ROZOY-SUR-SERRE<\/p>\n<p style=\"text-align: justify;\"><strong>T\u00e9l&nbsp;<\/strong>: 03.23.98.50.04<\/p>\n<p style=\"text-align: justify;\"><strong>Fax<\/strong>&nbsp;: 03.23.98.54.07<\/p>\n<p style=\"text-align: justify;\"><strong>E-mail<\/strong> : <a href=\"mailto:mairie@rozoy-sur-serre.fr\">mairie@rozoy-sur-serre.fr<\/a><\/p>\n<p style=\"text-align: justify;\"><strong>Horaire d&rsquo;ouverture<\/strong> : lundi, mercredi, jeudi et vendredi de 9h00 \u00e0 12h et de 13h30 \u00e0 17h30.<\/p>\n<p style=\"text-align: justify;\"><strong>Maire<\/strong> : Jean-Ren\u00e9 DURTETTE<\/p>\n<p style=\"text-align: justify;\"><strong>Permanence du Maire<\/strong>&nbsp;: mardi de 17h30 \u00e0 19h et autres jours sur RDV<\/p>\n<p style=\"text-align: justify;\"><strong>Secr\u00e9tariat<\/strong> : Aur\u00e9lie Lef\u00e8vre, Nicolas J\u00e9siorski et Laetitia Langlet<\/p>\n<p style=\"text-align: justify;\"><strong>Population<\/strong> : 1 001 habitants<\/p>\n<p style=\"text-align: justify;\"><strong>Curiosit\u00e9s :<\/strong>&nbsp;Coll\u00e9giale Saint-Laurent, maison du Bailli, circuit de randonn\u00e9e \u00a0\u00bb le &nbsp;Val de Serre \u00a0\u00bb avec parcours sportif<\/p>\n<p style=\"text-align: justify;\">F\u00eate patronale : le week-end qui suit le 15 ao\u00fbt<br \/>\nF\u00eate du hameau d&rsquo;Apremont : dernier week-end d&rsquo;ao\u00fbt<br \/>\nFoire : lundi de P\u00e2ques<br \/>\nMarch\u00e9 : chaque mercredi matin, place de l&rsquo;Europe<\/p>\n<p style=\"text-align: justify;\"><strong>Permanences \u00e0 la mairie de Rozoy-sur-Serre<\/strong><br \/>\n&#8211; Secr\u00e9taire sociale de la DIPAS : tous les mardis de 10h \u00e0 12h<br \/>\n&#8211; Mission locale, sur RDV. T\u00e9l : 03.23.27.38.90<br \/>\n&#8211; Caisse de retraite de Lille : le 2\u00e8me mardi de chaque mois de 14h \u00e0 16h<br \/>\n&#8211;&nbsp;P\u00f4le&nbsp;Emploi&nbsp;: le 2\u00e8me jeudi de chaque mois de 9h \u00e0 12h<\/p>\n<p style=\"text-align: justify;\"><strong>Rozoy-sur-Serre, un bourg charg\u00e9 d&rsquo;histoire<\/strong><br \/>\nLe village existe depuis l&rsquo;Antiquit\u00e9. La voie romaine reliant Laon \u00e0 M\u00e9zi\u00e8res passait par Rozoy-sur-Serre et une l\u00e9gende veut que l&rsquo;on ait trouv\u00e9 un tr\u00e9sor (pi\u00e8ces, statuettes&#8230;) datant de cette p\u00e9riode au lieudit \u00ab\u00a0La terre \u00e0 l&rsquo;argent\u00a0\u00bb (pr\u00e8s du cimeti\u00e8re actuel).<\/p>\n<p style=\"text-align: justify;\">En 486, Clovis met un terme \u00e0 l&rsquo;ordre romain en battant Syagrius \u00e0 Soissons. Le christianisme se d\u00e9veloppe alors dans notre pays. Il reste, route de Ch\u00e9ry-les-Rozoy, un lieudit datant de cette \u00e9poque : \u00ab\u00a0Les Rubans\u00a0\u00bb, o\u00f9 plut\u00f4t \u00ab\u00a0l&rsquo;H\u00e9riban\u00a0\u00bb, qui \u00e9tait l&rsquo;endroit o\u00f9 se r\u00e9unissaient les Francs lors des conflits.<\/p>\n<p style=\"text-align: justify;\">En 877, l&rsquo;histoire de Rozoy (Rosetus) se pr\u00e9cise,&nbsp;Charles Le Chauve&nbsp;\u00e9tablit une donation en faveur de l&rsquo;abbaye Sainte-Corneille de Compi\u00e8gne \u00e0 laquelle il attribue la d\u00eeme pr\u00e9lev\u00e9e sur notre territoire.<br \/>\nLe village se trouve&nbsp;alors sur la rive droite de la Serre mais, pour se prot\u00e9ger des invasions normandes, un&nbsp;ch\u00e2teau primitif en bois&nbsp;est \u00e9difi\u00e9 en un point \u00e9lev\u00e9, de l&rsquo;autre c\u00f4t\u00e9 de la&nbsp;rivi\u00e8re.<br \/>\nCette motte f\u00e9odale sera vite&nbsp;remplac\u00e9e par une construction en pierres. Les paysans, pour b\u00e9n\u00e9ficier de sa protection, migrent donc sur la rive gauche. Quelques maisons, cependant, demeurent sur la rive droite et constituent le hameau de Wichery.<\/p>\n<p style=\"text-align: justify;\">Le ch\u00e2teau de Rozoy fait partie des premiers \u00e9difices en Thi\u00e9rache au m\u00eame titre que ceux de Guise ou de Marle.<br \/>\nIl reste aujourd&rsquo;hui une partie de l&rsquo;enceinte du ch\u00e2teau sous la forme d&rsquo;un mur de briques et l&rsquo;on peut distinguer une tour et le mur qui, sur une longueur assez importante, en partent de part en d\u2019autre. Cette enceinte, post\u00e9rieure \u00e0 l&rsquo;\u00e9poque m\u00e9di\u00e9vale, se trouve exactement \u00e0 l&#8217;emplacement initial.<\/p>\n<p style=\"text-align: justify;\">En 1018,&nbsp;Hildegaud, puissant seigneur de Rozoy-en-Thi\u00e9rache fonde&nbsp;un coll\u00e8ge de chanoines&nbsp;dans l&rsquo;enceinte m\u00eame du ch\u00e2teau. Il b\u00e2tit&nbsp;une \u00e9glise&nbsp;qu\u2019il fait consacrer par l&rsquo;\u00e9v\u00eaque de Laon, sous l&rsquo;invocation de&nbsp;Saint-Laurent. La rue actuelle, qui m\u00e8ne \u00e0 la Coll\u00e9giale, s&rsquo;appelle encore rue du Chapitre.<\/p>\n<p style=\"text-align: justify;\">Les seigneurs de Rozoy, pieux chevaliers, participent aux croisades. Roger Ier y laisse la vie aupr\u00e8s de Godefroi de Bouillon, en 1099. 160 ans plus tard, Roger III p\u00e9rit dans la bataille&nbsp;de Mansourah, en Egypte, fait d\u2019armes au cours duquel Saint-Louis&nbsp; est fait prisonnier. Roger de Rozoy est cit\u00e9 le III\u00e8me par le chroniqueur de l&rsquo;\u00e9poque parmi les plus illustres de ceux qui tomb\u00e8rent au combat apr\u00e8s maints brillants exploits.<\/p>\n<p style=\"text-align: justify;\">Au XV\u00e8me si\u00e8cle,&nbsp;Charles, Comte de Nevers et de Rethel&nbsp;obtient du roi la seigneurie de Rozoy-en-Thi\u00e9rache. Trente chanoines, huit chapelains, deux vicaires et quatre clercs de cour, diacres et sous diacres fr\u00e9quentent alors le Chapitre et donnent la messe quotidiennement en la Coll\u00e9giale Saint-Laurent.<\/p>\n<p style=\"text-align: justify;\">En 1659,&nbsp;le cardinal, ministre et Duc de Mazarin, ach\u00e8te les terres de Rethel et de Rozoy, les \u00e9rige en duch\u00e9-pairie au profit du Duc Charles de la Meilleraie qui a \u00e9pous\u00e9 Hortense, l&rsquo;une de ses quatre ni\u00e8ces.<br \/>\nIl subsiste, dans la Coll\u00e9giale, une pierre tombale de marbre noir avec l&rsquo;inscription suivante : \u00ab\u00a0Ci gist Dame Hortense Mancini, Duchesse de Mazarin, Comtesse de Rozoy, morte en 1699, \u00e2g\u00e9e de cinquante-trois ans. Priez Dieu pour son \u00e2me\u00a0\u00bb.<\/p>\n<p style=\"text-align: justify;\">Avec la R\u00e9volution fran\u00e7aise, l&rsquo;ancien r\u00e9gime dispara\u00eet.&nbsp;Fran\u00e7ois-Louis Prudhomme, citoyen de Rozoy, est \u00e9lu d\u00e9put\u00e9 \u00e0 l&rsquo;Assembl\u00e9e l\u00e9gislative. Dans le m\u00eame temps, le Chapitre est dissous apr\u00e8s 722 ans d&rsquo;existence entra\u00eenant le fait que les chanoines soient d\u00e9port\u00e9s ou reclus. La seigneurie de Rozoy est alors vendue \u00e0 un roturier du nom de Goulet par le \u00ab\u00a0tr\u00e8s haut, tr\u00e8s puissant et tr\u00e8s illustre prince Anne-Charles-Maurice Grimaldi, prince h\u00e9r\u00e9ditaire de Monaco\u00a0\u00bb. Le donjon, dernier t\u00e9moin de l&rsquo;ordre seigneurial, est abattu. Un ordre nouveau s&rsquo;\u00e9tablit.<\/p>\n<p style=\"text-align: justify;\">La Coll\u00e9giale, quant \u00e0 elle, reste dress\u00e9e, majestueuse et fi\u00e8re, dominant le village, t\u00e9moin des temps, t\u00e9moin de 1 000 ans de l&rsquo;histoire rostande.<\/p>\n\n\t\t<style type=\"text\/css\">\n\t\t\t#gallery-1 {\n\t\t\t\tmargin: auto;\n\t\t\t}\n\t\t\t#gallery-1 .gallery-item {\n\t\t\t\tfloat: left;\n\t\t\t\tmargin-top: 10px;\n\t\t\t\ttext-align: center;\n\t\t\t\twidth: 33%;\n\t\t\t}\n\t\t\t#gallery-1 img {\n\t\t\t\tborder: 2px solid #cfcfcf;\n\t\t\t}\n\t\t\t#gallery-1 .gallery-caption {\n\t\t\t\tmargin-left: 0;\n\t\t\t}\n\t\t\t\/* see gallery_shortcode() in wp-includes\/media.php *\/\n\t\t<\/style>\n\t\t<div id='gallery-1' class='gallery galleryid-1165 gallery-columns-3 gallery-size-medium'><dl class='gallery-item'>\n\t\t\t<dt class='gallery-icon landscape'>\n\t\t\t\t<a href='https:\/\/www.portes-de-thierache.fr\/index.php\/2018\/08\/27\/rozoy-sur-serr\/rozoy-sur-serre-11\/'><img loading=\"lazy\" decoding=\"async\" width=\"300\" height=\"199\" src=\"https:\/\/www.portes-de-thierache.fr\/wp-content\/uploads\/2018\/08\/Rozoy-sur-Serre-11-300x199.jpg\" class=\"attachment-medium size-medium\" alt=\"\" srcset=\"https:\/\/www.portes-de-thierache.fr\/wp-content\/uploads\/2018\/08\/Rozoy-sur-Serre-11-300x199.jpg 300w, https:\/\/www.portes-de-thierache.fr\/wp-content\/uploads\/2018\/08\/Rozoy-sur-Serre-11-768x511.jpg 768w, https:\/\/www.portes-de-thierache.fr\/wp-content\/uploads\/2018\/08\/Rozoy-sur-Serre-11-1024x681.jpg 1024w, https:\/\/www.portes-de-thierache.fr\/wp-content\/uploads\/2018\/08\/Rozoy-sur-Serre-11-360x240.jpg 360w\" sizes=\"auto, (max-width: 300px) 100vw, 300px\" \/><\/a>\n\t\t\t<\/dt><\/dl><dl class='gallery-item'>\n\t\t\t<dt class='gallery-icon landscape'>\n\t\t\t\t<a href='https:\/\/www.portes-de-thierache.fr\/index.php\/2018\/08\/27\/rozoy-sur-serr\/rozoy-sur-serre-18\/'><img loading=\"lazy\" decoding=\"async\" width=\"300\" height=\"199\" src=\"https:\/\/www.portes-de-thierache.fr\/wp-content\/uploads\/2018\/08\/Rozoy-sur-Serre-18-300x199.jpg\" class=\"attachment-medium size-medium\" alt=\"\" srcset=\"https:\/\/www.portes-de-thierache.fr\/wp-content\/uploads\/2018\/08\/Rozoy-sur-Serre-18-300x199.jpg 300w, https:\/\/www.portes-de-thierache.fr\/wp-content\/uploads\/2018\/08\/Rozoy-sur-Serre-18-768x511.jpg 768w, https:\/\/www.portes-de-thierache.fr\/wp-content\/uploads\/2018\/08\/Rozoy-sur-Serre-18-1024x681.jpg 1024w, https:\/\/www.portes-de-thierache.fr\/wp-content\/uploads\/2018\/08\/Rozoy-sur-Serre-18-360x240.jpg 360w\" sizes=\"auto, (max-width: 300px) 100vw, 300px\" \/><\/a>\n\t\t\t<\/dt><\/dl><dl class='gallery-item'>\n\t\t\t<dt class='gallery-icon portrait'>\n\t\t\t\t<a href='https:\/\/www.portes-de-thierache.fr\/index.php\/2018\/08\/27\/rozoy-sur-serr\/dsc_0097\/'><img loading=\"lazy\" decoding=\"async\" width=\"199\" height=\"300\" src=\"https:\/\/www.portes-de-thierache.fr\/wp-content\/uploads\/2018\/08\/DSC_0097-199x300.jpg\" class=\"attachment-medium size-medium\" alt=\"\" srcset=\"https:\/\/www.portes-de-thierache.fr\/wp-content\/uploads\/2018\/08\/DSC_0097-199x300.jpg 199w, https:\/\/www.portes-de-thierache.fr\/wp-content\/uploads\/2018\/08\/DSC_0097-681x1024.jpg 681w, https:\/\/www.portes-de-thierache.fr\/wp-content\/uploads\/2018\/08\/DSC_0097-768x1155.jpg 768w, https:\/\/www.portes-de-thierache.fr\/wp-content\/uploads\/2018\/08\/DSC_0097-1021x1536.jpg 1021w, https:\/\/www.portes-de-thierache.fr\/wp-content\/uploads\/2018\/08\/DSC_0097-1362x2048.jpg 1362w, https:\/\/www.portes-de-thierache.fr\/wp-content\/uploads\/2018\/08\/DSC_0097-scaled.jpg 1702w\" sizes=\"auto, (max-width: 199px) 100vw, 199px\" \/><\/a>\n\t\t\t<\/dt><\/dl><br style=\"clear: both\" \/><dl class='gallery-item'>\n\t\t\t<dt class='gallery-icon portrait'>\n\t\t\t\t<a href='https:\/\/www.portes-de-thierache.fr\/index.php\/2018\/08\/27\/rozoy-sur-serr\/dsc_0096\/'><img loading=\"lazy\" decoding=\"async\" width=\"199\" height=\"300\" src=\"https:\/\/www.portes-de-thierache.fr\/wp-content\/uploads\/2018\/08\/DSC_0096-199x300.jpg\" class=\"attachment-medium size-medium\" alt=\"\" srcset=\"https:\/\/www.portes-de-thierache.fr\/wp-content\/uploads\/2018\/08\/DSC_0096-199x300.jpg 199w, https:\/\/www.portes-de-thierache.fr\/wp-content\/uploads\/2018\/08\/DSC_0096-681x1024.jpg 681w, https:\/\/www.portes-de-thierache.fr\/wp-content\/uploads\/2018\/08\/DSC_0096-768x1155.jpg 768w, https:\/\/www.portes-de-thierache.fr\/wp-content\/uploads\/2018\/08\/DSC_0096-1021x1536.jpg 1021w, https:\/\/www.portes-de-thierache.fr\/wp-content\/uploads\/2018\/08\/DSC_0096-1362x2048.jpg 1362w, https:\/\/www.portes-de-thierache.fr\/wp-content\/uploads\/2018\/08\/DSC_0096-scaled.jpg 1702w\" sizes=\"auto, (max-width: 199px) 100vw, 199px\" \/><\/a>\n\t\t\t<\/dt><\/dl><dl class='gallery-item'>\n\t\t\t<dt class='gallery-icon landscape'>\n\t\t\t\t<a href='https:\/\/www.portes-de-thierache.fr\/index.php\/2018\/08\/27\/rozoy-sur-serr\/vue-rozoy-sans-fils-electriques\/'><img loading=\"lazy\" decoding=\"async\" width=\"300\" height=\"212\" src=\"https:\/\/www.portes-de-thierache.fr\/wp-content\/uploads\/2018\/08\/vue-rozoy-sans-fils-electriques-300x212.jpg\" class=\"attachment-medium size-medium\" alt=\"\" srcset=\"https:\/\/www.portes-de-thierache.fr\/wp-content\/uploads\/2018\/08\/vue-rozoy-sans-fils-electriques-300x212.jpg 300w, https:\/\/www.portes-de-thierache.fr\/wp-content\/uploads\/2018\/08\/vue-rozoy-sans-fils-electriques-1024x724.jpg 1024w, https:\/\/www.portes-de-thierache.fr\/wp-content\/uploads\/2018\/08\/vue-rozoy-sans-fils-electriques-768x543.jpg 768w, https:\/\/www.portes-de-thierache.fr\/wp-content\/uploads\/2018\/08\/vue-rozoy-sans-fils-electriques-1536x1086.jpg 1536w, https:\/\/www.portes-de-thierache.fr\/wp-content\/uploads\/2018\/08\/vue-rozoy-sans-fils-electriques-2048x1448.jpg 2048w\" sizes=\"auto, (max-width: 300px) 100vw, 300px\" \/><\/a>\n\t\t\t<\/dt><\/dl><dl class='gallery-item'>\n\t\t\t<dt class='gallery-icon landscape'>\n\t\t\t\t<a href='https:\/\/www.portes-de-thierache.fr\/index.php\/2018\/08\/27\/rozoy-sur-serr\/sans-titre-17-sur-92\/'><img loading=\"lazy\" decoding=\"async\" width=\"300\" height=\"199\" src=\"https:\/\/www.portes-de-thierache.fr\/wp-content\/uploads\/2018\/08\/sans-titre-17-sur-92-300x199.jpg\" class=\"attachment-medium size-medium\" alt=\"\" srcset=\"https:\/\/www.portes-de-thierache.fr\/wp-content\/uploads\/2018\/08\/sans-titre-17-sur-92-300x199.jpg 300w, https:\/\/www.portes-de-thierache.fr\/wp-content\/uploads\/2018\/08\/sans-titre-17-sur-92-1024x681.jpg 1024w, https:\/\/www.portes-de-thierache.fr\/wp-content\/uploads\/2018\/08\/sans-titre-17-sur-92-768x511.jpg 768w, https:\/\/www.portes-de-thierache.fr\/wp-content\/uploads\/2018\/08\/sans-titre-17-sur-92-1536x1021.jpg 1536w, https:\/\/www.portes-de-thierache.fr\/wp-content\/uploads\/2018\/08\/sans-titre-17-sur-92-2048x1362.jpg 2048w, https:\/\/www.portes-de-thierache.fr\/wp-content\/uploads\/2018\/08\/sans-titre-17-sur-92-360x240.jpg 360w\" sizes=\"auto, (max-width: 300px) 100vw, 300px\" \/><\/a>\n\t\t\t<\/dt><\/dl><br style=\"clear: both\" \/><dl class='gallery-item'>\n\t\t\t<dt class='gallery-icon landscape'>\n\t\t\t\t<a href='https:\/\/www.portes-de-thierache.fr\/index.php\/2018\/08\/27\/rozoy-sur-serr\/dsc_0104\/'><img loading=\"lazy\" decoding=\"async\" width=\"300\" height=\"199\" src=\"https:\/\/www.portes-de-thierache.fr\/wp-content\/uploads\/2018\/08\/DSC_0104-300x199.jpg\" class=\"attachment-medium size-medium\" alt=\"\" srcset=\"https:\/\/www.portes-de-thierache.fr\/wp-content\/uploads\/2018\/08\/DSC_0104-300x199.jpg 300w, https:\/\/www.portes-de-thierache.fr\/wp-content\/uploads\/2018\/08\/DSC_0104-1024x681.jpg 1024w, https:\/\/www.portes-de-thierache.fr\/wp-content\/uploads\/2018\/08\/DSC_0104-768x511.jpg 768w, https:\/\/www.portes-de-thierache.fr\/wp-content\/uploads\/2018\/08\/DSC_0104-1536x1021.jpg 1536w, https:\/\/www.portes-de-thierache.fr\/wp-content\/uploads\/2018\/08\/DSC_0104-2048x1362.jpg 2048w, https:\/\/www.portes-de-thierache.fr\/wp-content\/uploads\/2018\/08\/DSC_0104-360x240.jpg 360w\" sizes=\"auto, (max-width: 300px) 100vw, 300px\" \/><\/a>\n\t\t\t<\/dt><\/dl><dl class='gallery-item'>\n\t\t\t<dt class='gallery-icon landscape'>\n\t\t\t\t<a href='https:\/\/www.portes-de-thierache.fr\/index.php\/2018\/08\/27\/rozoy-sur-serr\/dsc_0079\/'><img loading=\"lazy\" decoding=\"async\" width=\"300\" height=\"199\" src=\"https:\/\/www.portes-de-thierache.fr\/wp-content\/uploads\/2018\/08\/DSC_0079-300x199.jpg\" class=\"attachment-medium size-medium\" alt=\"\" srcset=\"https:\/\/www.portes-de-thierache.fr\/wp-content\/uploads\/2018\/08\/DSC_0079-300x199.jpg 300w, https:\/\/www.portes-de-thierache.fr\/wp-content\/uploads\/2018\/08\/DSC_0079-1024x681.jpg 1024w, https:\/\/www.portes-de-thierache.fr\/wp-content\/uploads\/2018\/08\/DSC_0079-768x511.jpg 768w, https:\/\/www.portes-de-thierache.fr\/wp-content\/uploads\/2018\/08\/DSC_0079-1536x1021.jpg 1536w, https:\/\/www.portes-de-thierache.fr\/wp-content\/uploads\/2018\/08\/DSC_0079-2048x1362.jpg 2048w, https:\/\/www.portes-de-thierache.fr\/wp-content\/uploads\/2018\/08\/DSC_0079-360x240.jpg 360w\" sizes=\"auto, (max-width: 300px) 100vw, 300px\" \/><\/a>\n\t\t\t<\/dt><\/dl><dl class='gallery-item'>\n\t\t\t<dt class='gallery-icon portrait'>\n\t\t\t\t<a href='https:\/\/www.portes-de-thierache.fr\/index.php\/2018\/08\/27\/rozoy-sur-serr\/sans-titre-4-sur-17\/'><img loading=\"lazy\" decoding=\"async\" width=\"199\" height=\"300\" src=\"https:\/\/www.portes-de-thierache.fr\/wp-content\/uploads\/2018\/08\/sans-titre-4-sur-17-199x300.jpg\" class=\"attachment-medium size-medium\" alt=\"\" srcset=\"https:\/\/www.portes-de-thierache.fr\/wp-content\/uploads\/2018\/08\/sans-titre-4-sur-17-199x300.jpg 199w, https:\/\/www.portes-de-thierache.fr\/wp-content\/uploads\/2018\/08\/sans-titre-4-sur-17-681x1024.jpg 681w, https:\/\/www.portes-de-thierache.fr\/wp-content\/uploads\/2018\/08\/sans-titre-4-sur-17-768x1155.jpg 768w, https:\/\/www.portes-de-thierache.fr\/wp-content\/uploads\/2018\/08\/sans-titre-4-sur-17-1021x1536.jpg 1021w, https:\/\/www.portes-de-thierache.fr\/wp-content\/uploads\/2018\/08\/sans-titre-4-sur-17-1362x2048.jpg 1362w, https:\/\/www.portes-de-thierache.fr\/wp-content\/uploads\/2018\/08\/sans-titre-4-sur-17-scaled.jpg 1702w\" sizes=\"auto, (max-width: 199px) 100vw, 199px\" \/><\/a>\n\t\t\t<\/dt><\/dl><br style=\"clear: both\" \/><dl class='gallery-item'>\n\t\t\t<dt class='gallery-icon landscape'>\n\t\t\t\t<a href='https:\/\/www.portes-de-thierache.fr\/index.php\/2018\/08\/27\/rozoy-sur-serr\/sans-titre-52\/'><img loading=\"lazy\" decoding=\"async\" width=\"300\" height=\"199\" src=\"https:\/\/www.portes-de-thierache.fr\/wp-content\/uploads\/2018\/08\/sans-titre-52-300x199.jpg\" class=\"attachment-medium size-medium\" alt=\"\" srcset=\"https:\/\/www.portes-de-thierache.fr\/wp-content\/uploads\/2018\/08\/sans-titre-52-300x199.jpg 300w, https:\/\/www.portes-de-thierache.fr\/wp-content\/uploads\/2018\/08\/sans-titre-52-1024x681.jpg 1024w, https:\/\/www.portes-de-thierache.fr\/wp-content\/uploads\/2018\/08\/sans-titre-52-768x511.jpg 768w, https:\/\/www.portes-de-thierache.fr\/wp-content\/uploads\/2018\/08\/sans-titre-52-1536x1021.jpg 1536w, https:\/\/www.portes-de-thierache.fr\/wp-content\/uploads\/2018\/08\/sans-titre-52-2048x1362.jpg 2048w, https:\/\/www.portes-de-thierache.fr\/wp-content\/uploads\/2018\/08\/sans-titre-52-360x240.jpg 360w\" sizes=\"auto, (max-width: 300px) 100vw, 300px\" \/><\/a>\n\t\t\t<\/dt><\/dl>\n\t\t\t<br style='clear: both' \/>\n\t\t<\/div>\n\n","protected":false},"excerpt":{"rendered":"<p>Mairie&nbsp;: 2, rue G\u00e9rard Adolphe Martin \u2013 02360 ROZOY-SUR-SERRE T\u00e9l&nbsp;: 03.23.98.50.04 Fax&nbsp;: 03.23.98.54.07 E-mail : mairie@rozoy-sur-serre.fr Horaire d&rsquo;ouverture : lundi, mercredi, jeudi et vendredi de 9h00 \u00e0 12h et de 13h30 \u00e0 17h30. Maire : Jean-Ren\u00e9 DURTETTE Permanence du Maire&nbsp;: mardi de 17h30 \u00e0 19h et autres jours sur RDV<a class=\"moretag\" href=\"https:\/\/www.portes-de-thierache.fr\/index.php\/2018\/08\/27\/rozoy-sur-serr\/\"> Lire la suite<\/a><\/p>\n","protected":false},"author":3,"featured_media":1202,"comment_status":"closed","ping_status":"open","sticky":false,"template":"","format":"standard","meta":{"ngg_post_thumbnail":0,"footnotes":""},"categories":[38],"tags":[],"class_list":["post-1165","post","type-post","status-publish","format-standard","has-post-thumbnail","hentry","category-communes"],"_links":{"self":[{"href":"https:\/\/www.portes-de-thierache.fr\/index.php\/wp-json\/wp\/v2\/posts\/1165","targetHints":{"allow":["GET"]}}],"collection":[{"href":"https:\/\/www.portes-de-thierache.fr\/index.php\/wp-json\/wp\/v2\/posts"}],"about":[{"href":"https:\/\/www.portes-de-thierache.fr\/index.php\/wp-json\/wp\/v2\/types\/post"}],"author":[{"embeddable":true,"href":"https:\/\/www.portes-de-thierache.fr\/index.php\/wp-json\/wp\/v2\/users\/3"}],"replies":[{"embeddable":true,"href":"https:\/\/www.portes-de-thierache.fr\/index.php\/wp-json\/wp\/v2\/comments?post=1165"}],"version-history":[{"count":3,"href":"https:\/\/www.portes-de-thierache.fr\/index.php\/wp-json\/wp\/v2\/posts\/1165\/revisions"}],"predecessor-version":[{"id":15559,"href":"https:\/\/www.portes-de-thierache.fr\/index.php\/wp-json\/wp\/v2\/posts\/1165\/revisions\/15559"}],"wp:featuredmedia":[{"embeddable":true,"href":"https:\/\/www.portes-de-thierache.fr\/index.php\/wp-json\/wp\/v2\/media\/1202"}],"wp:attachment":[{"href":"https:\/\/www.portes-de-thierache.fr\/index.php\/wp-json\/wp\/v2\/media?parent=1165"}],"wp:term":[{"taxonomy":"category","embeddable":true,"href":"https:\/\/www.portes-de-thierache.fr\/index.php\/wp-json\/wp\/v2\/categories?post=1165"},{"taxonomy":"post_tag","embeddable":true,"href":"https:\/\/www.portes-de-thierache.fr\/index.php\/wp-json\/wp\/v2\/tags?post=1165"}],"curies":[{"name":"wp","href":"https:\/\/api.w.org\/{rel}","templated":true}]}}