{"id":11544,"date":"2021-06-25T10:43:03","date_gmt":"2021-06-25T08:43:03","guid":{"rendered":"https:\/\/www.portes-de-thierache.fr\/?p=11544"},"modified":"2021-06-25T10:43:03","modified_gmt":"2021-06-25T08:43:03","slug":"fibre-optique-etat-davancement-des-travaux-au-25-juin-2021","status":"publish","type":"post","link":"https:\/\/www.portes-de-thierache.fr\/index.php\/2021\/06\/25\/fibre-optique-etat-davancement-des-travaux-au-25-juin-2021\/","title":{"rendered":"Fibre optique : \u00e9tat d&rsquo;avancement des travaux au 25 juin 2021 !"},"content":{"rendered":"<div class=\"kvgmc6g5 cxmmr5t8 oygrvhab hcukyx3x c1et5uql ii04i59q\">\n<div dir=\"auto\" style=\"text-align: justify;\"><\/div>\n<\/div>\n<div class=\"o9v6fnle cxmmr5t8 oygrvhab hcukyx3x c1et5uql ii04i59q\" style=\"text-align: justify;\">\n<div dir=\"auto\">Veuillez trouver ci-apr\u00e8s la carte sur l\u2019\u00e9tat d\u2019avancement des travaux de la fibre optique, concernant votre territoire.<\/div>\n<\/div>\n<div dir=\"auto\"><\/div>\n<div dir=\"auto\"><a href=\"https:\/\/www.portes-de-thierache.fr\/wp-content\/uploads\/2021\/06\/EPCI_CC_Porte_Thierache_FTTH_20210625.png\"><img loading=\"lazy\" decoding=\"async\" src=\"https:\/\/www.portes-de-thierache.fr\/wp-content\/uploads\/2021\/06\/EPCI_CC_Porte_Thierache_FTTH_20210625-300x212.png\" alt=\"\" width=\"300\" height=\"212\" class=\"alignleft size-medium wp-image-11545\" srcset=\"https:\/\/www.portes-de-thierache.fr\/wp-content\/uploads\/2021\/06\/EPCI_CC_Porte_Thierache_FTTH_20210625-300x212.png 300w, https:\/\/www.portes-de-thierache.fr\/wp-content\/uploads\/2021\/06\/EPCI_CC_Porte_Thierache_FTTH_20210625-1024x724.png 1024w, https:\/\/www.portes-de-thierache.fr\/wp-content\/uploads\/2021\/06\/EPCI_CC_Porte_Thierache_FTTH_20210625-768x543.png 768w, https:\/\/www.portes-de-thierache.fr\/wp-content\/uploads\/2021\/06\/EPCI_CC_Porte_Thierache_FTTH_20210625-1536x1086.png 1536w, https:\/\/www.portes-de-thierache.fr\/wp-content\/uploads\/2021\/06\/EPCI_CC_Porte_Thierache_FTTH_20210625-2048x1448.png 2048w\" sizes=\"auto, (max-width: 300px) 100vw, 300px\" \/><\/a><\/div>\n<div dir=\"auto\"><\/div>\n<div dir=\"auto\"><\/div>\n<div dir=\"auto\"><\/div>\n<div dir=\"auto\"><\/div>\n<div dir=\"auto\"><\/div>\n<div dir=\"auto\"><\/div>\n<div dir=\"auto\"><\/div>\n<div dir=\"auto\"><\/div>\n<div class=\"o9v6fnle cxmmr5t8 oygrvhab hcukyx3x c1et5uql ii04i59q\" style=\"text-align: justify;\">\n<div dir=\"auto\">&nbsp; &nbsp; &nbsp;<\/div>\n<\/div>\n<div class=\"o9v6fnle cxmmr5t8 oygrvhab hcukyx3x c1et5uql ii04i59q\" style=\"text-align: justify;\">\n<div dir=\"auto\">Les travaux sont en cours dans 8 communes.<\/div>\n<div dir=\"auto\">&nbsp; &nbsp; &nbsp;&nbsp;<\/div>\n<div dir=\"auto\">De plus, le r\u00e9seau tr\u00e8s haut d\u00e9bit a \u00e9t\u00e9 d\u00e9ploy\u00e9 \u00e0 Noircourt, Berlise, Le Thuel et Montlou\u00e9 et les prises seront commercialis\u00e9es vers le 26 juillet.<\/div>\n<div dir=\"auto\">&nbsp; &nbsp; &nbsp;<\/div>\n<\/div>\n<div class=\"o9v6fnle cxmmr5t8 oygrvhab hcukyx3x c1et5uql ii04i59q\">\n<div dir=\"auto\" style=\"text-align: justify;\">Les prises sont d\u2019ores et d\u00e9j\u00e0 commercialis\u00e9es \u00e0 Lislet, Raillimont, Rouvroy-sur-Serre, Montcornet, Soize, Dagny-Lambercy, Renneval, Dolignon, Sainte-Genevi\u00e8ve, Ch\u00e9ry-l\u00e8s-Rozoy, Vincy-Reuil-et-Magny, Rozoy-sur-Serre, Chaourse, Vigneux-Hocquet, Dizy-le-Gros, Morgny-en-Thi\u00e9rache, Cuiry-L\u00e8s-Iviers et Dohis.<\/div>\n<\/div>\n","protected":false},"excerpt":{"rendered":"<p>Veuillez trouver ci-apr\u00e8s la carte sur l\u2019\u00e9tat d\u2019avancement des travaux de la fibre optique, concernant votre territoire. &nbsp; &nbsp; &nbsp; Les travaux sont en cours dans 8 communes. &nbsp; &nbsp; &nbsp;&nbsp; De plus, le r\u00e9seau tr\u00e8s haut d\u00e9bit a \u00e9t\u00e9 d\u00e9ploy\u00e9 \u00e0 Noircourt, Berlise, Le Thuel et Montlou\u00e9 et les<a class=\"moretag\" href=\"https:\/\/www.portes-de-thierache.fr\/index.php\/2021\/06\/25\/fibre-optique-etat-davancement-des-travaux-au-25-juin-2021\/\"> Lire la suite<\/a><\/p>\n","protected":false},"author":4,"featured_media":11545,"comment_status":"closed","ping_status":"open","sticky":false,"template":"","format":"standard","meta":{"ngg_post_thumbnail":0,"footnotes":""},"categories":[29],"tags":[],"class_list":["post-11544","post","type-post","status-publish","format-standard","has-post-thumbnail","hentry","category-actualites"],"_links":{"self":[{"href":"https:\/\/www.portes-de-thierache.fr\/index.php\/wp-json\/wp\/v2\/posts\/11544","targetHints":{"allow":["GET"]}}],"collection":[{"href":"https:\/\/www.portes-de-thierache.fr\/index.php\/wp-json\/wp\/v2\/posts"}],"about":[{"href":"https:\/\/www.portes-de-thierache.fr\/index.php\/wp-json\/wp\/v2\/types\/post"}],"author":[{"embeddable":true,"href":"https:\/\/www.portes-de-thierache.fr\/index.php\/wp-json\/wp\/v2\/users\/4"}],"replies":[{"embeddable":true,"href":"https:\/\/www.portes-de-thierache.fr\/index.php\/wp-json\/wp\/v2\/comments?post=11544"}],"version-history":[{"count":0,"href":"https:\/\/www.portes-de-thierache.fr\/index.php\/wp-json\/wp\/v2\/posts\/11544\/revisions"}],"wp:featuredmedia":[{"embeddable":true,"href":"https:\/\/www.portes-de-thierache.fr\/index.php\/wp-json\/wp\/v2\/media\/11545"}],"wp:attachment":[{"href":"https:\/\/www.portes-de-thierache.fr\/index.php\/wp-json\/wp\/v2\/media?parent=11544"}],"wp:term":[{"taxonomy":"category","embeddable":true,"href":"https:\/\/www.portes-de-thierache.fr\/index.php\/wp-json\/wp\/v2\/categories?post=11544"},{"taxonomy":"post_tag","embeddable":true,"href":"https:\/\/www.portes-de-thierache.fr\/index.php\/wp-json\/wp\/v2\/tags?post=11544"}],"curies":[{"name":"wp","href":"https:\/\/api.w.org\/{rel}","templated":true}]}}