{"id":1150,"date":"2018-08-22T14:27:41","date_gmt":"2018-08-22T12:27:41","guid":{"rendered":"http:\/\/www.portes-de-thierache.fr\/?p=1150"},"modified":"2025-08-21T10:45:53","modified_gmt":"2025-08-21T08:45:53","slug":"noircourt","status":"publish","type":"post","link":"https:\/\/www.portes-de-thierache.fr\/index.php\/2018\/08\/22\/noircourt\/","title":{"rendered":"Noircourt"},"content":{"rendered":"<p style=\"text-align: justify;\"><strong>Mairie<\/strong>&nbsp;: 3, rue de Rozoy-sur-Serre \u2013 02340 NOIRCOURT<\/p>\n<p style=\"text-align: justify;\"><strong>T\u00e9l<\/strong>&nbsp;: 03.23.21.29.88<\/p>\n<p style=\"text-align: justify;\"><strong>Mail :&nbsp;<\/strong><a href=\"mailto:mairie.noircourt@wanadoo.fr\">mairie.noircourt@wanadoo.fr<\/a><\/p>\n<p style=\"text-align: justify;\"><strong>Horaire d&rsquo;ouverture<\/strong> : lundi de 14h \u00e0 17h et jeudi de 9h30 \u00e0 11h45<\/p>\n<p style=\"text-align: justify;\"><strong>Maire&nbsp;<\/strong>: Th\u00e9r\u00e8se Monarque<\/p>\n<p style=\"text-align: justify;\"><strong>Secr\u00e9tariat&nbsp;<\/strong>: Sabrina Chaudriller<\/p>\n<p style=\"text-align: justify;\"><strong>Population&nbsp;<\/strong>: 81 habitants<\/p>\n<p style=\"text-align: justify;\"><strong><br \/>\nNoircourt, son&nbsp;patrimoine historique et architectural<br \/>\n<\/strong>L&rsquo;occupation humaine des lieux d\u00e8s le n\u00e9olithique est attest\u00e9e par des trouvailles d&rsquo;outils en silex taill\u00e9s ou polis sur diff\u00e9rents sites du territoire. Il en est d&rsquo;ailleurs de m\u00eame pour les p\u00e9riodes gauloises et gallo-romaines.<br \/>\nLa premi\u00e8re \u00e9vocation \u00e9crite connue du village date de 1189 : Nigra Curtis et d\u00e8s 1377, on \u00e9crit d\u00e9j\u00e0 Noirecourt.<br \/>\nDe l&rsquo;\u00e9poque m\u00e9di\u00e9vale ne subsiste plus aujourd&rsquo;hui que le sanctuaire de&nbsp;<strong>l&rsquo;\u00e9glise Saint-Nicolas<\/strong>&nbsp;(XIII\u00e8me si\u00e8cle), laquelle a \u00e9t\u00e9 ult\u00e9rieurement fortifi\u00e9e (donjon carr\u00e9, tour avec m\u00e2chicoulis, meurtri\u00e8res et \u00e9chauguettes.).<br \/>\nD\u00e8s 1209, on trouve la trace d&rsquo;une tutelle f\u00e9odale au village : Henri, seigneur de Noircourt.<br \/>\nSi la pr\u00e9sence d&rsquo;un&nbsp;<strong>ch\u00e2teau<\/strong>&nbsp;est rapport\u00e9e tant par la tradition orale que par des monographies anciennes, il n&rsquo;en subsiste aujourd&rsquo;hui que&nbsp;<strong>tr\u00e8s peu de vestiges<\/strong>&nbsp;. On sait seulement qu&rsquo;il fut vendu comme bien national \u00e0 un certain Lorieux de Montcornet qui le fit d\u00e9molir enti\u00e8rement. Des&nbsp;<strong>moulins \u00e0 vent puis un moulin \u00e0 eau<\/strong>&nbsp;(construit en 1688) ont \u00e9galement disparu.<\/p>\n<p>Avant que Le Thuel et Beaumont ne deviennent communes autonomes en 1883, Noircourt et ses hameaux ont compt\u00e9 jusqu&rsquo;\u00e0 650 habitants (1836).<\/p>\n<p>Du XIX\u00e8me si\u00e8cle subsistent de nombreuses maisons d&rsquo;habitation (certaines mill\u00e9sim\u00e9es de 1820 \u00e0 1840), un&nbsp;<strong>pigeonnier-porche<\/strong>&nbsp;et une \u00e9cole-mairie b\u00e2tis en 1875.<br \/>\nPendant la Premi\u00e8re Guerre mondiale, l&rsquo;occupation allemande fut tr\u00e8s finement d\u00e9crite dans les&nbsp;<strong>cahiers de guerre de l&rsquo;abb\u00e9 Bl\u00e9riot<\/strong>.<br \/>\nAu milieu des ann\u00e9es soixante, un artiste n\u00e9erlandais, Beckman, a r\u00e9alis\u00e9 des peintures murales, des fresques et des vitraux dans l&rsquo;\u00e9glise.<\/p>\n<p style=\"text-align: justify;\"><strong>Comme la plupart de ses voisins, Noircourt est un village thi\u00e9rachien qui, tout au long des si\u00e8cles, fut une terre de passage et de conflits, mais qui parvint toujours \u00e0 se relever et \u00e0 se reconstruire.<\/strong><\/p>\n\n\t\t<style type=\"text\/css\">\n\t\t\t#gallery-1 {\n\t\t\t\tmargin: auto;\n\t\t\t}\n\t\t\t#gallery-1 .gallery-item {\n\t\t\t\tfloat: left;\n\t\t\t\tmargin-top: 10px;\n\t\t\t\ttext-align: center;\n\t\t\t\twidth: 33%;\n\t\t\t}\n\t\t\t#gallery-1 img {\n\t\t\t\tborder: 2px solid #cfcfcf;\n\t\t\t}\n\t\t\t#gallery-1 .gallery-caption {\n\t\t\t\tmargin-left: 0;\n\t\t\t}\n\t\t\t\/* see gallery_shortcode() in wp-includes\/media.php *\/\n\t\t<\/style>\n\t\t<div id='gallery-1' class='gallery galleryid-1150 gallery-columns-3 gallery-size-medium'><dl class='gallery-item'>\n\t\t\t<dt class='gallery-icon landscape'>\n\t\t\t\t<a href='https:\/\/www.portes-de-thierache.fr\/index.php\/2018\/08\/22\/noircourt\/noircourt-5\/'><img loading=\"lazy\" decoding=\"async\" width=\"300\" height=\"199\" src=\"https:\/\/www.portes-de-thierache.fr\/wp-content\/uploads\/2018\/08\/Noircourt-5-300x199.jpg\" class=\"attachment-medium size-medium\" alt=\"\" srcset=\"https:\/\/www.portes-de-thierache.fr\/wp-content\/uploads\/2018\/08\/Noircourt-5-300x199.jpg 300w, https:\/\/www.portes-de-thierache.fr\/wp-content\/uploads\/2018\/08\/Noircourt-5-768x511.jpg 768w, https:\/\/www.portes-de-thierache.fr\/wp-content\/uploads\/2018\/08\/Noircourt-5-1024x681.jpg 1024w, https:\/\/www.portes-de-thierache.fr\/wp-content\/uploads\/2018\/08\/Noircourt-5-360x240.jpg 360w\" sizes=\"auto, (max-width: 300px) 100vw, 300px\" \/><\/a>\n\t\t\t<\/dt><\/dl><dl class='gallery-item'>\n\t\t\t<dt class='gallery-icon landscape'>\n\t\t\t\t<a href='https:\/\/www.portes-de-thierache.fr\/index.php\/2018\/08\/22\/noircourt\/noircourt-8\/'><img loading=\"lazy\" decoding=\"async\" width=\"300\" height=\"199\" src=\"https:\/\/www.portes-de-thierache.fr\/wp-content\/uploads\/2018\/08\/Noircourt-8-300x199.jpg\" class=\"attachment-medium size-medium\" alt=\"\" srcset=\"https:\/\/www.portes-de-thierache.fr\/wp-content\/uploads\/2018\/08\/Noircourt-8-300x199.jpg 300w, https:\/\/www.portes-de-thierache.fr\/wp-content\/uploads\/2018\/08\/Noircourt-8-768x511.jpg 768w, https:\/\/www.portes-de-thierache.fr\/wp-content\/uploads\/2018\/08\/Noircourt-8-1024x681.jpg 1024w, https:\/\/www.portes-de-thierache.fr\/wp-content\/uploads\/2018\/08\/Noircourt-8-360x240.jpg 360w\" sizes=\"auto, (max-width: 300px) 100vw, 300px\" \/><\/a>\n\t\t\t<\/dt><\/dl><dl class='gallery-item'>\n\t\t\t<dt class='gallery-icon landscape'>\n\t\t\t\t<a href='https:\/\/www.portes-de-thierache.fr\/index.php\/2018\/08\/22\/noircourt\/sans-titre-34-sur-53\/'><img loading=\"lazy\" decoding=\"async\" width=\"300\" height=\"199\" src=\"https:\/\/www.portes-de-thierache.fr\/wp-content\/uploads\/2018\/08\/sans-titre-34-sur-53-300x199.jpg\" class=\"attachment-medium size-medium\" alt=\"\" srcset=\"https:\/\/www.portes-de-thierache.fr\/wp-content\/uploads\/2018\/08\/sans-titre-34-sur-53-300x199.jpg 300w, https:\/\/www.portes-de-thierache.fr\/wp-content\/uploads\/2018\/08\/sans-titre-34-sur-53-1024x681.jpg 1024w, https:\/\/www.portes-de-thierache.fr\/wp-content\/uploads\/2018\/08\/sans-titre-34-sur-53-768x511.jpg 768w, https:\/\/www.portes-de-thierache.fr\/wp-content\/uploads\/2018\/08\/sans-titre-34-sur-53-1536x1021.jpg 1536w, https:\/\/www.portes-de-thierache.fr\/wp-content\/uploads\/2018\/08\/sans-titre-34-sur-53-2048x1362.jpg 2048w, https:\/\/www.portes-de-thierache.fr\/wp-content\/uploads\/2018\/08\/sans-titre-34-sur-53-360x240.jpg 360w\" sizes=\"auto, (max-width: 300px) 100vw, 300px\" \/><\/a>\n\t\t\t<\/dt><\/dl><br style=\"clear: both\" \/><dl class='gallery-item'>\n\t\t\t<dt class='gallery-icon portrait'>\n\t\t\t\t<a href='https:\/\/www.portes-de-thierache.fr\/index.php\/2018\/08\/22\/noircourt\/sans-titre-37-sur-53\/'><img loading=\"lazy\" decoding=\"async\" width=\"199\" height=\"300\" src=\"https:\/\/www.portes-de-thierache.fr\/wp-content\/uploads\/2018\/08\/sans-titre-37-sur-53-199x300.jpg\" class=\"attachment-medium size-medium\" alt=\"\" srcset=\"https:\/\/www.portes-de-thierache.fr\/wp-content\/uploads\/2018\/08\/sans-titre-37-sur-53-199x300.jpg 199w, https:\/\/www.portes-de-thierache.fr\/wp-content\/uploads\/2018\/08\/sans-titre-37-sur-53-681x1024.jpg 681w, https:\/\/www.portes-de-thierache.fr\/wp-content\/uploads\/2018\/08\/sans-titre-37-sur-53-768x1155.jpg 768w, https:\/\/www.portes-de-thierache.fr\/wp-content\/uploads\/2018\/08\/sans-titre-37-sur-53-1021x1536.jpg 1021w, https:\/\/www.portes-de-thierache.fr\/wp-content\/uploads\/2018\/08\/sans-titre-37-sur-53-1362x2048.jpg 1362w, https:\/\/www.portes-de-thierache.fr\/wp-content\/uploads\/2018\/08\/sans-titre-37-sur-53-scaled.jpg 1702w\" sizes=\"auto, (max-width: 199px) 100vw, 199px\" \/><\/a>\n\t\t\t<\/dt><\/dl><dl class='gallery-item'>\n\t\t\t<dt class='gallery-icon landscape'>\n\t\t\t\t<a href='https:\/\/www.portes-de-thierache.fr\/index.php\/2018\/08\/22\/noircourt\/sans-titre-48-sur-53\/'><img loading=\"lazy\" decoding=\"async\" width=\"300\" height=\"199\" src=\"https:\/\/www.portes-de-thierache.fr\/wp-content\/uploads\/2018\/08\/sans-titre-48-sur-53-300x199.jpg\" class=\"attachment-medium size-medium\" alt=\"\" srcset=\"https:\/\/www.portes-de-thierache.fr\/wp-content\/uploads\/2018\/08\/sans-titre-48-sur-53-300x199.jpg 300w, https:\/\/www.portes-de-thierache.fr\/wp-content\/uploads\/2018\/08\/sans-titre-48-sur-53-1024x681.jpg 1024w, https:\/\/www.portes-de-thierache.fr\/wp-content\/uploads\/2018\/08\/sans-titre-48-sur-53-768x511.jpg 768w, https:\/\/www.portes-de-thierache.fr\/wp-content\/uploads\/2018\/08\/sans-titre-48-sur-53-1536x1021.jpg 1536w, https:\/\/www.portes-de-thierache.fr\/wp-content\/uploads\/2018\/08\/sans-titre-48-sur-53-2048x1362.jpg 2048w, https:\/\/www.portes-de-thierache.fr\/wp-content\/uploads\/2018\/08\/sans-titre-48-sur-53-360x240.jpg 360w\" sizes=\"auto, (max-width: 300px) 100vw, 300px\" \/><\/a>\n\t\t\t<\/dt><\/dl><dl class='gallery-item'>\n\t\t\t<dt class='gallery-icon portrait'>\n\t\t\t\t<a href='https:\/\/www.portes-de-thierache.fr\/index.php\/2018\/08\/22\/noircourt\/sans-titre-39-sur-53\/'><img loading=\"lazy\" decoding=\"async\" width=\"199\" height=\"300\" src=\"https:\/\/www.portes-de-thierache.fr\/wp-content\/uploads\/2018\/08\/sans-titre-39-sur-53-199x300.jpg\" class=\"attachment-medium size-medium\" alt=\"\" srcset=\"https:\/\/www.portes-de-thierache.fr\/wp-content\/uploads\/2018\/08\/sans-titre-39-sur-53-199x300.jpg 199w, https:\/\/www.portes-de-thierache.fr\/wp-content\/uploads\/2018\/08\/sans-titre-39-sur-53-681x1024.jpg 681w, https:\/\/www.portes-de-thierache.fr\/wp-content\/uploads\/2018\/08\/sans-titre-39-sur-53-768x1155.jpg 768w, https:\/\/www.portes-de-thierache.fr\/wp-content\/uploads\/2018\/08\/sans-titre-39-sur-53-1021x1536.jpg 1021w, https:\/\/www.portes-de-thierache.fr\/wp-content\/uploads\/2018\/08\/sans-titre-39-sur-53-1362x2048.jpg 1362w, https:\/\/www.portes-de-thierache.fr\/wp-content\/uploads\/2018\/08\/sans-titre-39-sur-53-scaled.jpg 1702w\" sizes=\"auto, (max-width: 199px) 100vw, 199px\" \/><\/a>\n\t\t\t<\/dt><\/dl><br style=\"clear: both\" \/><dl class='gallery-item'>\n\t\t\t<dt class='gallery-icon portrait'>\n\t\t\t\t<a href='https:\/\/www.portes-de-thierache.fr\/index.php\/2018\/08\/22\/noircourt\/sans-titre-41-sur-53\/'><img loading=\"lazy\" decoding=\"async\" width=\"199\" height=\"300\" src=\"https:\/\/www.portes-de-thierache.fr\/wp-content\/uploads\/2018\/08\/sans-titre-41-sur-53-199x300.jpg\" class=\"attachment-medium size-medium\" alt=\"\" srcset=\"https:\/\/www.portes-de-thierache.fr\/wp-content\/uploads\/2018\/08\/sans-titre-41-sur-53-199x300.jpg 199w, https:\/\/www.portes-de-thierache.fr\/wp-content\/uploads\/2018\/08\/sans-titre-41-sur-53-681x1024.jpg 681w, https:\/\/www.portes-de-thierache.fr\/wp-content\/uploads\/2018\/08\/sans-titre-41-sur-53-768x1155.jpg 768w, https:\/\/www.portes-de-thierache.fr\/wp-content\/uploads\/2018\/08\/sans-titre-41-sur-53-1021x1536.jpg 1021w, https:\/\/www.portes-de-thierache.fr\/wp-content\/uploads\/2018\/08\/sans-titre-41-sur-53-1362x2048.jpg 1362w, https:\/\/www.portes-de-thierache.fr\/wp-content\/uploads\/2018\/08\/sans-titre-41-sur-53-scaled.jpg 1702w\" sizes=\"auto, (max-width: 199px) 100vw, 199px\" \/><\/a>\n\t\t\t<\/dt><\/dl>\n\t\t\t<br style='clear: both' \/>\n\t\t<\/div>\n\n","protected":false},"excerpt":{"rendered":"<p>Mairie&nbsp;: 3, rue de Rozoy-sur-Serre \u2013 02340 NOIRCOURT T\u00e9l&nbsp;: 03.23.21.29.88 Mail :&nbsp;mairie.noircourt@wanadoo.fr Horaire d&rsquo;ouverture : lundi de 14h \u00e0 17h et jeudi de 9h30 \u00e0 11h45 Maire&nbsp;: Th\u00e9r\u00e8se Monarque Secr\u00e9tariat&nbsp;: Sabrina Chaudriller Population&nbsp;: 81 habitants Noircourt, son&nbsp;patrimoine historique et architectural L&rsquo;occupation humaine des lieux d\u00e8s le n\u00e9olithique est attest\u00e9e par<a class=\"moretag\" href=\"https:\/\/www.portes-de-thierache.fr\/index.php\/2018\/08\/22\/noircourt\/\"> Lire la suite<\/a><\/p>\n","protected":false},"author":3,"featured_media":1202,"comment_status":"closed","ping_status":"open","sticky":false,"template":"","format":"standard","meta":{"ngg_post_thumbnail":0,"footnotes":""},"categories":[38],"tags":[],"class_list":["post-1150","post","type-post","status-publish","format-standard","has-post-thumbnail","hentry","category-communes"],"_links":{"self":[{"href":"https:\/\/www.portes-de-thierache.fr\/index.php\/wp-json\/wp\/v2\/posts\/1150","targetHints":{"allow":["GET"]}}],"collection":[{"href":"https:\/\/www.portes-de-thierache.fr\/index.php\/wp-json\/wp\/v2\/posts"}],"about":[{"href":"https:\/\/www.portes-de-thierache.fr\/index.php\/wp-json\/wp\/v2\/types\/post"}],"author":[{"embeddable":true,"href":"https:\/\/www.portes-de-thierache.fr\/index.php\/wp-json\/wp\/v2\/users\/3"}],"replies":[{"embeddable":true,"href":"https:\/\/www.portes-de-thierache.fr\/index.php\/wp-json\/wp\/v2\/comments?post=1150"}],"version-history":[{"count":1,"href":"https:\/\/www.portes-de-thierache.fr\/index.php\/wp-json\/wp\/v2\/posts\/1150\/revisions"}],"predecessor-version":[{"id":15248,"href":"https:\/\/www.portes-de-thierache.fr\/index.php\/wp-json\/wp\/v2\/posts\/1150\/revisions\/15248"}],"wp:featuredmedia":[{"embeddable":true,"href":"https:\/\/www.portes-de-thierache.fr\/index.php\/wp-json\/wp\/v2\/media\/1202"}],"wp:attachment":[{"href":"https:\/\/www.portes-de-thierache.fr\/index.php\/wp-json\/wp\/v2\/media?parent=1150"}],"wp:term":[{"taxonomy":"category","embeddable":true,"href":"https:\/\/www.portes-de-thierache.fr\/index.php\/wp-json\/wp\/v2\/categories?post=1150"},{"taxonomy":"post_tag","embeddable":true,"href":"https:\/\/www.portes-de-thierache.fr\/index.php\/wp-json\/wp\/v2\/tags?post=1150"}],"curies":[{"name":"wp","href":"https:\/\/api.w.org\/{rel}","templated":true}]}}