{"id":1143,"date":"2018-08-22T14:10:27","date_gmt":"2018-08-22T12:10:27","guid":{"rendered":"http:\/\/www.portes-de-thierache.fr\/?p=1143"},"modified":"2022-10-18T11:01:01","modified_gmt":"2022-10-18T09:01:01","slug":"montcornet","status":"publish","type":"post","link":"https:\/\/www.portes-de-thierache.fr\/index.php\/2018\/08\/22\/montcornet\/","title":{"rendered":"Montcornet"},"content":{"rendered":"<p style=\"text-align: justify;\"><strong>Mairie<\/strong>&nbsp;: Place de l&rsquo;H\u00f4tel de Ville \u2013 02340 MONTCORNET<\/p>\n<p style=\"text-align: justify;\"><strong>Horaire d&rsquo;ouverture<\/strong> :<\/p>\n<p style=\"text-align: justify;\">lundi de 9h \u00e0 12h et de 13h30 \u00e0 16h30<\/p>\n<p>mardi de 9h \u00e0 12h<\/p>\n<p>mercredi de 9h \u00e0 12h et de 13h30 \u00e0 16h30<\/p>\n<p>jeudi de 9h \u00e0 12h<\/p>\n<p>vendredi de 9h \u00e0 12h et de 13h30 \u00e0 16h30<\/p>\n<p>&nbsp;<\/p>\n<p style=\"text-align: justify;\"><strong>T\u00e9l&nbsp;<\/strong>: 03.23.21.73.20<\/p>\n<p style=\"text-align: justify;\"><strong>Fax<\/strong>&nbsp;: 03.23.21.73.21<\/p>\n<p style=\"text-align: justify;\"><strong>E-mail<\/strong>&nbsp;:&nbsp;<a href=\"mailto:mairie@montcornet.fr\">mairie@montcornet.fr<\/a><\/p>\n<p style=\"text-align: justify;\"><strong>Site internet<\/strong> : <a href=\"https:\/\/www.montcornet.fr\">https:\/\/www.montcornet.fr<\/a><\/p>\n<p style=\"text-align: justify;\"><strong>Maire&nbsp;<\/strong>: Thomas Hennequin<\/p>\n<p style=\"text-align: justify;\"><strong>Secr\u00e9tariat<\/strong> : Christine Claudet&nbsp;<\/p>\n<p style=\"text-align: justify;\"><strong>Population<\/strong> : 1 328 habitants<\/p>\n<p style=\"text-align: justify;\"><strong>Curiosit\u00e9s<\/strong>&nbsp;: \u00e9glise fortifi\u00e9e Saint-Martin, h\u00f4tel de ville, tour de ville, lavoir, char (bataille de Montcornet), circuit de randonn\u00e9e \u00a0\u00bb les Quatre Vents \u00a0\u00bb et \u00a0\u00bb le Val de Serre\u00a0\u00bb avec parcours sportif, route des lavoirs, m\u00e9diath\u00e8que.<\/p>\n<p>March\u00e9 : le 1er samedi de chaque mois, place de l&rsquo;H\u00f4tel de Ville<br \/>\nF\u00eate communale : week-end qui pr\u00e9c\u00e8de le 14 juillet<br \/>\nFoire de Saint-Martin : dimanche qui pr\u00e9c\u00e8de le 11 novembre<\/p>\n<p><strong>Permanences&nbsp;:<\/strong><u><br \/>\n<\/u>&#8211; Service action sociale : jeudi de 9h30 \u00e0 11h30 et vendredi de 9h30 \u00e0 11h30 \u00e0 la mairie<\/p>\n<p style=\"text-align: justify;\">&#8211; Mission locale : sur RDV au 03.23.27.38.90 \u00e0 la mairie<\/p>\n<p style=\"text-align: justify;\">&#8211; S\u00e9curit\u00e9 sociale : le mardi de 13h30 \u00e0 16h30 \u00e0 la mairie<\/p>\n<p style=\"text-align: justify;\">&#8211; Guichet virtuel interactif : une personne vous accueille en mairie et vous accompagne dans vos d\u00e9marches :<\/p>\n<p style=\"text-align: justify;\">CAF : jeudi de 10h \u00e0 11h30<\/p>\n<p style=\"text-align: justify;\">CPAM : mardi, mercredi et jeudi de 9h \u00e0 12h<\/p>\n<p style=\"text-align: justify;\">MSA : jeudi de 9h \u00e0 12h<\/p>\n<p style=\"text-align: justify;\"><a href=\"http:\/\/mairie.montcornet.mairie.pagespro-orange.fr\/\">En savoir plus sur la commune de Montcornet<\/a><\/p>\n\n\t\t<style type=\"text\/css\">\n\t\t\t#gallery-1 {\n\t\t\t\tmargin: auto;\n\t\t\t}\n\t\t\t#gallery-1 .gallery-item {\n\t\t\t\tfloat: left;\n\t\t\t\tmargin-top: 10px;\n\t\t\t\ttext-align: center;\n\t\t\t\twidth: 33%;\n\t\t\t}\n\t\t\t#gallery-1 img {\n\t\t\t\tborder: 2px solid #cfcfcf;\n\t\t\t}\n\t\t\t#gallery-1 .gallery-caption {\n\t\t\t\tmargin-left: 0;\n\t\t\t}\n\t\t\t\/* see gallery_shortcode() in wp-includes\/media.php *\/\n\t\t<\/style>\n\t\t<div id='gallery-1' class='gallery galleryid-1143 gallery-columns-3 gallery-size-medium'><dl class='gallery-item'>\n\t\t\t<dt class='gallery-icon landscape'>\n\t\t\t\t<a href='https:\/\/www.portes-de-thierache.fr\/index.php\/2018\/08\/22\/montcornet\/montcornet-3\/'><img loading=\"lazy\" decoding=\"async\" width=\"300\" height=\"199\" src=\"https:\/\/www.portes-de-thierache.fr\/wp-content\/uploads\/2018\/08\/Montcornet-3-300x199.jpg\" class=\"attachment-medium size-medium\" alt=\"\" srcset=\"https:\/\/www.portes-de-thierache.fr\/wp-content\/uploads\/2018\/08\/Montcornet-3-300x199.jpg 300w, https:\/\/www.portes-de-thierache.fr\/wp-content\/uploads\/2018\/08\/Montcornet-3-768x511.jpg 768w, https:\/\/www.portes-de-thierache.fr\/wp-content\/uploads\/2018\/08\/Montcornet-3-1024x681.jpg 1024w, https:\/\/www.portes-de-thierache.fr\/wp-content\/uploads\/2018\/08\/Montcornet-3-360x240.jpg 360w\" sizes=\"auto, (max-width: 300px) 100vw, 300px\" \/><\/a>\n\t\t\t<\/dt><\/dl><dl class='gallery-item'>\n\t\t\t<dt class='gallery-icon landscape'>\n\t\t\t\t<a href='https:\/\/www.portes-de-thierache.fr\/index.php\/2018\/08\/22\/montcornet\/sans-titre-99-sur-109\/'><img loading=\"lazy\" decoding=\"async\" width=\"300\" height=\"199\" src=\"https:\/\/www.portes-de-thierache.fr\/wp-content\/uploads\/2018\/08\/sans-titre-99-sur-109-300x199.jpg\" class=\"attachment-medium size-medium\" alt=\"\" srcset=\"https:\/\/www.portes-de-thierache.fr\/wp-content\/uploads\/2018\/08\/sans-titre-99-sur-109-300x199.jpg 300w, https:\/\/www.portes-de-thierache.fr\/wp-content\/uploads\/2018\/08\/sans-titre-99-sur-109-1024x681.jpg 1024w, https:\/\/www.portes-de-thierache.fr\/wp-content\/uploads\/2018\/08\/sans-titre-99-sur-109-768x511.jpg 768w, https:\/\/www.portes-de-thierache.fr\/wp-content\/uploads\/2018\/08\/sans-titre-99-sur-109-1536x1021.jpg 1536w, https:\/\/www.portes-de-thierache.fr\/wp-content\/uploads\/2018\/08\/sans-titre-99-sur-109-2048x1362.jpg 2048w, https:\/\/www.portes-de-thierache.fr\/wp-content\/uploads\/2018\/08\/sans-titre-99-sur-109-360x240.jpg 360w\" sizes=\"auto, (max-width: 300px) 100vw, 300px\" \/><\/a>\n\t\t\t<\/dt><\/dl><dl class='gallery-item'>\n\t\t\t<dt class='gallery-icon landscape'>\n\t\t\t\t<a href='https:\/\/www.portes-de-thierache.fr\/index.php\/2018\/08\/22\/montcornet\/sans-titre-38-2\/'><img loading=\"lazy\" decoding=\"async\" width=\"300\" height=\"199\" src=\"https:\/\/www.portes-de-thierache.fr\/wp-content\/uploads\/2018\/08\/sans-titre-38-300x199.jpg\" class=\"attachment-medium size-medium\" alt=\"\" srcset=\"https:\/\/www.portes-de-thierache.fr\/wp-content\/uploads\/2018\/08\/sans-titre-38-300x199.jpg 300w, https:\/\/www.portes-de-thierache.fr\/wp-content\/uploads\/2018\/08\/sans-titre-38-1024x681.jpg 1024w, https:\/\/www.portes-de-thierache.fr\/wp-content\/uploads\/2018\/08\/sans-titre-38-768x511.jpg 768w, https:\/\/www.portes-de-thierache.fr\/wp-content\/uploads\/2018\/08\/sans-titre-38-1536x1021.jpg 1536w, https:\/\/www.portes-de-thierache.fr\/wp-content\/uploads\/2018\/08\/sans-titre-38-2048x1362.jpg 2048w, https:\/\/www.portes-de-thierache.fr\/wp-content\/uploads\/2018\/08\/sans-titre-38-360x240.jpg 360w\" sizes=\"auto, (max-width: 300px) 100vw, 300px\" \/><\/a>\n\t\t\t<\/dt><\/dl><br style=\"clear: both\" \/><dl class='gallery-item'>\n\t\t\t<dt class='gallery-icon landscape'>\n\t\t\t\t<a href='https:\/\/www.portes-de-thierache.fr\/index.php\/2018\/08\/22\/montcornet\/sans-titre-27-5\/'><img loading=\"lazy\" decoding=\"async\" width=\"300\" height=\"199\" src=\"https:\/\/www.portes-de-thierache.fr\/wp-content\/uploads\/2018\/08\/sans-titre-27-1-300x199.jpg\" class=\"attachment-medium size-medium\" alt=\"\" srcset=\"https:\/\/www.portes-de-thierache.fr\/wp-content\/uploads\/2018\/08\/sans-titre-27-1-300x199.jpg 300w, https:\/\/www.portes-de-thierache.fr\/wp-content\/uploads\/2018\/08\/sans-titre-27-1-1024x681.jpg 1024w, https:\/\/www.portes-de-thierache.fr\/wp-content\/uploads\/2018\/08\/sans-titre-27-1-768x511.jpg 768w, https:\/\/www.portes-de-thierache.fr\/wp-content\/uploads\/2018\/08\/sans-titre-27-1-1536x1021.jpg 1536w, https:\/\/www.portes-de-thierache.fr\/wp-content\/uploads\/2018\/08\/sans-titre-27-1-2048x1362.jpg 2048w, https:\/\/www.portes-de-thierache.fr\/wp-content\/uploads\/2018\/08\/sans-titre-27-1-360x240.jpg 360w\" sizes=\"auto, (max-width: 300px) 100vw, 300px\" \/><\/a>\n\t\t\t<\/dt><\/dl><dl class='gallery-item'>\n\t\t\t<dt class='gallery-icon portrait'>\n\t\t\t\t<a href='https:\/\/www.portes-de-thierache.fr\/index.php\/2018\/08\/22\/montcornet\/sans-titre-19-5\/'><img loading=\"lazy\" decoding=\"async\" width=\"199\" height=\"300\" src=\"https:\/\/www.portes-de-thierache.fr\/wp-content\/uploads\/2018\/08\/sans-titre-19-199x300.jpg\" class=\"attachment-medium size-medium\" alt=\"\" srcset=\"https:\/\/www.portes-de-thierache.fr\/wp-content\/uploads\/2018\/08\/sans-titre-19-199x300.jpg 199w, https:\/\/www.portes-de-thierache.fr\/wp-content\/uploads\/2018\/08\/sans-titre-19-681x1024.jpg 681w, https:\/\/www.portes-de-thierache.fr\/wp-content\/uploads\/2018\/08\/sans-titre-19-768x1155.jpg 768w, https:\/\/www.portes-de-thierache.fr\/wp-content\/uploads\/2018\/08\/sans-titre-19-1021x1536.jpg 1021w, https:\/\/www.portes-de-thierache.fr\/wp-content\/uploads\/2018\/08\/sans-titre-19-1362x2048.jpg 1362w, https:\/\/www.portes-de-thierache.fr\/wp-content\/uploads\/2018\/08\/sans-titre-19-scaled.jpg 1702w\" sizes=\"auto, (max-width: 199px) 100vw, 199px\" \/><\/a>\n\t\t\t<\/dt><\/dl>\n\t\t\t<br style='clear: both' \/>\n\t\t<\/div>\n\n","protected":false},"excerpt":{"rendered":"<p>Mairie&nbsp;: Place de l&rsquo;H\u00f4tel de Ville \u2013 02340 MONTCORNET Horaire d&rsquo;ouverture : lundi de 9h \u00e0 12h et de 13h30 \u00e0 16h30 mardi de 9h \u00e0 12h mercredi de 9h \u00e0 12h et de 13h30 \u00e0 16h30 jeudi de 9h \u00e0 12h vendredi de 9h \u00e0 12h et de 13h30<a class=\"moretag\" href=\"https:\/\/www.portes-de-thierache.fr\/index.php\/2018\/08\/22\/montcornet\/\"> Lire la suite<\/a><\/p>\n","protected":false},"author":3,"featured_media":1202,"comment_status":"closed","ping_status":"open","sticky":false,"template":"","format":"standard","meta":{"ngg_post_thumbnail":0,"footnotes":""},"categories":[38],"tags":[],"class_list":["post-1143","post","type-post","status-publish","format-standard","has-post-thumbnail","hentry","category-communes"],"_links":{"self":[{"href":"https:\/\/www.portes-de-thierache.fr\/index.php\/wp-json\/wp\/v2\/posts\/1143","targetHints":{"allow":["GET"]}}],"collection":[{"href":"https:\/\/www.portes-de-thierache.fr\/index.php\/wp-json\/wp\/v2\/posts"}],"about":[{"href":"https:\/\/www.portes-de-thierache.fr\/index.php\/wp-json\/wp\/v2\/types\/post"}],"author":[{"embeddable":true,"href":"https:\/\/www.portes-de-thierache.fr\/index.php\/wp-json\/wp\/v2\/users\/3"}],"replies":[{"embeddable":true,"href":"https:\/\/www.portes-de-thierache.fr\/index.php\/wp-json\/wp\/v2\/comments?post=1143"}],"version-history":[{"count":0,"href":"https:\/\/www.portes-de-thierache.fr\/index.php\/wp-json\/wp\/v2\/posts\/1143\/revisions"}],"wp:featuredmedia":[{"embeddable":true,"href":"https:\/\/www.portes-de-thierache.fr\/index.php\/wp-json\/wp\/v2\/media\/1202"}],"wp:attachment":[{"href":"https:\/\/www.portes-de-thierache.fr\/index.php\/wp-json\/wp\/v2\/media?parent=1143"}],"wp:term":[{"taxonomy":"category","embeddable":true,"href":"https:\/\/www.portes-de-thierache.fr\/index.php\/wp-json\/wp\/v2\/categories?post=1143"},{"taxonomy":"post_tag","embeddable":true,"href":"https:\/\/www.portes-de-thierache.fr\/index.php\/wp-json\/wp\/v2\/tags?post=1143"}],"curies":[{"name":"wp","href":"https:\/\/api.w.org\/{rel}","templated":true}]}}