{"id":1139,"date":"2018-08-22T14:08:38","date_gmt":"2018-08-22T12:08:38","guid":{"rendered":"http:\/\/www.portes-de-thierache.fr\/?p=1139"},"modified":"2025-02-24T10:18:20","modified_gmt":"2025-02-24T09:18:20","slug":"les-autels","status":"publish","type":"post","link":"https:\/\/www.portes-de-thierache.fr\/index.php\/2018\/08\/22\/les-autels\/","title":{"rendered":"Les Autels"},"content":{"rendered":"<p><strong>Mairie<\/strong>&nbsp;: 2, rue du ch\u00e2teau \u2013 02360 LES AUTELS<\/p>\n<p><strong>T\u00e9l&nbsp;<\/strong>: 03.23.97.63.49<\/p>\n<p><strong>Mail :&nbsp;<\/strong><a href=\"mailto:mairie-lesautels@orange.fr\">mairie-lesautels@orange.fr<\/a><\/p>\n<p><strong>Horaire d\u2019ouverture<\/strong> : vendredi de 14h00 \u00e0 16h00<\/p>\n<p><strong>Maire&nbsp;<\/strong>: Eric Hall\u00e9<\/p>\n<p><strong>Secr\u00e9tariat :<\/strong>&nbsp;Alice Borgnet<\/p>\n<p><strong>Population<\/strong> :57 habitants<\/p>\n\n\t\t<style type=\"text\/css\">\n\t\t\t#gallery-1 {\n\t\t\t\tmargin: auto;\n\t\t\t}\n\t\t\t#gallery-1 .gallery-item {\n\t\t\t\tfloat: left;\n\t\t\t\tmargin-top: 10px;\n\t\t\t\ttext-align: center;\n\t\t\t\twidth: 33%;\n\t\t\t}\n\t\t\t#gallery-1 img {\n\t\t\t\tborder: 2px solid #cfcfcf;\n\t\t\t}\n\t\t\t#gallery-1 .gallery-caption {\n\t\t\t\tmargin-left: 0;\n\t\t\t}\n\t\t\t\/* see gallery_shortcode() in wp-includes\/media.php *\/\n\t\t<\/style>\n\t\t<div id='gallery-1' class='gallery galleryid-1139 gallery-columns-3 gallery-size-medium'><dl class='gallery-item'>\n\t\t\t<dt class='gallery-icon landscape'>\n\t\t\t\t<a href='https:\/\/www.portes-de-thierache.fr\/index.php\/2018\/08\/22\/les-autels\/les-autels-28\/'><img loading=\"lazy\" decoding=\"async\" width=\"300\" height=\"199\" src=\"https:\/\/www.portes-de-thierache.fr\/wp-content\/uploads\/2018\/08\/Les-Autels-28-300x199.jpg\" class=\"attachment-medium size-medium\" alt=\"\" srcset=\"https:\/\/www.portes-de-thierache.fr\/wp-content\/uploads\/2018\/08\/Les-Autels-28-300x199.jpg 300w, https:\/\/www.portes-de-thierache.fr\/wp-content\/uploads\/2018\/08\/Les-Autels-28-768x511.jpg 768w, https:\/\/www.portes-de-thierache.fr\/wp-content\/uploads\/2018\/08\/Les-Autels-28-1024x681.jpg 1024w, https:\/\/www.portes-de-thierache.fr\/wp-content\/uploads\/2018\/08\/Les-Autels-28-360x240.jpg 360w\" sizes=\"auto, (max-width: 300px) 100vw, 300px\" \/><\/a>\n\t\t\t<\/dt><\/dl><dl class='gallery-item'>\n\t\t\t<dt class='gallery-icon landscape'>\n\t\t\t\t<a href='https:\/\/www.portes-de-thierache.fr\/index.php\/2018\/08\/22\/les-autels\/les-autels-18\/'><img loading=\"lazy\" decoding=\"async\" width=\"300\" height=\"199\" src=\"https:\/\/www.portes-de-thierache.fr\/wp-content\/uploads\/2018\/08\/Les-Autels-18-300x199.jpg\" class=\"attachment-medium size-medium\" alt=\"\" srcset=\"https:\/\/www.portes-de-thierache.fr\/wp-content\/uploads\/2018\/08\/Les-Autels-18-300x199.jpg 300w, https:\/\/www.portes-de-thierache.fr\/wp-content\/uploads\/2018\/08\/Les-Autels-18-768x511.jpg 768w, https:\/\/www.portes-de-thierache.fr\/wp-content\/uploads\/2018\/08\/Les-Autels-18-1024x681.jpg 1024w, https:\/\/www.portes-de-thierache.fr\/wp-content\/uploads\/2018\/08\/Les-Autels-18-360x240.jpg 360w\" sizes=\"auto, (max-width: 300px) 100vw, 300px\" \/><\/a>\n\t\t\t<\/dt><\/dl><dl class='gallery-item'>\n\t\t\t<dt class='gallery-icon landscape'>\n\t\t\t\t<a href='https:\/\/www.portes-de-thierache.fr\/index.php\/2018\/08\/22\/les-autels\/les-autels-16\/'><img loading=\"lazy\" decoding=\"async\" width=\"300\" height=\"199\" src=\"https:\/\/www.portes-de-thierache.fr\/wp-content\/uploads\/2018\/08\/Les-Autels-16-300x199.jpg\" class=\"attachment-medium size-medium\" alt=\"\" srcset=\"https:\/\/www.portes-de-thierache.fr\/wp-content\/uploads\/2018\/08\/Les-Autels-16-300x199.jpg 300w, https:\/\/www.portes-de-thierache.fr\/wp-content\/uploads\/2018\/08\/Les-Autels-16-768x511.jpg 768w, https:\/\/www.portes-de-thierache.fr\/wp-content\/uploads\/2018\/08\/Les-Autels-16-1024x681.jpg 1024w, https:\/\/www.portes-de-thierache.fr\/wp-content\/uploads\/2018\/08\/Les-Autels-16-360x240.jpg 360w\" sizes=\"auto, (max-width: 300px) 100vw, 300px\" \/><\/a>\n\t\t\t<\/dt><\/dl><br style=\"clear: both\" \/>\n\t\t<\/div>\n\n","protected":false},"excerpt":{"rendered":"<p>Mairie&nbsp;: 2, rue du ch\u00e2teau \u2013 02360 LES AUTELS T\u00e9l&nbsp;: 03.23.97.63.49 Mail :&nbsp;mairie-lesautels@orange.fr Horaire d\u2019ouverture : vendredi de 14h00 \u00e0 16h00 Maire&nbsp;: Eric Hall\u00e9 Secr\u00e9tariat :&nbsp;Alice Borgnet Population :57 habitants<\/p>\n","protected":false},"author":3,"featured_media":1202,"comment_status":"closed","ping_status":"open","sticky":false,"template":"","format":"standard","meta":{"ngg_post_thumbnail":0,"footnotes":""},"categories":[38],"tags":[],"class_list":["post-1139","post","type-post","status-publish","format-standard","has-post-thumbnail","hentry","category-communes"],"_links":{"self":[{"href":"https:\/\/www.portes-de-thierache.fr\/index.php\/wp-json\/wp\/v2\/posts\/1139","targetHints":{"allow":["GET"]}}],"collection":[{"href":"https:\/\/www.portes-de-thierache.fr\/index.php\/wp-json\/wp\/v2\/posts"}],"about":[{"href":"https:\/\/www.portes-de-thierache.fr\/index.php\/wp-json\/wp\/v2\/types\/post"}],"author":[{"embeddable":true,"href":"https:\/\/www.portes-de-thierache.fr\/index.php\/wp-json\/wp\/v2\/users\/3"}],"replies":[{"embeddable":true,"href":"https:\/\/www.portes-de-thierache.fr\/index.php\/wp-json\/wp\/v2\/comments?post=1139"}],"version-history":[{"count":1,"href":"https:\/\/www.portes-de-thierache.fr\/index.php\/wp-json\/wp\/v2\/posts\/1139\/revisions"}],"predecessor-version":[{"id":14094,"href":"https:\/\/www.portes-de-thierache.fr\/index.php\/wp-json\/wp\/v2\/posts\/1139\/revisions\/14094"}],"wp:featuredmedia":[{"embeddable":true,"href":"https:\/\/www.portes-de-thierache.fr\/index.php\/wp-json\/wp\/v2\/media\/1202"}],"wp:attachment":[{"href":"https:\/\/www.portes-de-thierache.fr\/index.php\/wp-json\/wp\/v2\/media?parent=1139"}],"wp:term":[{"taxonomy":"category","embeddable":true,"href":"https:\/\/www.portes-de-thierache.fr\/index.php\/wp-json\/wp\/v2\/categories?post=1139"},{"taxonomy":"post_tag","embeddable":true,"href":"https:\/\/www.portes-de-thierache.fr\/index.php\/wp-json\/wp\/v2\/tags?post=1139"}],"curies":[{"name":"wp","href":"https:\/\/api.w.org\/{rel}","templated":true}]}}