{"id":1135,"date":"2018-08-22T14:07:14","date_gmt":"2018-08-22T12:07:14","guid":{"rendered":"http:\/\/www.portes-de-thierache.fr\/?p=1135"},"modified":"2025-02-20T18:16:31","modified_gmt":"2025-02-20T17:16:31","slug":"la-ville-aux-bois-les-dizy","status":"publish","type":"post","link":"https:\/\/www.portes-de-thierache.fr\/index.php\/2018\/08\/22\/la-ville-aux-bois-les-dizy\/","title":{"rendered":"La-Ville-Aux-Bois-L\u00e8s-Dizy"},"content":{"rendered":"<p style=\"text-align: justify;\"><strong>Mairie<\/strong> : 34, Grande Rue \u2013 02340 LA VILLE-AUX-BOIS-L\u00c8S-DIZY<\/p>\n<p style=\"text-align: justify;\"><strong>T\u00e9l<\/strong>&nbsp;: 03.23.21.37.79<\/p>\n<p style=\"text-align: justify;\"><strong>Mail :&nbsp;<\/strong><a href=\"mailto:mairie.lvbdizy@wanadoo.fr\">mairie.lvbdizy@wanadoo.fr<\/a><\/p>\n<p style=\"text-align: justify;\"><strong>Horaire d&rsquo;ouverture<\/strong> : mardi de 9h \u00e0 12h, jeudi de 13h \u00e0 18h<\/p>\n<p style=\"text-align: justify;\"><strong>Maire<\/strong>&nbsp;: Micka\u00ebl Gerlot<\/p>\n<p style=\"text-align: justify;\"><strong>Secr\u00e9tariat :<\/strong> Delphine DEPERNET<\/p>\n<p style=\"text-align: justify;\"><strong>Population&nbsp;<\/strong>: 208 habitants<\/p>\n<p><strong>Curiosit\u00e9s<\/strong>&nbsp;: calvaire, porche, \u00e9glise Saint-Fiacre<br \/>\nF\u00eate communale : 3\u00e8me dimanche de juillet<br \/>\nBrocante : le 14 juillet<\/p>\n<p style=\"text-align: justify;\"><strong>Un peu d\u2019histoire\u2026<\/strong><\/p>\n<p style=\"text-align: justify;\">La limite nord-est de la commune se mat\u00e9rialise par l\u2019ancienne voie romaine Reims-Bavay.<strong>Le nom de la commune<\/strong>&nbsp;a \u00e9volu\u00e9 avec les \u00e9poques. En 1574, la commune se nomme : la Petite Ville aux Boys, en 1596 : la Ville aux Boys, en 1697 : la Ville aux Bois en Thi\u00e9rache, en 1722 : Dizy la Ville aux Bois et en 1799, le village prend d\u00e9finitivement le nom de \u00ab La Ville-aux-Bois-l\u00e8s-Dizy \u00bb.<\/p>\n<p style=\"text-align: justify;\"><strong>Les seigneurs<\/strong>&nbsp;de la Ville-aux-Bois :<br \/>\n1700 : Jean Brucelles qui a eu pour \u00e9pouse L\u00e9onor Li\u00e9geois, d\u2019o\u00f9 na\u00eetront cinq enfants.<br \/>\n1750 : Henri-Fran\u00e7ois Brucelles, chevalier de Saint-Louis, capitaine au r\u00e9giment du Lyonnais<br \/>\n1786 : Claude Antoine L\u2019\u00c9leu, \u00e9lu d\u00e9put\u00e9 \u00e0 l\u2019Assembl\u00e9e constituante dont il fut nomm\u00e9 secr\u00e9taire. En 1791, il est le premier pr\u00e9sident du Tribunal criminel de l\u2019Aisne.<\/p>\n<p style=\"text-align: justify;\"><strong>L\u2019\u00e9glise<\/strong>&nbsp;date de 1857. Elle est de style gothique, m\u00eal\u00e9 de Renaissance. Le dessus du portail repr\u00e9sente J\u00e9sus-Christ chassant du temple de J\u00e9rusalem les vendeurs et les acheteurs. Les vitraux du ch\u0153ur datent de 1861 et 1880. Ils repr\u00e9sentent les tableaux de l\u2019Ancien et du Nouveau Testaments. Les fonds baptismaux datent de 1634, ils ont \u00e9t\u00e9 restaur\u00e9s en 1897.<br \/>\nEn 1870, l\u2019abb\u00e9 Degand ouvre l\u2019orphelinat Saint-Joseph.<\/p>\n<p style=\"text-align: justify;\">Le 9 juillet 1905, un violent cyclone s\u2019abat sur la commune.<\/p>\n<p style=\"text-align: justify;\">La cloche actuelle est baptis\u00e9e en 1922 du nom&nbsp; de Henriette-Marguerite en remplacement de C\u00e9sarine Elisa (b\u00e9nite en 1843), victime d\u2019un saccage allemand en 1917.<\/p>\n<p>En mai 1940&nbsp;: destruction du clocher, suite \u00e0 une confusion avec l\u2019\u00e9glise de Montcornet, le lieutenant Schmit d\u00e9signe le clocher de l\u2019\u00e9glise de la Ville-aux-Bois comme cible et tire un obus. Le clocher vole en \u00e9clat ; les vergers, les lisi\u00e8res du bourg et les maisons sont cribl\u00e9s \u00e0 la mitrailleuse et au canon.<\/p>\n<p style=\"text-align: justify;\">Le 17 mai 1940, le 46\u00e8me bataillon de chars de la 4\u00e8me division, men\u00e9 par le commandant&nbsp; Bescond re\u00e7oit l\u2019ordre du colonel de Gaulle de reprendre Montcornet. Il se bat vaillamment contre des&nbsp; tanks allemands. Sur le terrain, resteront 12 chars allemands et cinq chars fran\u00e7ais dont le Sampiero Corso avec \u00e0 son bord le commandant, un lieutenant et six hommes qui p\u00e9rirent lors de l\u2019assaut.<\/p>\n\n\t\t<style type=\"text\/css\">\n\t\t\t#gallery-1 {\n\t\t\t\tmargin: auto;\n\t\t\t}\n\t\t\t#gallery-1 .gallery-item {\n\t\t\t\tfloat: left;\n\t\t\t\tmargin-top: 10px;\n\t\t\t\ttext-align: center;\n\t\t\t\twidth: 33%;\n\t\t\t}\n\t\t\t#gallery-1 img {\n\t\t\t\tborder: 2px solid #cfcfcf;\n\t\t\t}\n\t\t\t#gallery-1 .gallery-caption {\n\t\t\t\tmargin-left: 0;\n\t\t\t}\n\t\t\t\/* see gallery_shortcode() in wp-includes\/media.php *\/\n\t\t<\/style>\n\t\t<div id='gallery-1' class='gallery galleryid-1135 gallery-columns-3 gallery-size-medium'><dl class='gallery-item'>\n\t\t\t<dt class='gallery-icon landscape'>\n\t\t\t\t<a href='https:\/\/www.portes-de-thierache.fr\/index.php\/2018\/08\/22\/la-ville-aux-bois-les-dizy\/la-ville-aux-bois-les-dizy-1\/'><img loading=\"lazy\" decoding=\"async\" width=\"300\" height=\"199\" src=\"https:\/\/www.portes-de-thierache.fr\/wp-content\/uploads\/2018\/08\/La-Ville-aux-Bois-les-Dizy-1-300x199.jpg\" class=\"attachment-medium size-medium\" alt=\"\" srcset=\"https:\/\/www.portes-de-thierache.fr\/wp-content\/uploads\/2018\/08\/La-Ville-aux-Bois-les-Dizy-1-300x199.jpg 300w, https:\/\/www.portes-de-thierache.fr\/wp-content\/uploads\/2018\/08\/La-Ville-aux-Bois-les-Dizy-1-768x511.jpg 768w, https:\/\/www.portes-de-thierache.fr\/wp-content\/uploads\/2018\/08\/La-Ville-aux-Bois-les-Dizy-1-1024x681.jpg 1024w, https:\/\/www.portes-de-thierache.fr\/wp-content\/uploads\/2018\/08\/La-Ville-aux-Bois-les-Dizy-1-360x240.jpg 360w\" sizes=\"auto, (max-width: 300px) 100vw, 300px\" \/><\/a>\n\t\t\t<\/dt><\/dl><dl class='gallery-item'>\n\t\t\t<dt class='gallery-icon landscape'>\n\t\t\t\t<a href='https:\/\/www.portes-de-thierache.fr\/index.php\/2018\/08\/22\/la-ville-aux-bois-les-dizy\/la-ville-aux-bois-les-dizy-6\/'><img loading=\"lazy\" decoding=\"async\" width=\"300\" height=\"199\" src=\"https:\/\/www.portes-de-thierache.fr\/wp-content\/uploads\/2018\/08\/La-Ville-aux-Bois-les-Dizy-6-300x199.jpg\" class=\"attachment-medium size-medium\" alt=\"\" srcset=\"https:\/\/www.portes-de-thierache.fr\/wp-content\/uploads\/2018\/08\/La-Ville-aux-Bois-les-Dizy-6-300x199.jpg 300w, https:\/\/www.portes-de-thierache.fr\/wp-content\/uploads\/2018\/08\/La-Ville-aux-Bois-les-Dizy-6-768x511.jpg 768w, https:\/\/www.portes-de-thierache.fr\/wp-content\/uploads\/2018\/08\/La-Ville-aux-Bois-les-Dizy-6-1024x681.jpg 1024w, https:\/\/www.portes-de-thierache.fr\/wp-content\/uploads\/2018\/08\/La-Ville-aux-Bois-les-Dizy-6-360x240.jpg 360w\" sizes=\"auto, (max-width: 300px) 100vw, 300px\" \/><\/a>\n\t\t\t<\/dt><\/dl><dl class='gallery-item'>\n\t\t\t<dt class='gallery-icon landscape'>\n\t\t\t\t<a href='https:\/\/www.portes-de-thierache.fr\/index.php\/2018\/08\/22\/la-ville-aux-bois-les-dizy\/la-ville-aux-bois-les-dizy-8\/'><img loading=\"lazy\" decoding=\"async\" width=\"300\" height=\"199\" src=\"https:\/\/www.portes-de-thierache.fr\/wp-content\/uploads\/2018\/08\/La-Ville-aux-Bois-les-Dizy-8-300x199.jpg\" class=\"attachment-medium size-medium\" alt=\"\" srcset=\"https:\/\/www.portes-de-thierache.fr\/wp-content\/uploads\/2018\/08\/La-Ville-aux-Bois-les-Dizy-8-300x199.jpg 300w, https:\/\/www.portes-de-thierache.fr\/wp-content\/uploads\/2018\/08\/La-Ville-aux-Bois-les-Dizy-8-768x511.jpg 768w, https:\/\/www.portes-de-thierache.fr\/wp-content\/uploads\/2018\/08\/La-Ville-aux-Bois-les-Dizy-8-1024x681.jpg 1024w, https:\/\/www.portes-de-thierache.fr\/wp-content\/uploads\/2018\/08\/La-Ville-aux-Bois-les-Dizy-8-360x240.jpg 360w\" sizes=\"auto, (max-width: 300px) 100vw, 300px\" \/><\/a>\n\t\t\t<\/dt><\/dl><br style=\"clear: both\" \/>\n\t\t<\/div>\n\n","protected":false},"excerpt":{"rendered":"<p>Mairie : 34, Grande Rue \u2013 02340 LA VILLE-AUX-BOIS-L\u00c8S-DIZY T\u00e9l&nbsp;: 03.23.21.37.79 Mail :&nbsp;mairie.lvbdizy@wanadoo.fr Horaire d&rsquo;ouverture : mardi de 9h \u00e0 12h, jeudi de 13h \u00e0 18h Maire&nbsp;: Micka\u00ebl Gerlot Secr\u00e9tariat : Delphine DEPERNET Population&nbsp;: 208 habitants Curiosit\u00e9s&nbsp;: calvaire, porche, \u00e9glise Saint-Fiacre F\u00eate communale : 3\u00e8me dimanche de juillet Brocante :<a class=\"moretag\" href=\"https:\/\/www.portes-de-thierache.fr\/index.php\/2018\/08\/22\/la-ville-aux-bois-les-dizy\/\"> Lire la suite<\/a><\/p>\n","protected":false},"author":3,"featured_media":1202,"comment_status":"closed","ping_status":"open","sticky":false,"template":"","format":"standard","meta":{"ngg_post_thumbnail":0,"footnotes":""},"categories":[38],"tags":[],"class_list":["post-1135","post","type-post","status-publish","format-standard","has-post-thumbnail","hentry","category-communes"],"_links":{"self":[{"href":"https:\/\/www.portes-de-thierache.fr\/index.php\/wp-json\/wp\/v2\/posts\/1135","targetHints":{"allow":["GET"]}}],"collection":[{"href":"https:\/\/www.portes-de-thierache.fr\/index.php\/wp-json\/wp\/v2\/posts"}],"about":[{"href":"https:\/\/www.portes-de-thierache.fr\/index.php\/wp-json\/wp\/v2\/types\/post"}],"author":[{"embeddable":true,"href":"https:\/\/www.portes-de-thierache.fr\/index.php\/wp-json\/wp\/v2\/users\/3"}],"replies":[{"embeddable":true,"href":"https:\/\/www.portes-de-thierache.fr\/index.php\/wp-json\/wp\/v2\/comments?post=1135"}],"version-history":[{"count":1,"href":"https:\/\/www.portes-de-thierache.fr\/index.php\/wp-json\/wp\/v2\/posts\/1135\/revisions"}],"predecessor-version":[{"id":13963,"href":"https:\/\/www.portes-de-thierache.fr\/index.php\/wp-json\/wp\/v2\/posts\/1135\/revisions\/13963"}],"wp:featuredmedia":[{"embeddable":true,"href":"https:\/\/www.portes-de-thierache.fr\/index.php\/wp-json\/wp\/v2\/media\/1202"}],"wp:attachment":[{"href":"https:\/\/www.portes-de-thierache.fr\/index.php\/wp-json\/wp\/v2\/media?parent=1135"}],"wp:term":[{"taxonomy":"category","embeddable":true,"href":"https:\/\/www.portes-de-thierache.fr\/index.php\/wp-json\/wp\/v2\/categories?post=1135"},{"taxonomy":"post_tag","embeddable":true,"href":"https:\/\/www.portes-de-thierache.fr\/index.php\/wp-json\/wp\/v2\/tags?post=1135"}],"curies":[{"name":"wp","href":"https:\/\/api.w.org\/{rel}","templated":true}]}}