{"id":1091,"date":"2018-08-20T12:02:59","date_gmt":"2018-08-20T10:02:59","guid":{"rendered":"http:\/\/www.portes-de-thierache.fr\/?p=1091"},"modified":"2026-03-31T18:30:46","modified_gmt":"2026-03-31T16:30:46","slug":"les-30-communes","status":"publish","type":"post","link":"https:\/\/www.portes-de-thierache.fr\/index.php\/2018\/08\/20\/les-30-communes\/","title":{"rendered":"Les 30 communes"},"content":{"rendered":"<p style=\"text-align: left;\"><strong>La Communaut\u00e9 de Communes des Portes de Thi\u00e9rache est compos\u00e9e de 30 communes :<\/strong><\/p>\n<p style=\"text-align: left;\">Cliquez sur le panneau communal et vous obtiendrez de nombreuses informations sur la commune (permanences mairie, histoire, sites remarquables, etc.)<\/p>\n<p><img decoding=\"async\" src=\"https:\/\/www.portes-de-thierache.fr\/wp-content\/uploads\/2018\/08\/Carte-d\u00e9tour\u00e9e-CCPT-Noms-communeslogo.png\" alt=\"\" usemap=\"#map1543845173795\"><\/p>\n<p><span style=\"font-size: 18pt;\"><strong>INFORMATIONS MAIRIES<\/strong><\/span><\/p>\n<p><strong>ARCHON<\/strong><\/p>\n<p><strong>Rue principale \u2013 02360 Archon<\/strong><\/p>\n<p><strong>T\u00e9l.: <\/strong><strong>03.23.98.84.14<\/strong><\/p>\n<p><strong>Mail.: <\/strong><a href=\"mailto:commune-d-archon@orange.fr\">commune-d-archon@orange.fr<\/a><\/p>\n<p><strong>Population<\/strong><strong>&nbsp;: <\/strong><strong>88 Archonais<\/strong><\/p>\n<p><strong>Maire&nbsp;: <\/strong><strong>Nicolas DUFOURG<\/strong><\/p>\n<p><strong>Secr\u00e9taire&nbsp;: <\/strong><strong>Marie-Pierre BOULANDE<\/strong><\/p>\n<p><strong>Horaires d\u2019ouverture : <\/strong><strong>mercredi de 9h00 \u00e0 11h00<\/strong><\/p>\n<p><span>&nbsp;<\/span><\/p>\n<p><strong>BERLISE<\/strong><\/p>\n<p><strong>15, rue du Hurtaut &#8211; 02340 Berlise<\/strong><\/p>\n<p><strong>T\u00e9l.: <\/strong><strong>03.23.21.30.34<\/strong><\/p>\n<p><strong>Mail.: <\/strong><a href=\"mailto:mairie-berlise@orange.fr\">mairie-berlise@orange.fr<\/a><\/p>\n<p><strong>Population&nbsp;: <\/strong><strong>107 Berlisois<\/strong><\/p>\n<p><strong>Maire&nbsp;: <\/strong><strong>Micka\u00ebl JACQUES<\/strong><\/p>\n<p><strong>Secr\u00e9taire&nbsp;: <\/strong><strong>Sarah LAPLACE<\/strong><\/p>\n<p><strong>Horaires d\u2019ouverture : <\/strong><strong>lundi de 13h30 \u00e0 18h30<\/strong><\/p>\n<p><strong>&nbsp;<\/strong><\/p>\n<p><strong>BRUNEHAMEL<\/strong><\/p>\n<p><strong>17, place de Mai 40 &#8211; 02360 Brunehamel<\/strong><\/p>\n<p><strong>T\u00e9l.: <\/strong><strong>03.23.97.60.22<\/strong><\/p>\n<p><strong>Mail.: <\/strong><a href=\"mailto:mairiebrunehamel@orange.fr\">mairiebrunehamel@orange.fr<\/a><\/p>\n<p><strong>Population&nbsp;: <\/strong><strong>456 Brunehamelois<\/strong><\/p>\n<p><strong>Maire&nbsp;: <\/strong><strong>Alexandre BIENFAIT<\/strong><\/p>\n<p><strong>Secr\u00e9taire&nbsp;: <\/strong><strong>Audrey WUILLIOT<\/strong><\/p>\n<p><strong>Horaires d\u2019ouverture&nbsp;: <\/strong><\/p>\n<ul>\n<li><strong> <\/strong><strong>lundi de 13h15 \u00e0 17h15<\/strong><\/li>\n<li><strong> <\/strong><strong>mardi de 8h45 \u00e0 12h15<\/strong><\/li>\n<li><strong> <\/strong><strong>jeudi de 13h15 \u00e0 17h15<\/strong><\/li>\n<li><strong> <\/strong><strong>vendredi de 13h15 \u00e0 16h15<\/strong><\/li>\n<\/ul>\n<p><strong>&nbsp;<\/strong><\/p>\n<p><strong>CHAOURSE<\/strong><\/p>\n<p><strong>4, rue du moulin &#8211; 02340 Chaourse<\/strong><\/p>\n<p><strong>T\u00e9l.:<\/strong><strong>03.23.21.36.33 \/ 09.64.39.74.56<\/strong><\/p>\n<p><strong>Mail.: <\/strong><a href=\"mailto:mairiechaourse@orange.fr\">mairiechaourse@orange.fr<\/a><\/p>\n<p><strong>Population&nbsp;: <\/strong><strong>544 Chaoursiens<\/strong><\/p>\n<p><strong>Maire : Sylvain DUPONT<\/strong><\/p>\n<p><strong>Secr\u00e9taire&nbsp;: <\/strong><strong>Audrey WUILLIOT<\/strong><\/p>\n<p><strong>Horaires d\u2019ouverture : <\/strong><strong>lundi, mercredi et vendredi de 8h45 \u00e0 11h45<\/strong><\/p>\n<p><strong>&nbsp;<\/strong><\/p>\n<p><strong>CH\u00c9RY-LES-ROZOY<\/strong><\/p>\n<p><strong>2, rue de Rozoy-sur-Serre &#8211; 02360 Ch\u00e9ry-les-Rozoy<\/strong><\/p>\n<p><strong>T\u00e9l.: <\/strong><strong>03.23.98.26.12<\/strong><\/p>\n<p><strong>Mail.: <\/strong><a href=\"mailto:cherylesrozoy@gmail.com\">cherylesrozoy@gmail.com<\/a><\/p>\n<p><strong>Population&nbsp;: <\/strong><strong>80 Ch\u00e9ryacois<\/strong><\/p>\n<p><strong>Maire&nbsp;: <\/strong><strong>Fabrice LUCE<\/strong><\/p>\n<p><strong>Secr\u00e9taire&nbsp;: <\/strong><strong>Fabien CAIGNIET<\/strong><\/p>\n<p><strong>Horaires d\u2019ouverture : <\/strong><strong>mercredi de 13h00 \u00e0 16h30<\/strong><\/p>\n<p><strong>&nbsp;<\/strong><\/p>\n<p><strong>CLERMONT-LES-FERMES<\/strong><\/p>\n<p><strong>1, route de Boncourt &#8211; 02340 Clermont-les-Fermes<\/strong><\/p>\n<p><strong>T\u00e9l.: <\/strong><strong>03.23.22.70.64<\/strong><\/p>\n<p><strong>Mail.: <\/strong><a href=\"mailto:mairie.clermontlesfermes@orange.fr\">mairie.clermontlesfermes@orange.fr<\/a><\/p>\n<p><strong>Population&nbsp;: <\/strong><strong>113 Clermontois<\/strong><\/p>\n<p><strong>Maire&nbsp;: <\/strong><strong>Laurent GARD<\/strong><\/p>\n<p><strong>Secr\u00e9taire&nbsp;: <\/strong><strong>Armelle POTTIER<\/strong><\/p>\n<p><strong>Horaires d\u2019ouverture : <\/strong><strong>lundi de 14h00 \u00e0 18h00 et jeudi de 8h30 \u00e0 12h30<\/strong><\/p>\n<p><strong>&nbsp;<\/strong><\/p>\n<p><strong>CUIRY-LES-IVIERS<\/strong><\/p>\n<p><strong>Rue principale &#8211; 02360 Cuiry-l\u00e8s-Iviers<\/strong><\/p>\n<p><strong>T\u00e9l.: <\/strong><strong>03 23 98 85 64<\/strong><\/p>\n<p><strong>Mail.: <\/strong><a href=\"mailto:mairiecuiry@orange.fr\">mairiecuiry@orange.fr<\/a><\/p>\n<p><strong>Population&nbsp;: <\/strong><strong>27 Cuiryens<\/strong><\/p>\n<p><strong>Maire&nbsp;: <\/strong><strong>Faustin GUILMART<\/strong><\/p>\n<p><strong>Secr\u00e9taire&nbsp;: <\/strong><strong>Christelle BERNAILLE<\/strong><\/p>\n<p><strong>Horaires d\u2019ouverture : <\/strong><strong>lundi de 8h00 \u00e0 12h00<\/strong><\/p>\n<p><strong>&nbsp;<\/strong><\/p>\n<p><strong>DAGNY-LAMBERCY<\/strong><\/p>\n<p><strong>2, rue de Verdun &#8211; 02140 Dagny-Lambercy<\/strong><\/p>\n<p><strong>T\u00e9l.: <\/strong><strong>03.23.98.56.08<\/strong><\/p>\n<p><strong>Mail.: <\/strong><a href=\"mailto:mairiededagny@orange.fr\">mairiededagny@orange.fr<\/a><\/p>\n<p><strong>Population&nbsp;: <\/strong><strong>126 Dagnysiens<\/strong><\/p>\n<p><strong>Maire&nbsp;: <\/strong><strong>Pierre DIDIER<\/strong><\/p>\n<p><strong>Secr\u00e9taire&nbsp;: <\/strong><strong>Christelle BERNAILLE<\/strong><\/p>\n<p><strong>Horaires d\u2019ouverture&nbsp;: <\/strong><\/p>\n<ul>\n<li><strong> <\/strong><strong>mardi de 9h00 \u00e0 12h00<\/strong><\/li>\n<li><strong> <\/strong><strong>jeudi de 14h00 \u00e0 17h00<\/strong><\/li>\n<\/ul>\n<p><strong>&nbsp;<\/strong><\/p>\n<p><strong>DIZY-LE-GROS<\/strong><\/p>\n<p><strong>1, rue de Clermont &#8211; 02340 Dizy-le-Gros<\/strong><\/p>\n<p><strong>T\u00e9l.: <\/strong><strong>03.23.21.23.16<\/strong><\/p>\n<p><strong>Mail.: <\/strong><a href=\"mailto:mairie-dizy-le-gros@wanadoo.fr\">mairie-dizy-le-gros@wanadoo.fr<\/a><\/p>\n<p><strong>Population&nbsp;: <\/strong><strong>738 Dizois <\/strong><\/p>\n<p><strong>Maire&nbsp;: <\/strong><strong>Martin APPERT<\/strong><\/p>\n<p><strong>Secr\u00e9taire&nbsp;: <\/strong><strong>B\u00e9atrice COULBEAUT \/ St\u00e9phanie DOLIGNON<\/strong><\/p>\n<p><strong>Horaires d\u2019ouverture&nbsp;: <\/strong><\/p>\n<ul>\n<li><strong>Du lundi au vendredi de 9h \u00e0 12h.<\/strong><\/li>\n<\/ul>\n<p><strong>&nbsp;<\/strong><\/p>\n<p><strong>DOHIS<\/strong><\/p>\n<p><strong>Rue principale &#8211; 02360 Dohis<\/strong><\/p>\n<p><strong>T\u00e9l.: <\/strong><strong>03.23.97.61.14<\/strong><\/p>\n<p><strong>Mail.: <\/strong><a href=\"mailto:mairie.dohis@outlook.fr\">mairie.dohis@outlook.fr<\/a><\/p>\n<p><strong>Population&nbsp;: <\/strong><strong>99 Dohisois<\/strong><\/p>\n<p><strong>Maire&nbsp;: <\/strong><strong>Alain LATOUR<\/strong><\/p>\n<p><strong>Secr\u00e9taire&nbsp;: <\/strong><strong>Marie-Paule HARDY<\/strong><\/p>\n<p><strong>Horaires d\u2019ouverture&nbsp;: <\/strong><\/p>\n<ul>\n<li><strong>mardi de 14h00 \u00e0 18h00<\/strong><\/li>\n<li><strong>vendredi de 14h00 \u00e0 16h00<\/strong><\/li>\n<\/ul>\n<p><strong>&nbsp;<\/strong><\/p>\n<p><strong>DOLIGNON<\/strong><\/p>\n<p><strong>8, chemin de l\u2019\u00e9cole &#8211; 02360 Dolignon<\/strong><\/p>\n<p><strong>T\u00e9l.: <\/strong><strong>03.23.98.23.05<\/strong><\/p>\n<p><strong>Mail.: <\/strong><a href=\"mailto:mairie-de-dolignon@orange.fr\">mairie-de-dolignon02@orange.fr<\/a><\/p>\n<p><strong>Population&nbsp;: <\/strong><strong>47 Dolignonais<\/strong><\/p>\n<p><strong>Maire&nbsp;: Corinne BIENAIM\u00c9<\/strong><\/p>\n<p><strong>Secr\u00e9taire&nbsp;: <\/strong><strong>Christelle BERNAILLE<\/strong><\/p>\n<p><strong>Horaires d\u2019ouverture : <\/strong><strong>lundi de 14h00 \u00e0 17h00<\/strong><\/p>\n<p><strong>&nbsp;<\/strong><\/p>\n<p><strong>&nbsp;<\/strong><\/p>\n<p><strong>GRANDRIEUX<\/strong><\/p>\n<p><strong>1, place de la Mairie &#8211; 02360 Grandrieux<\/strong><\/p>\n<p><strong>T\u00e9l.: <\/strong><strong>03.23.97.19.94<\/strong><\/p>\n<p><strong>Mail.: <\/strong><a href=\"mailto:commune.grandrieux@orange.fr\">commune.grandrieux@orange.fr<\/a><\/p>\n<p><strong>Population&nbsp;: <\/strong><strong>82 Grandrieusiens<\/strong><\/p>\n<p><strong>Maire&nbsp;: <\/strong><strong>Vincent NICE<\/strong><\/p>\n<p><strong>Secr\u00e9taire&nbsp;: <\/strong><strong>Sabrina CHAUDRILLER<\/strong><\/p>\n<p><strong>Horaires d\u2019ouverture : <\/strong><strong>mardi de 9h30 \u00e0 11h30<\/strong><\/p>\n<p><strong>&nbsp;<\/strong><\/p>\n<p><strong>LA VILLE-AUX-BOIS-LES-DIZY<\/strong><\/p>\n<p><strong>34, Grande rue &#8211; 02340 La Ville-aux-Bois-les-Dizy<\/strong><\/p>\n<p><strong>T\u00e9l.: <\/strong><strong>03.23.21.37.79<\/strong><\/p>\n<p><strong>Mail.: <\/strong><a href=\"mailto:mairie.lvbdizy@wanadoo.fr\">mairie.lvbdizy@wanadoo.fr<\/a><\/p>\n<p><strong>Population&nbsp;:<\/strong><strong> 208 Villeboisiens<\/strong><\/p>\n<p><strong>Maire&nbsp;: <\/strong><strong>Mickael GERLOT<\/strong><\/p>\n<p><strong>Secr\u00e9taire&nbsp;: <\/strong><strong>Delphine D\u00c9PERNET<\/strong><\/p>\n<p><strong>Horaires d\u2019ouverture&nbsp;: <\/strong><\/p>\n<ul>\n<li><strong>mardi de 09h00 \u00e0 12h00<\/strong><\/li>\n<li><strong>jeudi de 13h00 \u00e0 18h00<\/strong><\/li>\n<\/ul>\n<p><strong>&nbsp;<\/strong><\/p>\n<p><strong>LE THUEL<\/strong><\/p>\n<p><strong>23, Grande rue &#8211; 02340 Le Thuel<\/strong><\/p>\n<p><strong>T\u00e9l.: <\/strong><strong>03.23.21.33.83<\/strong><\/p>\n<p><strong>Mail.: <\/strong><a href=\"mailto:mairie-le-thuel02@orange.fr\">mairie-le-thuel02@orange.fr<\/a><\/p>\n<p><strong>Population&nbsp;: <\/strong><strong>161 Thuellois<\/strong><\/p>\n<p><strong>Maire&nbsp;: <\/strong><strong>David VAN DEN HENDE<\/strong><\/p>\n<p><strong>Secr\u00e9taire&nbsp;: <\/strong><strong>C\u00e9line LEMAIRE<\/strong><\/p>\n<p><strong>Horaires d\u2019ouverture&nbsp;: <\/strong><\/p>\n<ul>\n<li><strong> <\/strong><strong>lundi de 16h00 \u00e0 18h00<\/strong><\/li>\n<li><strong> <\/strong><strong>jeudi de 16h00 \u00e0 18h00<\/strong><\/li>\n<\/ul>\n<p><strong>&nbsp;<\/strong><\/p>\n<p><strong>LES AUTELS<\/strong><\/p>\n<p><strong>2, rue du ch\u00e2teau &#8211; 02360 Les Autels<\/strong><\/p>\n<p><strong>T\u00e9l.: <\/strong><strong>03.23.97.63.49<\/strong><\/p>\n<p><strong>Mail.: <\/strong><a href=\"mailto:mairie-lesautels@orange.fr\">mairie-lesautels@orange.fr<\/a><\/p>\n<p><strong>Population&nbsp;: <\/strong><strong>77<\/strong> <strong>Autelois<\/strong><\/p>\n<p><strong>Maire&nbsp;: <\/strong><strong>Eric HALL\u00c9<\/strong><\/p>\n<p><strong>Secr\u00e9taire&nbsp;: <\/strong><strong>Alice BORGNET<\/strong><\/p>\n<p><strong>Horaires d\u2019ouverture : <\/strong><strong>vendredi de 14h00 \u00e0 16h00<\/strong><\/p>\n<p><strong>&nbsp;<\/strong><\/p>\n<p><strong>LISLET<\/strong><\/p>\n<p><strong>2, rue Montelette &#8211; 02340 Lislet<\/strong><\/p>\n<p><strong>T\u00e9l.: <\/strong><strong>03.23.21.36.44<\/strong><\/p>\n<p><strong>Mail.: <\/strong><a href=\"mailto:mairie.lislet@sfr.fr\">mairielislet@gmail.com<\/a><\/p>\n<p><strong>Population&nbsp;: <\/strong><strong>223 Lisletois<\/strong><\/p>\n<p><strong>Maire&nbsp;: <\/strong><strong>Jean-Michel POTARD<\/strong><\/p>\n<p><strong>Secr\u00e9taire&nbsp;: <\/strong><strong>Christelle BERNAILLE<\/strong><\/p>\n<p><strong>Horaires d\u2019ouverture&nbsp;: <\/strong><\/p>\n<ul>\n<li><strong> <\/strong><strong>mercredi de 8h30 \u00e0 12h00<\/strong><\/li>\n<li><strong> <\/strong><strong>vendredi de 8h30 \u00e0 12h00 et de 16h30 \u00e0 18h30<\/strong><\/li>\n<\/ul>\n<p><strong>&nbsp;<\/strong><\/p>\n<p><strong>MONTCORNET<\/strong><\/p>\n<p><strong>Place de l\u2019H\u00f4tel de ville &#8211; 02340 Montcornet<\/strong><\/p>\n<p><strong>T\u00e9l.: <\/strong><strong>03.23.21.73.20<\/strong><\/p>\n<p><strong>Mail.: <\/strong><a href=\"mailto:mairie@montcornet.fr\">mairie@montcornet.fr<\/a><\/p>\n<p><strong>Population&nbsp;: <\/strong><strong>1 328 Montcornetois<\/strong><\/p>\n<p><strong>Maire&nbsp;: <\/strong><strong>Thomas HENNEQUIN<\/strong><\/p>\n<p><strong>Secr\u00e9taire&nbsp;: <\/strong><strong>\u00c9meline GILLET<\/strong><\/p>\n<p><strong>Horaires d\u2019ouverture&nbsp;: <\/strong><\/p>\n<ul>\n<li><strong> <\/strong><strong>lundi de 9h00 \u00e0 12h00 et de 13h30 \u00e0 16h30<\/strong><\/li>\n<li><strong> <\/strong><strong>mardi de 9h00 \u00e0 12h00<\/strong><\/li>\n<li><strong> <\/strong><strong>mercredi de 9h00 \u00e0 12h00 et de 13h30 \u00e0 16h30<\/strong><\/li>\n<li><strong> <\/strong><strong>jeudi de 9h00 \u00e0 12h00<\/strong><\/li>\n<li><strong> <\/strong><strong>vendredi de 9h00 \u00e0 12h00 et de 13h30 \u00e0 16h30<\/strong><\/li>\n<\/ul>\n<p><strong>&nbsp;<\/strong><\/p>\n<p><strong>MONTLOU\u00c9<\/strong><\/p>\n<p><strong>2, rue des \u00e9coles &#8211; 02340 Montlou\u00e9<\/strong><\/p>\n<p><strong>T\u00e9l.: <\/strong><strong>03.23.21.34.18<\/strong><\/p>\n<p><strong>Mail.: <\/strong><a href=\"mailto:mairiedemontloue@orange.fr\">mairiedemontloue@orange.fr<\/a><\/p>\n<p><strong>Population&nbsp;: <\/strong><strong>187 Montlou\u00e9siens<\/strong><\/p>\n<p><strong>Maire&nbsp;: <\/strong><strong>V\u00e9ronique TRAMUT<\/strong><\/p>\n<p><strong>Secr\u00e9taire&nbsp;: <\/strong><strong>Marie-Paule HARDY<\/strong><\/p>\n<p><strong>Horaires d\u2019ouverture&nbsp;: <\/strong><\/p>\n<ul>\n<li><strong> <\/strong><strong>lundi de 14h00 \u00e0 16h00<\/strong><\/li>\n<li><strong> <\/strong><strong>jeudi de 10h00 \u00e0 12h00<\/strong><\/li>\n<li><strong>permanence t\u00e9l\u00e9phonique de 10h \u00e0 17h sur ces 2 journ\u00e9es<\/strong><\/li>\n<\/ul>\n<p><strong>&nbsp;<\/strong><\/p>\n<p><strong>MORGNY-EN-THI\u00c9RACHE<\/strong><\/p>\n<p><strong>6, rue des lavoirs &#8211; 02360 Morgny-en-Thi\u00e9rache<\/strong><\/p>\n<p><strong>T\u00e9l.: <\/strong><strong>03.23.97.70.50<\/strong><\/p>\n<p><strong>Mail.: <\/strong><a href=\"mailto:commune-morgny-thierache@orange.fr\">commune-morgny-thierache@orange.fr<\/a><\/p>\n<p><strong>Population&nbsp;: <\/strong><strong>94 Morigniens<\/strong><\/p>\n<p><strong>Maire&nbsp;: <\/strong><strong>Herv\u00e9 LECLERCQ<\/strong><\/p>\n<p><strong>Secr\u00e9taire&nbsp;: <\/strong><strong>Christelle BERNAILLE<\/strong><\/p>\n<p><strong>Horaires d\u2019ouverture&nbsp;: <\/strong><\/p>\n<ul>\n<li><strong> <\/strong><strong>mardi de 14h00 \u00e0 17h00<\/strong><\/li>\n<li><strong> <\/strong><strong>jeudi de 9h00 \u00e0 12h00<\/strong><\/li>\n<\/ul>\n<p><strong>&nbsp;<\/strong><\/p>\n<p><strong>NOIRCOURT<\/strong><\/p>\n<p><strong>3, route de Rozoy &#8211; 02340 NOIRCOURT<\/strong><\/p>\n<p><strong>T\u00e9l.: <\/strong><strong>03.23.21.29.88<\/strong><\/p>\n<p><strong>Mail.: <\/strong><a href=\"mailto:mairie.noircourt@wanadoo.fr\">mairie.noircourt@wanadoo.fr<\/a><\/p>\n<p><strong>Population&nbsp;: <\/strong><strong>81 Noircourtois<\/strong><\/p>\n<p><strong>Maire&nbsp;: <\/strong><strong>Th\u00e9r\u00e8se MONARQUE<\/strong><\/p>\n<p><strong>Secr\u00e9taire&nbsp;: <\/strong><strong>Sabrina CHAUDRILLER<\/strong><\/p>\n<p><strong>Horaires d\u2019ouverture&nbsp;: <\/strong><\/p>\n<ul>\n<li><strong> <\/strong><strong>lundi de 14h00 \u00e0 17h00<\/strong><\/li>\n<li><strong> <\/strong><strong>jeudi de 9h30 \u00e0 11h45<\/strong><\/li>\n<\/ul>\n<p><strong>&nbsp;<\/strong><\/p>\n<p><strong>PARFONDEVAL<\/strong><\/p>\n<p><strong>Rue de la place &#8211; 02360 Parfondeval<\/strong><\/p>\n<p><strong>T\u00e9l.: <\/strong><strong>03.23.97.78.97<\/strong><\/p>\n<p><strong>Mail.: <\/strong><a href=\"mailto:commune.parfondeval@orange.fr\">commune.parfondeval@orange.fr<\/a><\/p>\n<p><strong>Population&nbsp;: <\/strong><strong>141 Parfondevalois<\/strong><\/p>\n<p><strong>Maire&nbsp;: <\/strong><strong>S\u00e9bastien CURY<\/strong><\/p>\n<p><strong>Secr\u00e9taire&nbsp;: <\/strong><strong>Marie-Pierre BOULANDE<\/strong><\/p>\n<p><strong>Horaires d\u2019ouverture&nbsp;: <\/strong><\/p>\n<ul>\n<li><strong> <\/strong><strong>mercredi de 14h00 \u00e0 17h00<\/strong><\/li>\n<li><strong> <\/strong><strong>vendredi de 9h00 \u00e0 12h00<\/strong><\/li>\n<\/ul>\n<p><strong>&nbsp;<\/strong><\/p>\n<p><strong>RAILLIMONT<\/strong><\/p>\n<p><strong>42, Grande rue &#8211; 02360 Raillimont<\/strong><\/p>\n<p><strong>T\u00e9l.: <\/strong><strong>03.23.98.55.29<\/strong><\/p>\n<p><strong>Mail.: <\/strong><a href=\"mailto:commune-de-raillimont@orange.fr\">commune-de-raillimont@orange.fr<\/a><\/p>\n<p><strong>Population&nbsp;: <\/strong><strong>81 Raillimontois<\/strong><\/p>\n<p><strong>Maire&nbsp;: <\/strong><strong>Monique LORIETTE<\/strong><\/p>\n<p><strong>Secr\u00e9taire&nbsp;: <\/strong><strong>Sabrina CHAUDRILLER<\/strong><\/p>\n<p><strong>Horaires d\u2019ouverture : <\/strong><strong>jeudi de 13h30 \u00e0 16h30<\/strong><\/p>\n<p><strong>&nbsp;<\/strong><\/p>\n<p><strong>RENNEVAL<\/strong><\/p>\n<p><strong>Rue des \u00e9coles &#8211; 02340 Renneval<\/strong><\/p>\n<p><strong>T\u00e9l.: <\/strong><strong>09.60.53.57.90<\/strong><\/p>\n<p><strong>Mail.: <\/strong><a href=\"mailto:commune.renneval@orange.fr\">commune.renneval@orange.fr<\/a><\/p>\n<p><strong>Population&nbsp;: <\/strong><strong>112 Rennevalois<\/strong><\/p>\n<p><strong>Maire&nbsp;: <\/strong><strong>Herv\u00e9 VAN COPPENOLLE<\/strong><\/p>\n<p><strong>Secr\u00e9taire&nbsp;: <\/strong><strong>Marie-Paule HARDY<\/strong><\/p>\n<p><strong>Horaires d\u2019ouverture&nbsp;: <\/strong><\/p>\n<ul>\n<li><strong> <\/strong><strong>mercredi de <\/strong><strong>08h00 \u00e0 12h3<\/strong><strong>0<\/strong><\/li>\n<li><strong> <\/strong><strong>vendredi<\/strong><strong> de 1<\/strong><strong>6h30 \u00e0 18<\/strong><strong>h30<\/strong><\/li>\n<\/ul>\n<p><strong>&nbsp;<\/strong><\/p>\n<p><strong>R\u00c9SIGNY<\/strong><\/p>\n<p><strong>2, rue de l&rsquo;Ecole 02360 R\u00e9signy<\/strong><\/p>\n<p><strong>T\u00e9l.: <\/strong><strong>03.23.97.62.05<\/strong><\/p>\n<p><strong>Mail.: <\/strong><a href=\"mailto:mairie.resigny@orange.fr\">mairie.resigny@orange.fr<\/a><\/p>\n<p><strong>Population&nbsp;: <\/strong><strong>179 R\u00e9signiens<\/strong><\/p>\n<p><strong>Maire&nbsp;: <\/strong><strong>Alain CHARLIER<\/strong><\/p>\n<p><strong>Secr\u00e9taire&nbsp;: <\/strong><strong>Sabrina CHAUDRILLER<\/strong><\/p>\n<p><strong>Horaires d\u2019ouverture&nbsp;: <\/strong><\/p>\n<ul>\n<li><strong> <\/strong><strong>mardi de 16h00 \u00e0 18h00<\/strong><\/li>\n<li><strong> <\/strong><strong>vendredi de 9h00 \u00e0 11h30<\/strong><\/li>\n<\/ul>\n<p><strong>&nbsp;<\/strong><\/p>\n<p><strong>ROUVROY-SUR-SERRE<\/strong><\/p>\n<p><strong>Rue de la Mairie &#8211; 02360 Rouvroy-sur-Serre<\/strong><\/p>\n<p><strong>T\u00e9l.: <\/strong><strong>03.23.98.56.31<\/strong><\/p>\n<p><strong>Mail.: <\/strong><a href=\"mailto:lamairie0861@orange.fr\">lamairie0861@orange.fr<\/a><\/p>\n<p><strong>Population&nbsp;: <\/strong><strong>39 Rouvroyens<\/strong><\/p>\n<p><strong>Maire&nbsp;: <\/strong><strong>Th\u00e9r\u00e8se BERTRAND<\/strong><\/p>\n<p><strong>Secr\u00e9taire : Delphine D\u00c9PERNET<\/strong><\/p>\n<p><strong>Horaires d\u2019ouverture : <\/strong><strong>mercredi de 9h30 \u00e0 11h30<\/strong><\/p>\n<p><strong>&nbsp;<\/strong><\/p>\n<p><strong>ROZOY-SUR-SERRE<\/strong><\/p>\n<p><strong>2, rue GA Martin &#8211; 02360 Rozoy-sur-Serre<\/strong><\/p>\n<p><strong>T\u00e9l.: <\/strong><strong>03.23.98.50.04<\/strong><\/p>\n<p><strong>Mail.: <a href=\"mailto:mairie@rozoy-sur-serre.fr\">mairie@rozoy-sur-serre.fr<\/a><\/strong><\/p>\n<p><strong>Population&nbsp;: <\/strong><strong>1 028 Rostands<\/strong><\/p>\n<p><strong>Maire&nbsp;: <\/strong><strong>Jean-Ren\u00e9 DURTETTE<\/strong><\/p>\n<p><strong>Secr\u00e9taire&nbsp;: <\/strong><strong>Sophie DUBOST, Nicolas JESIORSKI et Laetitia LANGLET<\/strong><\/p>\n<p><strong>Horaires d\u2019ouverture&nbsp;: <\/strong><\/p>\n<ul>\n<li><strong> <\/strong><strong>lundi, mercredi, jeudi et vendredi de 9h00 \u00e0 12h00 et de 13h30 \u00e0 17h30<\/strong><\/li>\n<\/ul>\n<p><strong>&nbsp;<\/strong><\/p>\n<p><strong>SAINTE-GENEVI<\/strong><strong>\u00c8VE<\/strong><\/p>\n<p><strong>17, Grande rue \u2013 02340 Sainte-Genevi\u00e8ve<\/strong><\/p>\n<p><strong>T\u00e9l.: <\/strong><strong>03.23.98.55.20<\/strong><\/p>\n<p><strong>Mail.: <\/strong><a href=\"mailto:mairie.de.ste-genevieve@wanadoo.fr\">mairie.de.ste-genevieve@wanadoo.fr<\/a><\/p>\n<p><strong>Population&nbsp;: <\/strong><strong>68 G\u00e9nov\u00e9fains<\/strong><\/p>\n<p><strong>Maire : \u00c9milie LELONG<\/strong><\/p>\n<p><strong>Secr\u00e9taire&nbsp;: <\/strong><strong>Armelle POTTIER<\/strong><\/p>\n<p><strong>Horaires d\u2019ouverture : <\/strong><strong>mercredi de 8h00 \u00e0 12h00<\/strong><\/p>\n<p><strong>&nbsp;<\/strong><\/p>\n<p><strong>SOIZE<\/strong><\/p>\n<p><strong>3, rue de Montcornet &#8211; 02340 Soize<\/strong><\/p>\n<p><strong>T\u00e9l.: <\/strong><strong>03.23.98.51.51<\/strong><\/p>\n<p><strong>Mail.: <\/strong><a href=\"mailto:mairie-de-soize02@orange.fr\">mairie-de-soize02@orange.fr<\/a><\/p>\n<p><strong>Population&nbsp;: <\/strong><strong>100 Soizois<\/strong><\/p>\n<p><strong>Maire : Sylvain DHENIN<\/strong><\/p>\n<p><strong>Secr\u00e9taire&nbsp;: <\/strong><strong>C\u00e9line LEMAIRE<\/strong><\/p>\n<p><strong>Horaires d\u2019ouverture : <\/strong><strong>mercredi de 9h00 \u00e0 12h00<\/strong><\/p>\n<p><strong>&nbsp;<\/strong><\/p>\n<p><strong>VIGNEUX-HOCQUET<\/strong><\/p>\n<p><strong>2, rue des \u00e9coles &#8211; 02340 Vigneux-Hocquet<\/strong><\/p>\n<p><strong>T\u00e9l.: <\/strong><strong>03.23.21.28.69<\/strong><\/p>\n<p><strong>Mail.: <\/strong><a href=\"mailto:vigneux.mairie@wanadoo.fr\">commune.vigneux.hocquet@gmail.com<\/a><\/p>\n<p><strong>Population&nbsp;: <\/strong><strong>270 Vigneusiens<\/strong><\/p>\n<p><strong>Maire : Francine LETURQUE<\/strong><\/p>\n<p><strong>Secr\u00e9taire&nbsp;: <\/strong><strong>Marie-Pierre BOULANDE<\/strong><\/p>\n<p><strong>Horaires d\u2019ouverture&nbsp;: <\/strong><\/p>\n<ul>\n<li><strong> <\/strong><strong>mardi de 9h00 \u00e0 12h00<\/strong><\/li>\n<li><strong> <\/strong><strong>jeudi de 9h00 \u00e0 11h45<\/strong><\/li>\n<li><strong> <\/strong><strong>vendredi de 15h00 \u00e0 18h00<\/strong><\/li>\n<\/ul>\n<p><strong>&nbsp;<\/strong><\/p>\n<p><strong>VINCY-REUIL-ET-MAGNY<\/strong><\/p>\n<p><strong>29, rue principale &#8211; 02340 Vincy-Reuil-et-Magny<\/strong><\/p>\n<p><strong>T\u00e9l.: <\/strong><strong>03.23.21.25.38<\/strong><\/p>\n<p><strong>Mail.: <\/strong><a href=\"mailto:de-vincy-reuil-et-magny.mairie@wanadoo.fr\">de-vincy-reuil-et-magny.mairie@wanadoo.fr<\/a><\/p>\n<p><strong>Population&nbsp;: <\/strong><strong>116 Vincyacois<\/strong><\/p>\n<p><strong>Maire : David SCHUMERS<\/strong><\/p>\n<p><strong>Secr\u00e9taire&nbsp;: <\/strong><strong>C\u00e9line LEMAIRE<\/strong><\/p>\n<p><strong>Horaires d\u2019ouverture&nbsp;: <\/strong><\/p>\n<ul>\n<li><strong> <\/strong><strong>mardi de 14h00 \u00e0 16h00<\/strong><\/li>\n<li><strong> <\/strong><strong>vendredi de 14h00 \u00e0 16h00<\/strong><\/li>\n<\/ul>\n<map id=\"map1543845173795\" name=\"map1543845173795\">\n<area shape=\"rect\" coords=\"315,110,408,138\" title=\"Dagny-Lambercy\" alt=\"Dagny-Lambercy\" href=\"https:\/\/www.portes-de-thierache.fr\/index.php\/2018\/08\/22\/dagny-lambercy\/\" target=\"_self\">\n<area shape=\"rect\" coords=\"517,105,599,131\" title=\"Cuiry-l\u00e8s-Iviers\" alt=\"Cuiry-l\u00e8s-Iviers\" href=\"https:\/\/www.portes-de-thierache.fr\/index.php\/2018\/08\/22\/cuiry-les-iviers\/\" target=\"_self\">\n<area shape=\"rect\" coords=\"631,84,713,112\" title=\"Dohis\" alt=\"Dohis\" href=\"https:\/\/www.portes-de-thierache.fr\/index.php\/2018\/08\/22\/dohis\/\" target=\"_self\">\n<area shape=\"rect\" coords=\"763,54,849,82\" title=\"Brunehamel\" alt=\"Brunehamel\" href=\"https:\/\/www.portes-de-thierache.fr\/index.php\/2018\/08\/21\/brunehamel\/\" target=\"_self\">\n<area shape=\"rect\" coords=\"417,165,541,197\" title=\"Morgny-en-Thi\u00e9rache\" alt=\"Morgny-en-Thi\u00e9rache\" href=\"https:\/\/www.portes-de-thierache.fr\/index.php\/2018\/08\/22\/morgny-en-thierache\/\" target=\"_self\">\n<area shape=\"rect\" coords=\"885,114,969,146\" title=\"Les Autels\" alt=\"Les Autels\" href=\"https:\/\/www.portes-de-thierache.fr\/index.php\/2018\/08\/22\/les-autels\/\" target=\"_self\">\n<area shape=\"rect\" coords=\"845,194,925,221\" title=\"R\u00e9signy\" alt=\"R\u00e9signy\" href=\"https:\/\/www.portes-de-thierache.fr\/index.php\/2018\/08\/27\/resigny\/\" target=\"_self\">\n<area shape=\"rect\" coords=\"687,196,775,229\" title=\"Parfondeval\" alt=\"Parfondeval\" href=\"https:\/\/www.portes-de-thierache.fr\/index.php\/2018\/08\/22\/parfondeval\/\" target=\"_self\">\n<area shape=\"rect\" coords=\"566,213,652,247\" title=\"Archon\" alt=\"Archon\" href=\"https:\/\/www.portes-de-thierache.fr\/index.php\/2018\/08\/20\/archon\/\" target=\"_self\">\n<area shape=\"rect\" coords=\"325,220,407,248\" title=\"Renneval\" alt=\"Renneval\" href=\"https:\/\/www.portes-de-thierache.fr\/index.php\/2018\/08\/27\/renneval\/\" target=\"_self\">\n<area shape=\"rect\" coords=\"467,236,553,262\" title=\"Dolignon\" alt=\"Dolignon\" href=\"https:\/\/www.portes-de-thierache.fr\/index.php\/2018\/08\/22\/dolignon\/\" target=\"_self\">\n<area shape=\"rect\" coords=\"177,222,281,252\" title=\"Vigneux-Hocquet\" alt=\"Vigneux-Hocquet\" href=\"https:\/\/www.portes-de-thierache.fr\/index.php\/2018\/08\/27\/vigneux-hocquet\/\" target=\"_self\">\n<area shape=\"rect\" coords=\"421,288,526,312\" title=\"Sainte-Genevi\u00e8ve\" alt=\"Sainte-Genevi\u00e8ve\" href=\"https:\/\/www.portes-de-thierache.fr\/index.php\/2018\/08\/27\/sainte-genevieve\/\" target=\"_self\">\n<area shape=\"rect\" coords=\"759,259,850,296\" title=\"Grandrieux\" alt=\"Grandrieux\" href=\"https:\/\/www.portes-de-thierache.fr\/index.php\/2018\/08\/22\/grandrieux\/\" target=\"_self\">\n<area shape=\"rect\" coords=\"739,334,856,357\" title=\"Rouvroy-sur-Serre\" alt=\"Rouvroy-sur-Serre\" href=\"https:\/\/www.portes-de-thierache.fr\/index.php\/2018\/08\/27\/rouvroy-sur-serre\/\" target=\"_self\">\n<area shape=\"rect\" coords=\"510,325,613,354\" title=\"Ch\u00e9ry-les-Rozoy\" alt=\"Ch\u00e9ry-les-Rozoy\" href=\"https:\/\/www.portes-de-thierache.fr\/index.php\/2018\/08\/21\/chery-les-rozoy\/\" target=\"_self\">\n<area shape=\"rect\" coords=\"333,358,462,383\" title=\"Vincy-Reuil-et-Magny\" alt=\"Vincy-Reuil-et-Magny\" href=\"https:\/\/www.portes-de-thierache.fr\/index.php\/2018\/08\/27\/vincy-reuil-et-magny\/\" target=\"_self\">\n<area shape=\"rect\" coords=\"564,385,664,412\" title=\"Rozoy-sur-Serre\" alt=\"Rozoy-sur-Serre\" href=\"https:\/\/www.portes-de-thierache.fr\/index.php\/2018\/08\/27\/rozoy-sur-serr\/\" target=\"_self\">\n<area shape=\"rect\" coords=\"682,402,765,430\" title=\"Raillimont\" alt=\"Raillimont\" href=\"https:\/\/www.portes-de-thierache.fr\/index.php\/2018\/08\/27\/raillimont\/\" target=\"_self\">\n<area shape=\"rect\" coords=\"156,416,241,450\" title=\"Chaourse\" alt=\"Chaourse\" href=\"https:\/\/www.portes-de-thierache.fr\/index.php\/2018\/08\/21\/chaourse\/\" target=\"_self\">\n<area shape=\"rect\" coords=\"476,420,562,454\" title=\"Soize\" alt=\"Soize\" href=\"https:\/\/www.portes-de-thierache.fr\/index.php\/2018\/08\/27\/soize\/\" target=\"_self\">\n<area shape=\"rect\" coords=\"303,447,393,478\" title=\"Montcornet\" alt=\"Montcornet\" href=\"https:\/\/www.portes-de-thierache.fr\/index.php\/2018\/08\/22\/montcornet\/\" target=\"_self\">\n<area shape=\"rect\" coords=\"264,520,353,555\" title=\"Lislet\" alt=\"Lislet\" href=\"https:\/\/www.portes-de-thierache.fr\/index.php\/2018\/08\/22\/lislet\/\" target=\"_self\">\n<area shape=\"rect\" coords=\"508,526,599,556\" title=\"Noircourt\" alt=\"Noircourt\" href=\"https:\/\/www.portes-de-thierache.fr\/index.php\/2018\/08\/22\/noircourt\/\" target=\"_self\">\n<area shape=\"rect\" coords=\"543,606,631,643\" title=\"Berlise\" alt=\"Berlise\" href=\"https:\/\/www.portes-de-thierache.fr\/index.php\/2018\/08\/21\/berlise\/\" target=\"_self\">\n<area shape=\"rect\" coords=\"396,553,483,582\" title=\"Montlou\u00e9\" alt=\"Montlou\u00e9\" href=\"https:\/\/www.portes-de-thierache.fr\/index.php\/2018\/08\/22\/montloue\/\" target=\"_self\">\n<area shape=\"rect\" coords=\"7,572,134,603\" title=\"Clermont-les-Fermes\" alt=\"Clermont-les-Fermes\" href=\"https:\/\/www.portes-de-thierache.fr\/index.php\/2018\/08\/22\/clermont-les-fermes\/\" target=\"_self\">\n<area shape=\"rect\" coords=\"124,611,265,640\" title=\"La-Ville-Aux-Bois-l\u00e8s-Dizy\" alt=\"La-Ville-Aux-Bois-l\u00e8s-Dizy\" href=\"https:\/\/www.portes-de-thierache.fr\/index.php\/2018\/08\/22\/la-ville-aux-bois-les-dizy\/\" target=\"_self\">\n<area shape=\"rect\" coords=\"483,682,573,715\" title=\"Le Thuel\" alt=\"Le Thuel\" href=\"https:\/\/www.portes-de-thierache.fr\/index.php\/2018\/08\/22\/le-thuel\/\" target=\"_self\">\n<area shape=\"rect\" coords=\"238,711,328,743\" title=\"Dizy-le-Gros\" alt=\"Dizy-le-Gros\" href=\"https:\/\/www.portes-de-thierache.fr\/index.php\/2018\/08\/22\/dizy-le-gros\/\" target=\"_self\">\n <\/map>\n","protected":false},"excerpt":{"rendered":"<p>La Communaut\u00e9 de Communes des Portes de Thi\u00e9rache est compos\u00e9e de 30 communes : Cliquez sur le panneau communal et vous obtiendrez de nombreuses informations sur la commune (permanences mairie, histoire, sites remarquables, etc.) INFORMATIONS MAIRIES ARCHON Rue principale \u2013 02360 Archon T\u00e9l.: 03.23.98.84.14 Mail.: commune-d-archon@orange.fr Population&nbsp;: 88 Archonais Maire&nbsp;:<a class=\"moretag\" href=\"https:\/\/www.portes-de-thierache.fr\/index.php\/2018\/08\/20\/les-30-communes\/\"> Lire la suite<\/a><\/p>\n","protected":false},"author":3,"featured_media":0,"comment_status":"closed","ping_status":"open","sticky":false,"template":"","format":"standard","meta":{"ngg_post_thumbnail":0,"footnotes":""},"categories":[30],"tags":[],"class_list":["post-1091","post","type-post","status-publish","format-standard","hentry","category-territoire"],"_links":{"self":[{"href":"https:\/\/www.portes-de-thierache.fr\/index.php\/wp-json\/wp\/v2\/posts\/1091","targetHints":{"allow":["GET"]}}],"collection":[{"href":"https:\/\/www.portes-de-thierache.fr\/index.php\/wp-json\/wp\/v2\/posts"}],"about":[{"href":"https:\/\/www.portes-de-thierache.fr\/index.php\/wp-json\/wp\/v2\/types\/post"}],"author":[{"embeddable":true,"href":"https:\/\/www.portes-de-thierache.fr\/index.php\/wp-json\/wp\/v2\/users\/3"}],"replies":[{"embeddable":true,"href":"https:\/\/www.portes-de-thierache.fr\/index.php\/wp-json\/wp\/v2\/comments?post=1091"}],"version-history":[{"count":10,"href":"https:\/\/www.portes-de-thierache.fr\/index.php\/wp-json\/wp\/v2\/posts\/1091\/revisions"}],"predecessor-version":[{"id":15704,"href":"https:\/\/www.portes-de-thierache.fr\/index.php\/wp-json\/wp\/v2\/posts\/1091\/revisions\/15704"}],"wp:attachment":[{"href":"https:\/\/www.portes-de-thierache.fr\/index.php\/wp-json\/wp\/v2\/media?parent=1091"}],"wp:term":[{"taxonomy":"category","embeddable":true,"href":"https:\/\/www.portes-de-thierache.fr\/index.php\/wp-json\/wp\/v2\/categories?post=1091"},{"taxonomy":"post_tag","embeddable":true,"href":"https:\/\/www.portes-de-thierache.fr\/index.php\/wp-json\/wp\/v2\/tags?post=1091"}],"curies":[{"name":"wp","href":"https:\/\/api.w.org\/{rel}","templated":true}]}}