{"id":10896,"date":"2021-02-16T15:39:58","date_gmt":"2021-02-16T14:39:58","guid":{"rendered":"https:\/\/www.portes-de-thierache.fr\/?p=10896"},"modified":"2021-02-16T15:39:58","modified_gmt":"2021-02-16T14:39:58","slug":"collecte-du-verre-et-des-recyclables-ca-change-au-1er-mars","status":"publish","type":"post","link":"https:\/\/www.portes-de-thierache.fr\/index.php\/2021\/02\/16\/collecte-du-verre-et-des-recyclables-ca-change-au-1er-mars\/","title":{"rendered":"Collecte du verre et des recyclables\u2026 \u00c7A CHANGE AU 1er MARS !"},"content":{"rendered":"<div dir=\"auto\"><\/div>\n<div dir=\"auto\"><a href=\"https:\/\/www.portes-de-thierache.fr\/wp-content\/uploads\/2021\/02\/flyer-A5-commission-dechets-scaled.jpg\"><img loading=\"lazy\" decoding=\"async\" src=\"https:\/\/www.portes-de-thierache.fr\/wp-content\/uploads\/2021\/02\/flyer-A5-commission-dechets-211x300.jpg\" alt=\"\" width=\"211\" height=\"300\" class=\"alignleft size-medium wp-image-10897\" srcset=\"https:\/\/www.portes-de-thierache.fr\/wp-content\/uploads\/2021\/02\/flyer-A5-commission-dechets-211x300.jpg 211w, https:\/\/www.portes-de-thierache.fr\/wp-content\/uploads\/2021\/02\/flyer-A5-commission-dechets-722x1024.jpg 722w, https:\/\/www.portes-de-thierache.fr\/wp-content\/uploads\/2021\/02\/flyer-A5-commission-dechets-768x1090.jpg 768w, https:\/\/www.portes-de-thierache.fr\/wp-content\/uploads\/2021\/02\/flyer-A5-commission-dechets-1082x1536.jpg 1082w, https:\/\/www.portes-de-thierache.fr\/wp-content\/uploads\/2021\/02\/flyer-A5-commission-dechets-1443x2048.jpg 1443w, https:\/\/www.portes-de-thierache.fr\/wp-content\/uploads\/2021\/02\/flyer-A5-commission-dechets-scaled.jpg 1804w\" sizes=\"auto, (max-width: 211px) 100vw, 211px\" \/><\/a> <a href=\"https:\/\/www.portes-de-thierache.fr\/wp-content\/uploads\/2021\/02\/flyer-A5-commission-dechets2-scaled.jpg\"><img loading=\"lazy\" decoding=\"async\" src=\"https:\/\/www.portes-de-thierache.fr\/wp-content\/uploads\/2021\/02\/flyer-A5-commission-dechets2-211x300.jpg\" alt=\"\" width=\"211\" height=\"300\" class=\"aligncenter size-medium wp-image-10898\" srcset=\"https:\/\/www.portes-de-thierache.fr\/wp-content\/uploads\/2021\/02\/flyer-A5-commission-dechets2-211x300.jpg 211w, https:\/\/www.portes-de-thierache.fr\/wp-content\/uploads\/2021\/02\/flyer-A5-commission-dechets2-722x1024.jpg 722w, https:\/\/www.portes-de-thierache.fr\/wp-content\/uploads\/2021\/02\/flyer-A5-commission-dechets2-768x1090.jpg 768w, https:\/\/www.portes-de-thierache.fr\/wp-content\/uploads\/2021\/02\/flyer-A5-commission-dechets2-1082x1536.jpg 1082w, https:\/\/www.portes-de-thierache.fr\/wp-content\/uploads\/2021\/02\/flyer-A5-commission-dechets2-1443x2048.jpg 1443w, https:\/\/www.portes-de-thierache.fr\/wp-content\/uploads\/2021\/02\/flyer-A5-commission-dechets2-scaled.jpg 1804w\" sizes=\"auto, (max-width: 211px) 100vw, 211px\" \/><\/a><\/div>\n<div class=\"o9v6fnle cxmmr5t8 oygrvhab hcukyx3x c1et5uql ii04i59q\">\n<div dir=\"auto\">D\u00e8s le 1er MARS, finie la collecte du verre en porte-\u00e0-porte ! Vous devrez apporter vos verres dans les bornes \u00e0 verre d\u2019apport volontaire pr\u00e9vues \u00e0 cet effet dans chaque commune.<\/div>\n<div dir=\"auto\">&nbsp; &nbsp; &nbsp;&nbsp;<\/div>\n<\/div>\n<div class=\"o9v6fnle cxmmr5t8 oygrvhab hcukyx3x c1et5uql ii04i59q\">\n<div dir=\"auto\">Le verre accept\u00e9 : uniquement les bouteilles, les pots et les bocaux en verre sans couvercle ni bouchon !<\/div>\n<\/div>\n<div class=\"o9v6fnle cxmmr5t8 oygrvhab hcukyx3x c1et5uql ii04i59q\">\n<div dir=\"auto\">Localisation des bornes sur <span><a class=\"oajrlxb2 g5ia77u1 qu0x051f esr5mh6w e9989ue4 r7d6kgcz rq0escxv nhd2j8a9 nc684nl6 p7hjln8o kvgmc6g5 cxmmr5t8 oygrvhab hcukyx3x jb3vyjys rz4wbd8a qt6c0cv9 a8nywdso i1ao9s8h esuyzwwr f1sip0of lzcic4wl py34i1dx gpro0wi8\" href=\"http:\/\/www.portes-de-thierache.fr\/?fbclid=IwAR2Mxag7-A8aPR29s4tYjnhMXmZMXTU2u44oCuPKFJ_KR-rT9d_hjhUI_ps\" rel=\"nofollow noopener\" role=\"link\" target=\"_blank\" tabindex=\"0\">www.portes-de-thierache.fr<\/a><\/span><\/div>\n<div dir=\"auto\">onglet D\u00e9chets\/Collecte.<\/div>\n<div dir=\"auto\">&nbsp; &nbsp; &nbsp; &nbsp;<\/div>\n<\/div>\n<div class=\"o9v6fnle cxmmr5t8 oygrvhab hcukyx3x c1et5uql ii04i59q\">\n<div dir=\"auto\">D\u00e8s le 1er MARS, le bac de tri sera donc UNIQUEMENT destin\u00e9 aux recyclables (papier, carton, journaux, bouteilles en plastique, boites de conserve\u2026), la paroi s\u00e9paratrice sera enlev\u00e9e et ce bac ne sera plus collect\u00e9 qu\u2019UNE FOIS TOUS LES 15 JOURS (la liste des jours de passage dans chaque commune vous sera bient\u00f4t communiqu\u00e9e).<\/div>\n<\/div>\n","protected":false},"excerpt":{"rendered":"<p>D\u00e8s le 1er MARS, finie la collecte du verre en porte-\u00e0-porte ! Vous devrez apporter vos verres dans les bornes \u00e0 verre d\u2019apport volontaire pr\u00e9vues \u00e0 cet effet dans chaque commune. &nbsp; &nbsp; &nbsp;&nbsp; Le verre accept\u00e9 : uniquement les bouteilles, les pots et les bocaux en verre sans couvercle<a class=\"moretag\" href=\"https:\/\/www.portes-de-thierache.fr\/index.php\/2021\/02\/16\/collecte-du-verre-et-des-recyclables-ca-change-au-1er-mars\/\"> Lire la suite<\/a><\/p>\n","protected":false},"author":4,"featured_media":10897,"comment_status":"closed","ping_status":"open","sticky":false,"template":"","format":"standard","meta":{"ngg_post_thumbnail":0,"footnotes":""},"categories":[29,70],"tags":[],"class_list":["post-10896","post","type-post","status-publish","format-standard","has-post-thumbnail","hentry","category-actualites","category-dechets"],"_links":{"self":[{"href":"https:\/\/www.portes-de-thierache.fr\/index.php\/wp-json\/wp\/v2\/posts\/10896","targetHints":{"allow":["GET"]}}],"collection":[{"href":"https:\/\/www.portes-de-thierache.fr\/index.php\/wp-json\/wp\/v2\/posts"}],"about":[{"href":"https:\/\/www.portes-de-thierache.fr\/index.php\/wp-json\/wp\/v2\/types\/post"}],"author":[{"embeddable":true,"href":"https:\/\/www.portes-de-thierache.fr\/index.php\/wp-json\/wp\/v2\/users\/4"}],"replies":[{"embeddable":true,"href":"https:\/\/www.portes-de-thierache.fr\/index.php\/wp-json\/wp\/v2\/comments?post=10896"}],"version-history":[{"count":0,"href":"https:\/\/www.portes-de-thierache.fr\/index.php\/wp-json\/wp\/v2\/posts\/10896\/revisions"}],"wp:featuredmedia":[{"embeddable":true,"href":"https:\/\/www.portes-de-thierache.fr\/index.php\/wp-json\/wp\/v2\/media\/10897"}],"wp:attachment":[{"href":"https:\/\/www.portes-de-thierache.fr\/index.php\/wp-json\/wp\/v2\/media?parent=10896"}],"wp:term":[{"taxonomy":"category","embeddable":true,"href":"https:\/\/www.portes-de-thierache.fr\/index.php\/wp-json\/wp\/v2\/categories?post=10896"},{"taxonomy":"post_tag","embeddable":true,"href":"https:\/\/www.portes-de-thierache.fr\/index.php\/wp-json\/wp\/v2\/tags?post=10896"}],"curies":[{"name":"wp","href":"https:\/\/api.w.org\/{rel}","templated":true}]}}