{"id":1069,"date":"2018-08-20T11:14:49","date_gmt":"2018-08-20T09:14:49","guid":{"rendered":"http:\/\/www.portes-de-thierache.fr\/?p=1069"},"modified":"2025-09-25T16:45:30","modified_gmt":"2025-09-25T14:45:30","slug":"la-collectivite","status":"publish","type":"post","link":"https:\/\/www.portes-de-thierache.fr\/index.php\/2018\/08\/20\/la-collectivite\/","title":{"rendered":"La collectivit\u00e9"},"content":{"rendered":"<p style=\"text-align: justify;\"><strong><em>Derni\u00e8res \u00e9lections : le 6 f\u00e9vrier 2025<\/em><\/strong><\/p>\n<p>Petit m\u00e9mo ci-apr\u00e8s concernant l&rsquo;\u00e9lu communautaire :<\/p>\n<p><a href=\"https:\/\/www.portes-de-thierache.fr\/wp-content\/uploads\/2018\/08\/guide-pratique-de-l\u00e9lu-communautaire.pdf\">guide pratique de l&rsquo;\u00e9lu communautaire<\/a><\/p>\n<p style=\"text-align: justify;\"><u><br \/>\n<\/u><strong>L\u2019ex\u00e9cutif de la communaut\u00e9 de communes : Thomas Hennequin, le pr\u00e9sident.<\/strong><\/p>\n<ul>\n<li style=\"text-align: justify;\">Il pr\u00e9pare et ex\u00e9cute les d\u00e9lib\u00e9rations du conseil communautaire<\/li>\n<li>Il est l\u2019ordonnateur des d\u00e9penses&nbsp;et prescrit l\u2019ex\u00e9cution des recettes de la communaut\u00e9 de communes<\/li>\n<li style=\"text-align: justify;\">Il est le seul charg\u00e9 de l\u2019administration, mais il peut d\u00e9l\u00e9guer l\u2019exercice de ses fonctions aux vice-pr\u00e9sidents ou \u00e0 d\u2019autres membres du bureau.<\/li>\n<\/ul>\n<p><strong>Une instance coll\u00e9giale : le bureau communautaire<\/strong><\/p>\n<ul>\n<li>Il pr\u00e9pare et ex\u00e9cute les d\u00e9lib\u00e9rations du conseil communautaire<\/li>\n<\/ul>\n<div class=\"mceTemp\">\n<p><a href=\"https:\/\/www.portes-de-thierache.fr\/index.php\/2025\/02\/10\/13887\/20250206_221231\/\"><img loading=\"lazy\" decoding=\"async\" src=\"https:\/\/www.portes-de-thierache.fr\/wp-content\/uploads\/2025\/02\/20250206_221231-1024x676.jpg\" alt=\"Ex\u00e9cutif de la CCPT 2025\" width=\"750\" height=\"563\" class=\"wp-image-13888 size-large\"><\/a>(Photo &#8211; De gauche \u00e0 droite : Pierre DIDIER, Monique LORIETTE, Thomas HENNEQUIN, Xavier BOULANDE et \u00c9ric HALL\u00c9, Gilles QUEILLE \u00e9tant absent excus\u00e9)<\/p>\n<p style=\"text-align: justify;\"><strong>Pr\u00e9sident : Thomas Hennequin<\/strong> (maire de Montcornet)&nbsp; supervisera les finances, l<span>es Ressources Humaines et le<\/span><span>s dossiers politiques<\/span><span>. Il s&rsquo;occupe \u00e9galement du num\u00e9rique,<\/span><span> du d\u00e9veloppement<\/span><span>\/am\u00e9nagement du territoire<\/span><span>, de l&rsquo;urbanisme et de la <\/span><span>s\u00e9curit\u00e9.<\/span><\/p>\n<p><strong>1\u00e8re vice-pr\u00e9sidente : Monique Loriette<\/strong>, maire de Raillimont, e<span>n charge des relations ext\u00e9rieures, des d\u00e9chets et de l&rsquo;administration g\u00e9n\u00e9rale.<\/span><\/p>\n<p><strong>2\u00e8me vice-pr\u00e9sident : Xavier Boulande<\/strong>, conseiller municipal \u00e0 Rozoy-sur-Serre, <span>pour les th\u00e9matiques de l&rsquo;insertion, de l&rsquo;action sociale et de la petite enfance.<\/span><\/p>\n<p><strong>3\u00e8me vice-pr\u00e9sident : Gilles Queille<\/strong>, maire-adjoint de Dizy-le-Gros , <span>en charge du tourisme et du d\u00e9veloppement culturel.<\/span><\/p>\n<p><strong>4\u00e8me vice-pr\u00e9sident : \u00c9ric Hall\u00e9<\/strong>, maire de Les Autels, <span>pour les th\u00e9matiques de l&rsquo;assainissement, de l&rsquo;environnement et de l&rsquo;\u00e9cologie ainsi que les travaux.<\/span><\/p>\n<p><strong>5\u00e8me vice-pr\u00e9sident : Pierre Didier<\/strong>, maire de Dagny-Lambercy a <span>en charge de la prospective g\u00e9n\u00e9rale et financi\u00e8re, de la mutualisation, des services aux communes et du projet de territoire.<\/span><\/p>\n<p><strong>Les 6 autres membres du bureau communautaire :<\/strong><\/p>\n<ul>\n<li><span><strong>Nicolas Fricoteaux<\/strong>, 1er adjoint au maire de Rozoy-sur-Serre,<\/span><\/li>\n<li><span><strong>Nicolas Dufourg<\/strong>, maire d&rsquo;Archon,<\/span><\/li>\n<li><span><strong>V\u00e9ronique Tramut<\/strong>, maire de Montlou\u00e9,<\/span><\/li>\n<li><span><strong>Corinne Bienaim\u00e9<\/strong>, maire de Dolignon,<\/span><\/li>\n<li><span><strong>Yannick Naveau<\/strong>, maire de Chaourse,<\/span><\/li>\n<li><span><strong>Alexandre Bienfait<\/strong>, maire de Brunehamel.<\/span><\/li>\n<\/ul>\n<p style=\"text-align: justify;\"><strong>L&rsquo;organe d\u00e9lib\u00e9rant : le conseil communautaire<\/strong><\/p>\n<p style=\"text-align: justify;\">La communaut\u00e9 de communes est administr\u00e9e par un conseil communautaire compos\u00e9 de d\u00e9l\u00e9gu\u00e9s \u00e9lus au suffrage universel pour les communes de plus de 1 000 habitants ou d\u00e9sign\u00e9s selon l&rsquo;ordre du tableau pour les communes de moins de 1 000 habitants. Selon les r\u00e8gles \u00e9tablies sur la communaut\u00e9 de communes, chaque commune b\u00e9n\u00e9ficie d&rsquo;un d\u00e9l\u00e9gu\u00e9 titulaire par tranche de 250 habitants. Le conseil communautaire compte&nbsp; d\u00e9sormais 42 d\u00e9l\u00e9gu\u00e9s titulaires.<\/p>\n<p style=\"text-align: justify;\">La liste suivante est issue des derni\u00e8res \u00e9lections de juillet 2020. Elle est compl\u00e9t\u00e9e au fur et \u00e0 mesure des informations transmises par les communes.<\/p>\n<p>[table id=4 \/]<\/p>\n<p style=\"text-align: justify;\"><strong>Quelques exemples :<\/strong><\/p>\n<p style=\"text-align: justify;\">La commune d&rsquo;Archon, qui compte 90 habitants, b\u00e9n\u00e9ficie d&rsquo;un d\u00e9l\u00e9gu\u00e9 titulaire (le maire, 1<sup>er<\/sup>&nbsp;du tableau) et d&rsquo;un suppl\u00e9ant (le 1<sup>er<\/sup>&nbsp;adjoint, 2<sup>\u00e8me<\/sup>&nbsp;du tableau).<\/p>\n<p style=\"text-align: justify;\">La commune de Dizy-le-Gros, qui compte 793 habitants, b\u00e9n\u00e9ficie de trois d\u00e9l\u00e9gu\u00e9s titulaires, d\u00e9sign\u00e9s dans l&rsquo;ordre du tableau (maire, 1er adjoint, 2\u00e8me adjoint).<\/p>\n<p style=\"text-align: justify;\">La Commune de Montcornet, qui compte 1580 habitants, \u00e9lit au suffrage universel six d\u00e9l\u00e9gu\u00e9s titulaires.<\/p>\n<p style=\"text-align: justify;\">Aucun suppl\u00e9ant n&rsquo;est d\u00e9sign\u00e9 dans les communes comptant plus d&rsquo;un d\u00e9l\u00e9gu\u00e9 titulaire. En cas d&rsquo;absence, les d\u00e9l\u00e9gu\u00e9s titulaires pourront donner pouvoir \u00e0 un autre d\u00e9l\u00e9gu\u00e9 communautaire.<\/p>\n<p style=\"text-align: justify;\">Le conseil communautaire se r\u00e9unit au moins une fois par trimestre et les r\u00e9unions sont publiques.<\/p>\n<p style=\"text-align: justify;\"><strong>Les diff\u00e9rentes commissions :<\/strong><\/p>\n<ul>\n<li style=\"text-align: justify;\">Commission ANC (Assainissement Non Collectif)<\/li>\n<li style=\"text-align: justify;\">Commission Assainissement<\/li>\n<li style=\"text-align: justify;\">Commission CAO (Commission d&rsquo;Appels d&rsquo;Offres)<\/li>\n<li style=\"text-align: justify;\">Commission Communication<\/li>\n<li style=\"text-align: justify;\">Commission D\u00e9chets<\/li>\n<li style=\"text-align: justify;\">Commission Eau<\/li>\n<li style=\"text-align: justify;\">Commission Enfance Jeunesse<\/li>\n<li style=\"text-align: justify;\">Commission Finances<\/li>\n<li style=\"text-align: justify;\">Commission Habitat<\/li>\n<li style=\"text-align: justify;\">Commission Insertion<\/li>\n<li style=\"text-align: justify;\">Commission PLUi<\/li>\n<li style=\"text-align: justify;\">Commission Tourisme<\/li>\n<\/ul>\n<\/div>\n<p style=\"text-align: justify;\"><strong>Les diff\u00e9rentes commissions :<\/strong><\/p>\n<ul>\n<li style=\"text-align: justify;\">Commission Actions Sociales &#8211; Services \u00e0 la population<\/li>\n<li>Commission Am\u00e9nagement du territoire<\/li>\n<li style=\"text-align: justify;\">Commission Assainissement<\/li>\n<li style=\"text-align: justify;\">Commission CAO (Commission d&rsquo;Appels d&rsquo;Offres)<\/li>\n<li style=\"text-align: justify;\">Commission D\u00e9chets &#8211; D\u00e9veloppement durable<\/li>\n<li>Commission D\u00e9veloppement \u00e9conomique &#8211; Finances &#8211; Fiscalit\u00e9<\/li>\n<li style=\"text-align: justify;\">Commission Eau et Biodiversit\u00e9<\/li>\n<li>Commission Tourisme &#8211; Animation &#8211; Culture<\/li>\n<li style=\"text-align: justify;\">Commission Travaux<\/li>\n<\/ul>\n","protected":false},"excerpt":{"rendered":"<p>Derni\u00e8res \u00e9lections : le 6 f\u00e9vrier 2025 Petit m\u00e9mo ci-apr\u00e8s concernant l&rsquo;\u00e9lu communautaire : guide pratique de l&rsquo;\u00e9lu communautaire L\u2019ex\u00e9cutif de la communaut\u00e9 de communes : Thomas Hennequin, le pr\u00e9sident. Il pr\u00e9pare et ex\u00e9cute les d\u00e9lib\u00e9rations du conseil communautaire Il est l\u2019ordonnateur des d\u00e9penses&nbsp;et prescrit l\u2019ex\u00e9cution des recettes de la<a class=\"moretag\" href=\"https:\/\/www.portes-de-thierache.fr\/index.php\/2018\/08\/20\/la-collectivite\/\"> Lire la suite<\/a><\/p>\n","protected":false},"author":3,"featured_media":0,"comment_status":"closed","ping_status":"open","sticky":false,"template":"","format":"standard","meta":{"ngg_post_thumbnail":0,"footnotes":""},"categories":[30],"tags":[],"class_list":["post-1069","post","type-post","status-publish","format-standard","hentry","category-territoire"],"_links":{"self":[{"href":"https:\/\/www.portes-de-thierache.fr\/index.php\/wp-json\/wp\/v2\/posts\/1069","targetHints":{"allow":["GET"]}}],"collection":[{"href":"https:\/\/www.portes-de-thierache.fr\/index.php\/wp-json\/wp\/v2\/posts"}],"about":[{"href":"https:\/\/www.portes-de-thierache.fr\/index.php\/wp-json\/wp\/v2\/types\/post"}],"author":[{"embeddable":true,"href":"https:\/\/www.portes-de-thierache.fr\/index.php\/wp-json\/wp\/v2\/users\/3"}],"replies":[{"embeddable":true,"href":"https:\/\/www.portes-de-thierache.fr\/index.php\/wp-json\/wp\/v2\/comments?post=1069"}],"version-history":[{"count":3,"href":"https:\/\/www.portes-de-thierache.fr\/index.php\/wp-json\/wp\/v2\/posts\/1069\/revisions"}],"predecessor-version":[{"id":15307,"href":"https:\/\/www.portes-de-thierache.fr\/index.php\/wp-json\/wp\/v2\/posts\/1069\/revisions\/15307"}],"wp:attachment":[{"href":"https:\/\/www.portes-de-thierache.fr\/index.php\/wp-json\/wp\/v2\/media?parent=1069"}],"wp:term":[{"taxonomy":"category","embeddable":true,"href":"https:\/\/www.portes-de-thierache.fr\/index.php\/wp-json\/wp\/v2\/categories?post=1069"},{"taxonomy":"post_tag","embeddable":true,"href":"https:\/\/www.portes-de-thierache.fr\/index.php\/wp-json\/wp\/v2\/tags?post=1069"}],"curies":[{"name":"wp","href":"https:\/\/api.w.org\/{rel}","templated":true}]}}