{"id":10680,"date":"2021-01-25T14:38:01","date_gmt":"2021-01-25T13:38:01","guid":{"rendered":"https:\/\/www.portes-de-thierache.fr\/?p=10680"},"modified":"2021-01-25T14:38:01","modified_gmt":"2021-01-25T13:38:01","slug":"fibre-etat-davancement-des-travaux-au-25-01-2021","status":"publish","type":"post","link":"https:\/\/www.portes-de-thierache.fr\/index.php\/2021\/01\/25\/fibre-etat-davancement-des-travaux-au-25-01-2021\/","title":{"rendered":"Fibre : \u00e9tat d&rsquo;avancement des travaux au 25\/01\/2021"},"content":{"rendered":"<div class=\"\" data-block=\"true\" data-editor=\"drl7a\" data-offset-key=\"5uefe-0-0\">\n<div data-offset-key=\"5uefe-0-0\" class=\"_1mf _1mj\" style=\"text-align: justify;\"><span data-offset-key=\"5uefe-0-0\">Veuillez trouver ci-joint la carte sur l\u2019\u00e9tat d\u2019avancement des travaux de la fibre optique, concernant notre territoire au 25 janvier 2021.<\/span><\/div>\n<\/div>\n<div class=\"\" data-block=\"true\" data-editor=\"drl7a\" data-offset-key=\"72o8m-0-0\" style=\"text-align: justify;\">\n<div data-offset-key=\"72o8m-0-0\" class=\"_1mf _1mj\"><span data-offset-key=\"72o8m-0-0\">&nbsp;<\/span><\/div>\n<\/div>\n<div class=\"\" data-block=\"true\" data-editor=\"drl7a\" data-offset-key=\"bttir-0-0\" style=\"text-align: justify;\">\n<div data-offset-key=\"bttir-0-0\" class=\"_1mf _1mj\"><span data-offset-key=\"bttir-0-0\">Les travaux sont en cours dans 6 communes.<\/span><\/div>\n<\/div>\n<div class=\"\" data-block=\"true\" data-editor=\"drl7a\" data-offset-key=\"e3jli-0-0\" style=\"text-align: justify;\">\n<div data-offset-key=\"e3jli-0-0\" class=\"_1mf _1mj\"><span data-offset-key=\"e3jli-0-0\">&nbsp;<\/span><\/div>\n<\/div>\n<div class=\"\" data-block=\"true\" data-editor=\"drl7a\" data-offset-key=\"72lik-0-0\" style=\"text-align: justify;\">\n<div data-offset-key=\"72lik-0-0\" class=\"_1mf _1mj\"><span data-offset-key=\"72lik-0-0\">De plus, le r\u00e9seau tr\u00e8s haut d\u00e9bit a \u00e9t\u00e9 d\u00e9ploy\u00e9 \u00e0 Chaourse, Vigneux-Hocquet, Morgny-en-Thi\u00e9rache, Cuiry-L\u00e8s-Iviers et Dohis. <\/span><\/div>\n<\/div>\n<div class=\"\" data-block=\"true\" data-editor=\"drl7a\" data-offset-key=\"2h6lt-0-0\" style=\"text-align: justify;\">\n<div data-offset-key=\"2h6lt-0-0\" class=\"_1mf _1mj\"><span data-offset-key=\"2h6lt-0-0\">La commercialisation des prises \u00e0 Chaourse et Vigneux-Hocquet interviendra vers le 30 janvier.<\/span><\/div>\n<\/div>\n<div class=\"\" data-block=\"true\" data-editor=\"drl7a\" data-offset-key=\"56gf4-0-0\" style=\"text-align: justify;\">\n<div data-offset-key=\"56gf4-0-0\" class=\"_1mf _1mj\"><span data-offset-key=\"56gf4-0-0\">&nbsp;<\/span><\/div>\n<\/div>\n<div class=\"\" data-block=\"true\" data-editor=\"drl7a\" data-offset-key=\"f8373-0-0\">\n<div data-offset-key=\"f8373-0-0\" class=\"_1mf _1mj\" style=\"text-align: justify;\"><span data-offset-key=\"f8373-0-0\">Les prises sont d\u2019ores et d\u00e9j\u00e0 commercialis\u00e9es \u00e0 Lislet, Raillimont, Rouvroy-sur-Serre, Montcornet, Soize, Dagny-Lambercy, Renneval, Dolignon, Sainte-Genevi\u00e8ve, Ch\u00e9ry-l\u00e8s-Rozoy, Vincy-Reuil-et-Magny, Rozoy-sur-Serre et Dizy-le-Gros.<\/span><\/div>\n<div data-offset-key=\"f8373-0-0\"><\/div>\n<\/div>\n<div data-offset-key=\"f8373-0-0\"><a href=\"https:\/\/www.portes-de-thierache.fr\/wp-content\/uploads\/2021\/01\/EPCI_CC_Porte_Thierache_FTTH_20210125.png\"><img loading=\"lazy\" decoding=\"async\" src=\"https:\/\/www.portes-de-thierache.fr\/wp-content\/uploads\/2021\/01\/EPCI_CC_Porte_Thierache_FTTH_20210125-150x150.png\" alt=\"\" width=\"150\" height=\"150\" class=\"aligncenter size-thumbnail wp-image-10681\"><\/a><\/div>\n","protected":false},"excerpt":{"rendered":"<p>Veuillez trouver ci-joint la carte sur l\u2019\u00e9tat d\u2019avancement des travaux de la fibre optique, concernant notre territoire au 25 janvier 2021. &nbsp; Les travaux sont en cours dans 6 communes. &nbsp; De plus, le r\u00e9seau tr\u00e8s haut d\u00e9bit a \u00e9t\u00e9 d\u00e9ploy\u00e9 \u00e0 Chaourse, Vigneux-Hocquet, Morgny-en-Thi\u00e9rache, Cuiry-L\u00e8s-Iviers et Dohis. La commercialisation<a class=\"moretag\" href=\"https:\/\/www.portes-de-thierache.fr\/index.php\/2021\/01\/25\/fibre-etat-davancement-des-travaux-au-25-01-2021\/\"> Lire la suite<\/a><\/p>\n","protected":false},"author":4,"featured_media":10681,"comment_status":"closed","ping_status":"open","sticky":false,"template":"","format":"standard","meta":{"ngg_post_thumbnail":0,"footnotes":""},"categories":[29,69,30],"tags":[],"class_list":["post-10680","post","type-post","status-publish","format-standard","has-post-thumbnail","hentry","category-actualites","category-developpement-du-territoire","category-territoire"],"_links":{"self":[{"href":"https:\/\/www.portes-de-thierache.fr\/index.php\/wp-json\/wp\/v2\/posts\/10680","targetHints":{"allow":["GET"]}}],"collection":[{"href":"https:\/\/www.portes-de-thierache.fr\/index.php\/wp-json\/wp\/v2\/posts"}],"about":[{"href":"https:\/\/www.portes-de-thierache.fr\/index.php\/wp-json\/wp\/v2\/types\/post"}],"author":[{"embeddable":true,"href":"https:\/\/www.portes-de-thierache.fr\/index.php\/wp-json\/wp\/v2\/users\/4"}],"replies":[{"embeddable":true,"href":"https:\/\/www.portes-de-thierache.fr\/index.php\/wp-json\/wp\/v2\/comments?post=10680"}],"version-history":[{"count":0,"href":"https:\/\/www.portes-de-thierache.fr\/index.php\/wp-json\/wp\/v2\/posts\/10680\/revisions"}],"wp:featuredmedia":[{"embeddable":true,"href":"https:\/\/www.portes-de-thierache.fr\/index.php\/wp-json\/wp\/v2\/media\/10681"}],"wp:attachment":[{"href":"https:\/\/www.portes-de-thierache.fr\/index.php\/wp-json\/wp\/v2\/media?parent=10680"}],"wp:term":[{"taxonomy":"category","embeddable":true,"href":"https:\/\/www.portes-de-thierache.fr\/index.php\/wp-json\/wp\/v2\/categories?post=10680"},{"taxonomy":"post_tag","embeddable":true,"href":"https:\/\/www.portes-de-thierache.fr\/index.php\/wp-json\/wp\/v2\/tags?post=10680"}],"curies":[{"name":"wp","href":"https:\/\/api.w.org\/{rel}","templated":true}]}}