{"id":10603,"date":"2021-01-14T09:47:18","date_gmt":"2021-01-14T08:47:18","guid":{"rendered":"https:\/\/www.portes-de-thierache.fr\/?p=10603"},"modified":"2021-01-14T10:11:57","modified_gmt":"2021-01-14T09:11:57","slug":"calendrier-sorties-nature-sur-le-territoire-de-la-ccpt","status":"publish","type":"post","link":"https:\/\/www.portes-de-thierache.fr\/index.php\/2021\/01\/14\/calendrier-sorties-nature-sur-le-territoire-de-la-ccpt\/","title":{"rendered":"CALENDRIER SORTIES NATURE SUR LE TERRITOIRE DE LA CCPT !"},"content":{"rendered":"<div dir=\"auto\" style=\"text-align: justify;\"><a href=\"https:\/\/www.portes-de-thierache.fr\/wp-content\/uploads\/2021\/01\/06062019-sans-titre-29-scaled.jpg\"><img loading=\"lazy\" decoding=\"async\" src=\"https:\/\/www.portes-de-thierache.fr\/wp-content\/uploads\/2021\/01\/06062019-sans-titre-29-150x150.jpg\" alt=\"\" width=\"150\" height=\"150\" class=\"aligncenter size-thumbnail wp-image-10604\"><\/a><\/div>\n<div dir=\"auto\"><\/div>\n<div class=\"o9v6fnle cxmmr5t8 oygrvhab hcukyx3x c1et5uql ii04i59q\" style=\"text-align: justify;\">\n<div dir=\"auto\">Tous \u00e0 vos agendas et cochez d\u2019ores et d\u00e9j\u00e0 les dates !<\/div>\n<div dir=\"auto\">&nbsp; &nbsp;&nbsp;<\/div>\n<\/div>\n<div class=\"o9v6fnle cxmmr5t8 oygrvhab hcukyx3x c1et5uql ii04i59q\" style=\"text-align: justify;\">\n<div dir=\"auto\">Cette ann\u00e9e : focus sur le bocage du Franc Bertin, site Natura 2000.<\/div>\n<div dir=\"auto\">Organis\u00e9es et financ\u00e9es par la CCPT, anim\u00e9es par le Centre Permanent d\u2019Initiatives pour l\u2019Environnement des Pays de l\u2019Aisne (CPIE), plusieurs sorties nature sont pr\u00e9vues cette ann\u00e9e sur le site du Franc Bertin implant\u00e9 aux abords des communes des Autels et de R\u00e9signy.<\/div>\n<div dir=\"auto\">&nbsp; &nbsp; &nbsp; &nbsp;<\/div>\n<\/div>\n<div class=\"o9v6fnle cxmmr5t8 oygrvhab hcukyx3x c1et5uql ii04i59q\" style=\"text-align: justify;\">\n<div dir=\"auto\">SORTIES NATURE &#8211; GRATUIT \u2013 OUVERT \u00c0 TOUS !<\/div>\n<div dir=\"auto\">Dimanche 25 avril 2021 \u2013 9h00\/11h30 : \u00e0 la d\u00e9couverte du triton cr\u00eat\u00e9.<\/div>\n<div dir=\"auto\">Samedi 3 juillet 2021 \u2013 14h00\/16h30 : \u00e0 la d\u00e9couverte des insectes des prairies.<\/div>\n<div dir=\"auto\">Samedi 28 ao\u00fbt 2021 \u2013 20h30\/23h00 : \u00e0 la d\u00e9couverte des chauves-souris et des papillons de nuit.<\/div>\n<div dir=\"auto\">Les lieux de rendez-vous vous seront communiqu\u00e9s ult\u00e9rieurement. Pr\u00e9voir n\u00e9anmoins bottes et lampe de poche selon les sorties.<\/div>\n<div dir=\"auto\">&nbsp; &nbsp; &nbsp;<\/div>\n<\/div>\n<div class=\"o9v6fnle cxmmr5t8 oygrvhab hcukyx3x c1et5uql ii04i59q\" style=\"text-align: justify;\">\n<div dir=\"auto\">STAGES NATURE ENFANTS \u2013 PARTICIPATION FINANCI\u00c8RE<\/div>\n<div dir=\"auto\">(Enfants \u00e2g\u00e9s de 6 \u00e0 15 ans) &#8211; Accueil au foyer communal des Autels.<\/div>\n<div dir=\"auto\">&#8211; Du 26 avril au 30 avril 2021 (vacances de P\u00e2ques).<\/div>\n<div dir=\"auto\">&#8211; Du 18 octobre au 22 octobre 2021 (vacances de la Toussaint).<\/div>\n<\/div>\n<div class=\"o9v6fnle cxmmr5t8 oygrvhab hcukyx3x c1et5uql ii04i59q\">\n<div dir=\"auto\" style=\"text-align: justify;\">Les modalit\u00e9s de r\u00e9servations et la participation financi\u00e8re vous seront communiqu\u00e9es ult\u00e9rieurement.<\/div>\n<\/div>\n<div dir=\"auto\"><\/div>\n<div dir=\"auto\"><a href=\"https:\/\/www.portes-de-thierache.fr\/wp-content\/uploads\/2021\/01\/carte-bocage-Franc-Bertin.jpg\"><img loading=\"lazy\" decoding=\"async\" src=\"https:\/\/www.portes-de-thierache.fr\/wp-content\/uploads\/2021\/01\/carte-bocage-Franc-Bertin-150x150.jpg\" alt=\"\" width=\"150\" height=\"150\" class=\"size-thumbnail wp-image-10605 alignleft\"><\/a><a href=\"https:\/\/www.portes-de-thierache.fr\/wp-content\/uploads\/2021\/01\/grenouille-logo-ovale.png\"><img loading=\"lazy\" decoding=\"async\" src=\"https:\/\/www.portes-de-thierache.fr\/wp-content\/uploads\/2021\/01\/grenouille-logo-ovale-150x150.png\" alt=\"\" width=\"150\" height=\"150\" class=\"size-thumbnail wp-image-10606 alignleft\"><\/a><a href=\"https:\/\/www.portes-de-thierache.fr\/wp-content\/uploads\/2021\/01\/ensemble-logos-Franc-Bertin.jpg\"><img loading=\"lazy\" decoding=\"async\" src=\"https:\/\/www.portes-de-thierache.fr\/wp-content\/uploads\/2021\/01\/ensemble-logos-Franc-Bertin-150x150.jpg\" alt=\"\" width=\"150\" height=\"150\" class=\"aligncenter size-thumbnail wp-image-10607\"><\/a><a href=\"https:\/\/www.portes-de-thierache.fr\/wp-content\/uploads\/2021\/01\/grenouille-logo-ovale.png\"><\/a><\/div>\n","protected":false},"excerpt":{"rendered":"<p>Tous \u00e0 vos agendas et cochez d\u2019ores et d\u00e9j\u00e0 les dates ! &nbsp; &nbsp;&nbsp; Cette ann\u00e9e : focus sur le bocage du Franc Bertin, site Natura 2000. Organis\u00e9es et financ\u00e9es par la CCPT, anim\u00e9es par le Centre Permanent d\u2019Initiatives pour l\u2019Environnement des Pays de l\u2019Aisne (CPIE), plusieurs sorties nature sont<a class=\"moretag\" href=\"https:\/\/www.portes-de-thierache.fr\/index.php\/2021\/01\/14\/calendrier-sorties-nature-sur-le-territoire-de-la-ccpt\/\"> Lire la suite<\/a><\/p>\n","protected":false},"author":4,"featured_media":10606,"comment_status":"closed","ping_status":"open","sticky":false,"template":"","format":"standard","meta":{"ngg_post_thumbnail":0,"footnotes":""},"categories":[29,72],"tags":[],"class_list":["post-10603","post","type-post","status-publish","format-standard","has-post-thumbnail","hentry","category-actualites","category-services-et-loisirs"],"_links":{"self":[{"href":"https:\/\/www.portes-de-thierache.fr\/index.php\/wp-json\/wp\/v2\/posts\/10603","targetHints":{"allow":["GET"]}}],"collection":[{"href":"https:\/\/www.portes-de-thierache.fr\/index.php\/wp-json\/wp\/v2\/posts"}],"about":[{"href":"https:\/\/www.portes-de-thierache.fr\/index.php\/wp-json\/wp\/v2\/types\/post"}],"author":[{"embeddable":true,"href":"https:\/\/www.portes-de-thierache.fr\/index.php\/wp-json\/wp\/v2\/users\/4"}],"replies":[{"embeddable":true,"href":"https:\/\/www.portes-de-thierache.fr\/index.php\/wp-json\/wp\/v2\/comments?post=10603"}],"version-history":[{"count":0,"href":"https:\/\/www.portes-de-thierache.fr\/index.php\/wp-json\/wp\/v2\/posts\/10603\/revisions"}],"wp:featuredmedia":[{"embeddable":true,"href":"https:\/\/www.portes-de-thierache.fr\/index.php\/wp-json\/wp\/v2\/media\/10606"}],"wp:attachment":[{"href":"https:\/\/www.portes-de-thierache.fr\/index.php\/wp-json\/wp\/v2\/media?parent=10603"}],"wp:term":[{"taxonomy":"category","embeddable":true,"href":"https:\/\/www.portes-de-thierache.fr\/index.php\/wp-json\/wp\/v2\/categories?post=10603"},{"taxonomy":"post_tag","embeddable":true,"href":"https:\/\/www.portes-de-thierache.fr\/index.php\/wp-json\/wp\/v2\/tags?post=10603"}],"curies":[{"name":"wp","href":"https:\/\/api.w.org\/{rel}","templated":true}]}}